{"id":160228,"date":"2020-03-30T20:19:58","date_gmt":"2020-03-30T23:19:58","guid":{"rendered":"http:\/\/aconteceunovale.com.br\/portal\/?p=160228"},"modified":"2020-03-30T20:20:45","modified_gmt":"2020-03-30T23:20:45","slug":"policia-civil-prende-suspeito-de-violencia-domestica-no-norte-de-minas","status":"publish","type":"post","link":"https:\/\/aconteceunovale.com.br\/portal\/?p=160228","title":{"rendered":"Pol\u00edcia Civil prende suspeito de viol\u00eancia dom\u00e9stica no Norte de Minas"},"content":{"rendered":"\n<p>A Pol\u00edcia Civil de Minas Gerais\nrealizou no munic\u00edpio de Monte Azul, no Norte de Minas, a pris\u00e3o de um jovem,\nde 18 anos, envolvido em crime de viol\u00eancia dom\u00e9stica, com base na Lei Maria da\nPenha (Lei n\u00ba 11340\/2006). O investigado havia sido apreendido quando ainda era\nmenor, em 2019, por suposto envolvimento com o tr\u00e1fico de drogas. Ap\u00f3s tr\u00eas\nmeses de interna\u00e7\u00e3o, ele teria tentado reatar o namoro com a v\u00edtima, sem \u00eaxito.\nDiante da negativa, passou a amea\u00e7ar a ex-namorada de morte, chegando,\ninclusive, a arremessar uma arma qu\u00edmica incendi\u00e1ria, conhecida como\n&#8220;Coquetel Molotov&#8221;, na casa dela.<\/p>\n\n\n\n<p>Diante da iminente amea\u00e7a \u00e0 integridade f\u00edsica da v\u00edtima, o Delegado Jo\u00e3o Paulo Ladeira Soares representou junto ao Poder Judici\u00e1rio pela ordem de pris\u00e3o preventiva do acusado. Ap\u00f3s deferimento, a equipe comandada pelo Delegado prendeu o jovem, dando cumprimento ao mandado de busca e apreens\u00e3o na casa do acusado. Uma por\u00e7\u00e3o de maconha foi encontrada na resid\u00eancia.<\/p>\n\n\n\n<figure class=\"wp-block-gallery columns-1 is-cropped wp-block-gallery-1 is-layout-flex wp-block-gallery-is-layout-flex\"><ul class=\"blocks-gallery-grid\"><li class=\"blocks-gallery-item\"><figure><img loading=\"lazy\" decoding=\"async\" width=\"597\" height=\"450\" src=\"http:\/\/aconteceunovale.com.br\/portal\/wp-content\/uploads\/2020\/03\/policia_monte_azul.jpg\" alt=\"\" data-id=\"160229\" class=\"wp-image-160229\" srcset=\"https:\/\/aconteceunovale.com.br\/portal\/wp-content\/uploads\/2020\/03\/policia_monte_azul.jpg 597w, https:\/\/aconteceunovale.com.br\/portal\/wp-content\/uploads\/2020\/03\/policia_monte_azul-300x226.jpg 300w, https:\/\/aconteceunovale.com.br\/portal\/wp-content\/uploads\/2020\/03\/policia_monte_azul-80x60.jpg 80w, https:\/\/aconteceunovale.com.br\/portal\/wp-content\/uploads\/2020\/03\/policia_monte_azul-557x420.jpg 557w\" sizes=\"auto, (max-width: 597px) 100vw, 597px\" \/><figcaption class=\"blocks-gallery-item__caption\"><em>Foto: Divulga\u00e7\u00e3o\/PCMG<\/em><\/figcaption><\/figure><\/li><\/ul><\/figure>\n\n\n\n<p class=\"has-background has-very-light-gray-background-color\">Quer saber as not\u00edcias do <strong>Aconteceu no Vale<\/strong> em primeira m\u00e3o? Siga-nos no Facebook <a rel=\"noreferrer noopener\" href=\"http:\/\/facebook.com\/aconteceunovale\" target=\"_blank\">@aconteceunovale<\/a>, Twitter <a rel=\"noreferrer noopener\" href=\"https:\/\/twitter.com\/noticiadosvales\" target=\"_blank\">@noticiadosvales<\/a> e Instagram <a rel=\"noreferrer noopener\" href=\"https:\/\/www.instagram.com\/aconteceunovale\" target=\"_blank\">@aconteceunovale<\/a>.<\/p>\n","protected":false},"excerpt":{"rendered":"<p>A Pol\u00edcia Civil de Minas Gerais realizou no munic\u00edpio de Monte Azul, no Norte de Minas, a pris\u00e3o de um jovem, de 18 anos, envolvido em crime de viol\u00eancia dom\u00e9stica, com base na Lei Maria da Penha (Lei n\u00ba 11340\/2006). O investigado havia sido apreendido quando ainda era menor, em 2019, por suposto envolvimento com [&hellip;]<\/p>\n","protected":false},"author":1,"featured_media":160229,"comment_status":"open","ping_status":"closed","sticky":false,"template":"","format":"standard","meta":{"amp_status":"","footnotes":""},"categories":[1236],"tags":[216116,1277,604,218613,218612,218614,145024],"class_list":["post-160228","post","type-post","status-publish","format-standard","has-post-thumbnail","hentry","category-norte_de_minas","tag-delegado-joao-paulo-ladeira-soares","tag-monte-azul","tag-pcmg","tag-policia-civil-de-monte-azul","tag-policia-civil-prende-suspeito-de-violencia-domestica-em-monte-azul","tag-policia-civil-prende-suspeito-de-violencia-domestica-no-norte-de-minas","tag-preso-em-monte-azul"],"_links":{"self":[{"href":"https:\/\/aconteceunovale.com.br\/portal\/index.php?rest_route=\/wp\/v2\/posts\/160228","targetHints":{"allow":["GET"]}}],"collection":[{"href":"https:\/\/aconteceunovale.com.br\/portal\/index.php?rest_route=\/wp\/v2\/posts"}],"about":[{"href":"https:\/\/aconteceunovale.com.br\/portal\/index.php?rest_route=\/wp\/v2\/types\/post"}],"author":[{"embeddable":true,"href":"https:\/\/aconteceunovale.com.br\/portal\/index.php?rest_route=\/wp\/v2\/users\/1"}],"replies":[{"embeddable":true,"href":"https:\/\/aconteceunovale.com.br\/portal\/index.php?rest_route=%2Fwp%2Fv2%2Fcomments&post=160228"}],"version-history":[{"count":1,"href":"https:\/\/aconteceunovale.com.br\/portal\/index.php?rest_route=\/wp\/v2\/posts\/160228\/revisions"}],"predecessor-version":[{"id":160230,"href":"https:\/\/aconteceunovale.com.br\/portal\/index.php?rest_route=\/wp\/v2\/posts\/160228\/revisions\/160230"}],"wp:featuredmedia":[{"embeddable":true,"href":"https:\/\/aconteceunovale.com.br\/portal\/index.php?rest_route=\/wp\/v2\/media\/160229"}],"wp:attachment":[{"href":"https:\/\/aconteceunovale.com.br\/portal\/index.php?rest_route=%2Fwp%2Fv2%2Fmedia&parent=160228"}],"wp:term":[{"taxonomy":"category","embeddable":true,"href":"https:\/\/aconteceunovale.com.br\/portal\/index.php?rest_route=%2Fwp%2Fv2%2Fcategories&post=160228"},{"taxonomy":"post_tag","embeddable":true,"href":"https:\/\/aconteceunovale.com.br\/portal\/index.php?rest_route=%2Fwp%2Fv2%2Ftags&post=160228"}],"curies":[{"name":"wp","href":"https:\/\/api.w.org\/{rel}","templated":true}]}}