{"id":160226,"date":"2020-03-30T20:06:04","date_gmt":"2020-03-30T23:06:04","guid":{"rendered":"http:\/\/aconteceunovale.com.br\/portal\/?p=160226"},"modified":"2020-03-30T20:06:31","modified_gmt":"2020-03-30T23:06:31","slug":"suspeitos-de-homicidio-tentado-sao-presos-em-pedra-azul","status":"publish","type":"post","link":"https:\/\/aconteceunovale.com.br\/portal\/?p=160226","title":{"rendered":"Suspeitos de homic\u00eddio tentado s\u00e3o presos em Pedra Azul"},"content":{"rendered":"\n<p>A Pol\u00edcia Civil de Minas Gerais,\ncom o apoio da Pol\u00edcia Militar, prendeu na \u00faltima sexta-feira (27\/03\/2020) dois\nsuspeitos de cometerem homic\u00eddio tentado na cidade de Pedra Azul. Um terceiro\ninvestigado, com mandado de pris\u00e3o em aberto, tamb\u00e9m foi preso em flagrante\ndurante a opera\u00e7\u00e3o.<\/p>\n\n\n\n<p>As pris\u00f5es s\u00e3o resultado da conclus\u00e3o\nde cinco inqu\u00e9ritos policiais que investigam crimes de roubo, homic\u00eddio tentado\ne homic\u00eddio ocorridos em Pedra Azul. Segundo apurado, um dos presos teria\ntentado matar um integrante de uma gangue rival, entretanto ele n\u00e3o acertou o\nalvo, mas alvejou uma adolescente de 12 anos que estava pr\u00f3xima ao local.<\/p>\n\n\n\n<p>Em cumprimento de mandado de busca e\napreens\u00e3o, foi apreendida, na resid\u00eancia de um dos suspeitos, uma arma de fogo\ndo mesmo calibre da que foi utilizada nos crimes. Al\u00e9m disso, outra arma tamb\u00e9m\nfoi apreendida com o preso em flagrante.<\/p>\n\n\n\n<p>As investiga\u00e7\u00f5es prosseguem a fim de prender outros envolvidos.<\/p>\n\n\n\n<p class=\"has-background has-very-light-gray-background-color\">Quer saber as not\u00edcias do <strong>Aconteceu no Vale<\/strong> em primeira m\u00e3o? Siga-nos no Facebook <a rel=\"noreferrer noopener\" href=\"http:\/\/facebook.com\/aconteceunovale\" target=\"_blank\">@aconteceunovale<\/a>, Twitter <a rel=\"noreferrer noopener\" href=\"https:\/\/twitter.com\/noticiadosvales\" target=\"_blank\">@noticiadosvales<\/a> e Instagram <a rel=\"noreferrer noopener\" href=\"https:\/\/www.instagram.com\/aconteceunovale\" target=\"_blank\">@aconteceunovale<\/a>.<\/p>\n","protected":false},"excerpt":{"rendered":"<p>A Pol\u00edcia Civil de Minas Gerais, com o apoio da Pol\u00edcia Militar, prendeu na \u00faltima sexta-feira (27\/03\/2020) dois suspeitos de cometerem homic\u00eddio tentado na cidade de Pedra Azul. Um terceiro investigado, com mandado de pris\u00e3o em aberto, tamb\u00e9m foi preso em flagrante durante a opera\u00e7\u00e3o. As pris\u00f5es s\u00e3o resultado da conclus\u00e3o de cinco inqu\u00e9ritos policiais [&hellip;]<\/p>\n","protected":false},"author":1,"featured_media":151866,"comment_status":"open","ping_status":"closed","sticky":false,"template":"","format":"standard","meta":{"amp_status":"","footnotes":""},"categories":[120],"tags":[218611,604,455,61817,30180,218610],"class_list":["post-160226","post","type-post","status-publish","format-standard","has-post-thumbnail","hentry","category-jequi","tag-homicidio-tentado-em-pedra-azul","tag-pcmg","tag-pedra-azul","tag-policia-civil-de-pedra-azul","tag-presos-em-pedra-azul","tag-suspeitos-de-homicidio-tentado-sao-presos-em-pedra-azul"],"_links":{"self":[{"href":"https:\/\/aconteceunovale.com.br\/portal\/index.php?rest_route=\/wp\/v2\/posts\/160226","targetHints":{"allow":["GET"]}}],"collection":[{"href":"https:\/\/aconteceunovale.com.br\/portal\/index.php?rest_route=\/wp\/v2\/posts"}],"about":[{"href":"https:\/\/aconteceunovale.com.br\/portal\/index.php?rest_route=\/wp\/v2\/types\/post"}],"author":[{"embeddable":true,"href":"https:\/\/aconteceunovale.com.br\/portal\/index.php?rest_route=\/wp\/v2\/users\/1"}],"replies":[{"embeddable":true,"href":"https:\/\/aconteceunovale.com.br\/portal\/index.php?rest_route=%2Fwp%2Fv2%2Fcomments&post=160226"}],"version-history":[{"count":1,"href":"https:\/\/aconteceunovale.com.br\/portal\/index.php?rest_route=\/wp\/v2\/posts\/160226\/revisions"}],"predecessor-version":[{"id":160227,"href":"https:\/\/aconteceunovale.com.br\/portal\/index.php?rest_route=\/wp\/v2\/posts\/160226\/revisions\/160227"}],"wp:featuredmedia":[{"embeddable":true,"href":"https:\/\/aconteceunovale.com.br\/portal\/index.php?rest_route=\/wp\/v2\/media\/151866"}],"wp:attachment":[{"href":"https:\/\/aconteceunovale.com.br\/portal\/index.php?rest_route=%2Fwp%2Fv2%2Fmedia&parent=160226"}],"wp:term":[{"taxonomy":"category","embeddable":true,"href":"https:\/\/aconteceunovale.com.br\/portal\/index.php?rest_route=%2Fwp%2Fv2%2Fcategories&post=160226"},{"taxonomy":"post_tag","embeddable":true,"href":"https:\/\/aconteceunovale.com.br\/portal\/index.php?rest_route=%2Fwp%2Fv2%2Ftags&post=160226"}],"curies":[{"name":"wp","href":"https:\/\/api.w.org\/{rel}","templated":true}]}}