{"id":160224,"date":"2020-03-30T19:59:44","date_gmt":"2020-03-30T22:59:44","guid":{"rendered":"http:\/\/aconteceunovale.com.br\/portal\/?p=160224"},"modified":"2020-03-30T20:00:36","modified_gmt":"2020-03-30T23:00:36","slug":"justica-do-trabalho-libera-r-123-mil-para-compra-de-insumos-hospitalares-em-nanuque","status":"publish","type":"post","link":"https:\/\/aconteceunovale.com.br\/portal\/?p=160224","title":{"rendered":"Justi\u00e7a do Trabalho libera R$ 123 mil para compra de insumos hospitalares em Nanuque"},"content":{"rendered":"\n<p>O juiz da Vara do Trabalho de Nanuque, Nelson Henrique Rezende Pereira, liberou, a pedido do Minist\u00e9rio P\u00fablico do Trabalho, o valor de R$ 123.534,00 ao Escrit\u00f3rio das Na\u00e7\u00f5es Unidas de Servi\u00e7os para Projetos-UNOPS. Os recursos, provenientes de a\u00e7\u00e3o civil p\u00fablica ajuizada pelo MPT, ser\u00e3o destinados \u00e0 aquisi\u00e7\u00e3o de material hospitalar para o Munic\u00edpio de Nanuque, no Vale do Mucuri, refor\u00e7ando a\u00e7\u00f5es de enfrentamento ao coronav\u00edrus.<\/p>\n\n\n\n<p>O magistrado destacou na decis\u00e3o que, embora \u201c<em>compreenda as prementes necessidades das institui\u00e7\u00f5es outrora poss\u00edveis destinat\u00e1rias dos recursos, n\u00e3o h\u00e1 como pretender que sejam ignoradas as circunst\u00e2ncias que se externam no cen\u00e1rio mundial e, mais especificamente, no Munic\u00edpio de Nanuque, que, apesar de ter de fazer frente \u00e0 demanda de sa\u00fade p\u00fablica esperada para as pr\u00f3ximas semanas, enfrenta grave crise financeira h\u00e1 muito tempo<\/em>\u201d.<\/p>\n\n\n\n<p>Ele destacou a precariedade da estrutura de sa\u00fade p\u00fablica local para fazer face ao atendimento da demanda que se apresenta \u00e0 gest\u00e3o do munic\u00edpio, bem como a necessidade de que o Poder Judici\u00e1rio adote todas as medidas \u00e0 sua disposi\u00e7\u00e3o para colaborar no enfrentamento e supera\u00e7\u00e3o da epidemia que se instalou.&nbsp;<\/p>\n\n\n\n<p>A decis\u00e3o se baseou no pedido do MPT, no estado de calamidade p\u00fablica reconhecido pelo Decreto Legislativo n\u00ba 6, de 20\/3\/2020, do Congresso Nacional e na emerg\u00eancia de sa\u00fade p\u00fablica de import\u00e2ncia internacional decorrente do coronav\u00edrus (Covid-19), declarada pela OMS. Para o magistrado, \u00e9 importante tamb\u00e9m considerar as dilig\u00eancias necess\u00e1rias \u00e0 melhor administra\u00e7\u00e3o das circunst\u00e2ncias que se apresentam, \u00e0 luz das rotinas de controle e aten\u00e7\u00e3o \u00e0 popula\u00e7\u00e3o, estabelecidas pela Lei 13.979\/2020, especificadas pela Portaria 454, de 20\/3\/2020, do Minist\u00e9rio da Sa\u00fade, bem como a raz\u00e3o de ser das medidas constantes da Recomenda\u00e7\u00e3o n\u00ba 62, de 20\/3\/2020, do Conselho Nacional de Justi\u00e7a,&nbsp; voltadas \u00e0 redu\u00e7\u00e3o e controle da propaga\u00e7\u00e3o da infec\u00e7\u00e3o epid\u00eamica.<\/p>\n\n\n\n<p>O controle dos gastos e a fiscaliza\u00e7\u00e3o da aplica\u00e7\u00e3o dos insumos adquiridos ser\u00e3o assegurados pelo MPT.<\/p>\n\n\n\n<p class=\"has-background has-very-light-gray-background-color\">Quer saber as not\u00edcias do <strong>Aconteceu no Vale<\/strong> em primeira m\u00e3o? Siga-nos no Facebook <a rel=\"noreferrer noopener\" href=\"http:\/\/facebook.com\/aconteceunovale\" target=\"_blank\">@aconteceunovale<\/a>, Twitter <a rel=\"noreferrer noopener\" href=\"https:\/\/twitter.com\/noticiadosvales\" target=\"_blank\">@noticiadosvales<\/a> e Instagram <a rel=\"noreferrer noopener\" href=\"https:\/\/www.instagram.com\/aconteceunovale\" target=\"_blank\">@aconteceunovale<\/a>.<\/p>\n","protected":false},"excerpt":{"rendered":"<p>O juiz da Vara do Trabalho de Nanuque, Nelson Henrique Rezende Pereira, liberou, a pedido do Minist\u00e9rio P\u00fablico do Trabalho, o valor de R$ 123.534,00 ao Escrit\u00f3rio das Na\u00e7\u00f5es Unidas de Servi\u00e7os para Projetos-UNOPS. Os recursos, provenientes de a\u00e7\u00e3o civil p\u00fablica ajuizada pelo MPT, ser\u00e3o destinados \u00e0 aquisi\u00e7\u00e3o de material hospitalar para o Munic\u00edpio de [&hellip;]<\/p>\n","protected":false},"author":1,"featured_media":90958,"comment_status":"open","ping_status":"closed","sticky":false,"template":"","format":"standard","meta":{"amp_status":"","footnotes":""},"categories":[40242,122],"tags":[214884,218608,216498,218607,218604,218603,218609,152120,252,218605,63697,218606,206304],"class_list":["post-160224","post","type-post","status-publish","format-standard","has-post-thumbnail","hentry","category-saude-2","category-mucuri","tag-coronavirus","tag-coronavirus-nanuque","tag-covid-19","tag-covid-19-nanuque","tag-escritorio-das-nacoes-unidas-de-servicos-para-projetos","tag-jt-mg","tag-justica-do-trabalho-libera-r-123-mil-para-compra-de-insumos-hospitalares-em-nanuque","tag-mpt-mg","tag-nanuque","tag-nelson-henrique-rezende-pereira","tag-trt-mg","tag-unops","tag-vara-do-trabalho-de-nanuque"],"_links":{"self":[{"href":"https:\/\/aconteceunovale.com.br\/portal\/index.php?rest_route=\/wp\/v2\/posts\/160224","targetHints":{"allow":["GET"]}}],"collection":[{"href":"https:\/\/aconteceunovale.com.br\/portal\/index.php?rest_route=\/wp\/v2\/posts"}],"about":[{"href":"https:\/\/aconteceunovale.com.br\/portal\/index.php?rest_route=\/wp\/v2\/types\/post"}],"author":[{"embeddable":true,"href":"https:\/\/aconteceunovale.com.br\/portal\/index.php?rest_route=\/wp\/v2\/users\/1"}],"replies":[{"embeddable":true,"href":"https:\/\/aconteceunovale.com.br\/portal\/index.php?rest_route=%2Fwp%2Fv2%2Fcomments&post=160224"}],"version-history":[{"count":1,"href":"https:\/\/aconteceunovale.com.br\/portal\/index.php?rest_route=\/wp\/v2\/posts\/160224\/revisions"}],"predecessor-version":[{"id":160225,"href":"https:\/\/aconteceunovale.com.br\/portal\/index.php?rest_route=\/wp\/v2\/posts\/160224\/revisions\/160225"}],"wp:featuredmedia":[{"embeddable":true,"href":"https:\/\/aconteceunovale.com.br\/portal\/index.php?rest_route=\/wp\/v2\/media\/90958"}],"wp:attachment":[{"href":"https:\/\/aconteceunovale.com.br\/portal\/index.php?rest_route=%2Fwp%2Fv2%2Fmedia&parent=160224"}],"wp:term":[{"taxonomy":"category","embeddable":true,"href":"https:\/\/aconteceunovale.com.br\/portal\/index.php?rest_route=%2Fwp%2Fv2%2Fcategories&post=160224"},{"taxonomy":"post_tag","embeddable":true,"href":"https:\/\/aconteceunovale.com.br\/portal\/index.php?rest_route=%2Fwp%2Fv2%2Ftags&post=160224"}],"curies":[{"name":"wp","href":"https:\/\/api.w.org\/{rel}","templated":true}]}}