{"id":160153,"date":"2020-03-28T18:30:27","date_gmt":"2020-03-28T21:30:27","guid":{"rendered":"http:\/\/aconteceunovale.com.br\/portal\/?p=160153"},"modified":"2020-03-28T18:30:51","modified_gmt":"2020-03-28T21:30:51","slug":"primeira-morte-por-coronavirus-no-piaui-e-de-um-prefeito","status":"publish","type":"post","link":"https:\/\/aconteceunovale.com.br\/portal\/?p=160153","title":{"rendered":"Primeira morte por coronav\u00edrus no Piau\u00ed \u00e9 de um prefeito"},"content":{"rendered":"\n<p>A primeira morte por infec\u00e7\u00e3o do novo coronav\u00edrus (Covid-19) no\nPiau\u00ed foi de um prefeito. Ant\u00f4nio Nonato Lima Gomes, de 57 anos, chefe do Executivo\nMunicipal de S\u00e3o Jos\u00e9 do Divino, foi eleito pelo PT. A informa\u00e7\u00e3o foi\nconfirmada pela Secretaria de Sa\u00fade do Estado e pelo governador Wellington\nDias.<\/p>\n\n\n\n<p>Conhecido como Ant\u00f4nio Fel\u00edcia, o prefeito faleceu na madrugada\ndo dia 27. A confirma\u00e7\u00e3o da causa da morte veio ap\u00f3s exame divulgado hoje (28)\npelo Laborat\u00f3rio Central de Sa\u00fade P\u00fablica (Lacen) do Piau\u00ed.<\/p>\n\n\n\n<p>\u201cTudo aconteceu muito rapidamente. Imediatamente ap\u00f3s ter tido\nos sintomas, ele se dirigiu ao hospital e infelizmente veio a \u00f3bito logo em\nseguida. \u00c9 com muita tristeza [que comunico isso]. Ant\u00f4nio \u00e9 do meu partido e \u00e9\num amigo pessoal\u201d, disse o governador Wellington Dias via redes sociais.<\/p>\n\n\n\n<p>Segundo Dias, uma equipe de vigil\u00e2ncia epidemiol\u00f3gica j\u00e1 se\ndirigiu \u00e0 regi\u00e3o para fazer mapeamento de todas as pessoas que tiveram contato\ncom o prefeito.<\/p>\n\n\n\n<p>\u201cVamos seguir todo protocolo da OMS [Organiza\u00e7\u00e3o Mundial da\nSa\u00fade], do Minist\u00e9rio da Sa\u00fade e do nosso comit\u00ea de organiza\u00e7\u00e3o emergencial\u201d,\nacrescentou ao pedir que todas pessoas que tiveram contato com o prefeito j\u00e1\ndeem in\u00edcio ao isolamento social.<\/p>\n\n\n\n<p>De acordo com o governador, o Piau\u00ed j\u00e1 tem 11 casos confirmados de covid-19. E agora, uma morte.<\/p>\n\n\n\n<figure class=\"wp-block-gallery columns-1 is-cropped wp-block-gallery-1 is-layout-flex wp-block-gallery-is-layout-flex\"><ul class=\"blocks-gallery-grid\"><li class=\"blocks-gallery-item\"><figure><img loading=\"lazy\" decoding=\"async\" width=\"678\" height=\"407\" src=\"http:\/\/aconteceunovale.com.br\/portal\/wp-content\/uploads\/2020\/03\/prefeito_piaui.jpeg\" alt=\"\" data-id=\"160154\" data-full-url=\"http:\/\/aconteceunovale.com.br\/portal\/wp-content\/uploads\/2020\/03\/prefeito_piaui.jpeg\" data-link=\"http:\/\/aconteceunovale.com.br\/portal\/?attachment_id=160154\" class=\"wp-image-160154\" srcset=\"https:\/\/aconteceunovale.com.br\/portal\/wp-content\/uploads\/2020\/03\/prefeito_piaui.jpeg 678w, https:\/\/aconteceunovale.com.br\/portal\/wp-content\/uploads\/2020\/03\/prefeito_piaui-300x180.jpeg 300w\" sizes=\"auto, (max-width: 678px) 100vw, 678px\" \/><figcaption class=\"blocks-gallery-item__caption\"><em> Antonio Nonato Lima Gomes &#8211; Foto: Divulga\u00e7\u00e3o\/ Prefeitura de S\u00e3o Jos\u00e9 do Divino <\/em><\/figcaption><\/figure><\/li><\/ul><\/figure>\n\n\n\n<p class=\"has-background has-very-light-gray-background-color\">Quer saber as not\u00edcias do <strong>Aconteceu no Vale<\/strong> em primeira m\u00e3o? Siga-nos no Facebook <a rel=\"noreferrer noopener\" href=\"http:\/\/facebook.com\/aconteceunovale\" target=\"_blank\">@aconteceunovale<\/a>, Twitter <a rel=\"noreferrer noopener\" href=\"https:\/\/twitter.com\/noticiadosvales\" target=\"_blank\">@noticiadosvales<\/a> e Instagram <a rel=\"noreferrer noopener\" href=\"https:\/\/www.instagram.com\/aconteceunovale\" target=\"_blank\">@aconteceunovale<\/a>.<\/p>\n","protected":false},"excerpt":{"rendered":"<p>A primeira morte por infec\u00e7\u00e3o do novo coronav\u00edrus (Covid-19) no Piau\u00ed foi de um prefeito. Ant\u00f4nio Nonato Lima Gomes, de 57 anos, chefe do Executivo Municipal de S\u00e3o Jos\u00e9 do Divino, foi eleito pelo PT. A informa\u00e7\u00e3o foi confirmada pela Secretaria de Sa\u00fade do Estado e pelo governador Wellington Dias. Conhecido como Ant\u00f4nio Fel\u00edcia, o [&hellip;]<\/p>\n","protected":false},"author":1,"featured_media":160154,"comment_status":"open","ping_status":"closed","sticky":false,"template":"","format":"standard","meta":{"amp_status":"","footnotes":""},"categories":[6,40240,40242],"tags":[218494,218489,214884,218486,216498,218487,218492,218490,218493,218485,218495,218488,320,218491],"class_list":["post-160153","post","type-post","status-publish","format-standard","has-post-thumbnail","hentry","category-br","category-politica-2","category-saude-2","tag-antonio-felicia","tag-antonio-nonato-lima-gomes","tag-coronavirus","tag-coronavirus-no-piaui","tag-covid-19","tag-covid-19-no-piaui","tag-morte-do-prefeito-de-sao-jose-do-divino","tag-prefeito-de-sao-jose-do-divino","tag-prefeito-do-pt-morre-de-coronavirus","tag-primeira-morte-por-coronavirus-no-piaui","tag-primeira-morte-por-coronavirus-no-piaui-e-de-um-prefeito","tag-primeira-morte-por-covid-19-no-piaui","tag-sao-jose-do-divino","tag-wellington-dias"],"_links":{"self":[{"href":"https:\/\/aconteceunovale.com.br\/portal\/index.php?rest_route=\/wp\/v2\/posts\/160153","targetHints":{"allow":["GET"]}}],"collection":[{"href":"https:\/\/aconteceunovale.com.br\/portal\/index.php?rest_route=\/wp\/v2\/posts"}],"about":[{"href":"https:\/\/aconteceunovale.com.br\/portal\/index.php?rest_route=\/wp\/v2\/types\/post"}],"author":[{"embeddable":true,"href":"https:\/\/aconteceunovale.com.br\/portal\/index.php?rest_route=\/wp\/v2\/users\/1"}],"replies":[{"embeddable":true,"href":"https:\/\/aconteceunovale.com.br\/portal\/index.php?rest_route=%2Fwp%2Fv2%2Fcomments&post=160153"}],"version-history":[{"count":1,"href":"https:\/\/aconteceunovale.com.br\/portal\/index.php?rest_route=\/wp\/v2\/posts\/160153\/revisions"}],"predecessor-version":[{"id":160155,"href":"https:\/\/aconteceunovale.com.br\/portal\/index.php?rest_route=\/wp\/v2\/posts\/160153\/revisions\/160155"}],"wp:featuredmedia":[{"embeddable":true,"href":"https:\/\/aconteceunovale.com.br\/portal\/index.php?rest_route=\/wp\/v2\/media\/160154"}],"wp:attachment":[{"href":"https:\/\/aconteceunovale.com.br\/portal\/index.php?rest_route=%2Fwp%2Fv2%2Fmedia&parent=160153"}],"wp:term":[{"taxonomy":"category","embeddable":true,"href":"https:\/\/aconteceunovale.com.br\/portal\/index.php?rest_route=%2Fwp%2Fv2%2Fcategories&post=160153"},{"taxonomy":"post_tag","embeddable":true,"href":"https:\/\/aconteceunovale.com.br\/portal\/index.php?rest_route=%2Fwp%2Fv2%2Ftags&post=160153"}],"curies":[{"name":"wp","href":"https:\/\/api.w.org\/{rel}","templated":true}]}}