{"id":160144,"date":"2020-03-27T23:10:00","date_gmt":"2020-03-28T02:10:00","guid":{"rendered":"http:\/\/aconteceunovale.com.br\/portal\/?p=160144"},"modified":"2020-03-27T23:12:09","modified_gmt":"2020-03-28T02:12:09","slug":"governador-anuncia-estudo-para-avaliar-reabertura-do-comercio-em-minas","status":"publish","type":"post","link":"https:\/\/aconteceunovale.com.br\/portal\/?p=160144","title":{"rendered":"Governador anuncia estudo para avaliar reabertura do com\u00e9rcio em Minas"},"content":{"rendered":"\n<p>O governador Romeu Zema afirmou, nesta sexta-feira (27\/3), que a prioridade do\u00a0Governo de Minas\u00a0continua sendo a preserva\u00e7\u00e3o da sa\u00fade e da vida de todos: crian\u00e7as, jovens e idosos. A declara\u00e7\u00e3o foi feita durante\u00a0pronunciamento do governador, transmitido ao vivo pelas redes sociais, sobre as medidas de combate ao Covid-19. Zema tamb\u00e9m anunciou o in\u00edcio de um estudo para avaliar a possibilidade de liberar o funcionamento de alguns empreendimentos. E lembrou que as a\u00e7\u00f5es iniciais do governo foram essenciais para evitar que o coronav\u00edrus se espalhasse rapidamente.<\/p>\n\n\n\n<p>&nbsp;\u201cVamos ver o que ser\u00e1 poss\u00edvel fazer no sentido de come\u00e7armos a reativar alguns setores. Tudo ser\u00e1 feito com o maior crit\u00e9rio\u201d, disse. O governador explicou que as medidas,&nbsp;tomadas ap\u00f3s ampla avalia\u00e7\u00e3o, estar\u00e3o sujeitas a altera\u00e7\u00f5es, caso o monitoramento realizado 24 horas pelo governo aponte a necessidade de determinar novamente o fechamento de empresas, para evitar riscos \u00e0 popula\u00e7\u00e3o.<\/p>\n\n\n\n<p>\u201cEstamos otimistas de que ser\u00e1 poss\u00edvel liberar algumas atividades em algumas \u00e1reas. As regi\u00f5es t\u00eam realidades distintas. E, por isso, o coronav\u00edrus se espalhou de forma desigual\u201d, ressaltou. O governador ainda esclareceu que a an\u00e1lise levar\u00e1 em conta especificidades de cada munic\u00edpio. E garantiu que as considera\u00e7\u00f5es dos prefeitos ser\u00e3o parte da&nbsp;tomada de&nbsp;decis\u00e3o, ap\u00f3s o estudo.<\/p>\n\n\n\n<p>Zema deixou claro que n\u00e3o est\u00e1 determinando a reabertura do com\u00e9rcio, mas garantindo que a situa\u00e7\u00e3o de cada setor seja analisada com responsabilidade.<\/p>\n\n\n\n<p>Caso a avalia\u00e7\u00e3o indique abertura de determinados estabelecimentos, os sindicatos dever\u00e3o assegurar medidas que garantam a seguran\u00e7a dos trabalhadores. Havendo a possibilidade de retomada das atividades, as empresas dever\u00e3o adotar pr\u00e1ticas sanit\u00e1rias, escala de revezamento, altera\u00e7\u00e3o de jornada, al\u00e9m de evitar o contato de clientes, de funcion\u00e1rios e oferecer atendimento e assist\u00eancia ao grupo de risco, como idosos, pessoas com doen\u00e7a cr\u00f4nica e\u00a0gestantes. <\/p>\n\n\n\n<figure class=\"wp-block-gallery columns-1 is-cropped wp-block-gallery-1 is-layout-flex wp-block-gallery-is-layout-flex\"><ul class=\"blocks-gallery-grid\"><li class=\"blocks-gallery-item\"><figure><img loading=\"lazy\" decoding=\"async\" width=\"678\" height=\"434\" src=\"http:\/\/aconteceunovale.com.br\/portal\/wp-content\/uploads\/2020\/03\/zema_comercio.jpeg\" alt=\"\" data-id=\"160145\" class=\"wp-image-160145\" srcset=\"https:\/\/aconteceunovale.com.br\/portal\/wp-content\/uploads\/2020\/03\/zema_comercio.jpeg 678w, https:\/\/aconteceunovale.com.br\/portal\/wp-content\/uploads\/2020\/03\/zema_comercio-300x192.jpeg 300w, https:\/\/aconteceunovale.com.br\/portal\/wp-content\/uploads\/2020\/03\/zema_comercio-656x420.jpeg 656w\" sizes=\"auto, (max-width: 678px) 100vw, 678px\" \/><figcaption class=\"blocks-gallery-item__caption\"><em>Foto: Caroline Lopes \/ Ag\u00eancia Minas<\/em><\/figcaption><\/figure><\/li><\/ul><\/figure>\n\n\n\n<p class=\"has-background has-very-light-gray-background-color\">Quer saber as not\u00edcias do <strong>Aconteceu no Vale<\/strong> em primeira m\u00e3o? Siga-nos no Facebook <a rel=\"noreferrer noopener\" href=\"http:\/\/facebook.com\/aconteceunovale\" target=\"_blank\">@aconteceunovale<\/a>, Twitter <a rel=\"noreferrer noopener\" href=\"https:\/\/twitter.com\/noticiadosvales\" target=\"_blank\">@noticiadosvales<\/a> e Instagram <a rel=\"noreferrer noopener\" href=\"https:\/\/www.instagram.com\/aconteceunovale\" target=\"_blank\">@aconteceunovale<\/a>.<\/p>\n","protected":false},"excerpt":{"rendered":"<p>O governador Romeu Zema afirmou, nesta sexta-feira (27\/3), que a prioridade do\u00a0Governo de Minas\u00a0continua sendo a preserva\u00e7\u00e3o da sa\u00fade e da vida de todos: crian\u00e7as, jovens e idosos. A declara\u00e7\u00e3o foi feita durante\u00a0pronunciamento do governador, transmitido ao vivo pelas redes sociais, sobre as medidas de combate ao Covid-19. Zema tamb\u00e9m anunciou o in\u00edcio de um [&hellip;]<\/p>\n","protected":false},"author":1,"featured_media":160145,"comment_status":"open","ping_status":"closed","sticky":false,"template":"","format":"standard","meta":{"amp_status":"","footnotes":""},"categories":[123],"tags":[218483,214884,216498,218480,184213,218484,218482,218481,178207,181383],"class_list":["post-160144","post","type-post","status-publish","format-standard","has-post-thumbnail","hentry","category-gerais","tag-comercio-fechado-em-minas-gerais","tag-coronavirus","tag-covid-19","tag-governador-anuncia-estudo-para-avaliar-reabertura-do-comercio-em-minas","tag-governador-romeu-zema","tag-isolamento-social-em-minas-gerais","tag-quarentena-em-minas-gerais","tag-reabertura-do-comercio-de-minas-gerais","tag-romeu-zema","tag-zema"],"_links":{"self":[{"href":"https:\/\/aconteceunovale.com.br\/portal\/index.php?rest_route=\/wp\/v2\/posts\/160144","targetHints":{"allow":["GET"]}}],"collection":[{"href":"https:\/\/aconteceunovale.com.br\/portal\/index.php?rest_route=\/wp\/v2\/posts"}],"about":[{"href":"https:\/\/aconteceunovale.com.br\/portal\/index.php?rest_route=\/wp\/v2\/types\/post"}],"author":[{"embeddable":true,"href":"https:\/\/aconteceunovale.com.br\/portal\/index.php?rest_route=\/wp\/v2\/users\/1"}],"replies":[{"embeddable":true,"href":"https:\/\/aconteceunovale.com.br\/portal\/index.php?rest_route=%2Fwp%2Fv2%2Fcomments&post=160144"}],"version-history":[{"count":1,"href":"https:\/\/aconteceunovale.com.br\/portal\/index.php?rest_route=\/wp\/v2\/posts\/160144\/revisions"}],"predecessor-version":[{"id":160146,"href":"https:\/\/aconteceunovale.com.br\/portal\/index.php?rest_route=\/wp\/v2\/posts\/160144\/revisions\/160146"}],"wp:featuredmedia":[{"embeddable":true,"href":"https:\/\/aconteceunovale.com.br\/portal\/index.php?rest_route=\/wp\/v2\/media\/160145"}],"wp:attachment":[{"href":"https:\/\/aconteceunovale.com.br\/portal\/index.php?rest_route=%2Fwp%2Fv2%2Fmedia&parent=160144"}],"wp:term":[{"taxonomy":"category","embeddable":true,"href":"https:\/\/aconteceunovale.com.br\/portal\/index.php?rest_route=%2Fwp%2Fv2%2Fcategories&post=160144"},{"taxonomy":"post_tag","embeddable":true,"href":"https:\/\/aconteceunovale.com.br\/portal\/index.php?rest_route=%2Fwp%2Fv2%2Ftags&post=160144"}],"curies":[{"name":"wp","href":"https:\/\/api.w.org\/{rel}","templated":true}]}}