{"id":160139,"date":"2020-03-27T20:46:04","date_gmt":"2020-03-27T23:46:04","guid":{"rendered":"http:\/\/aconteceunovale.com.br\/portal\/?p=160139"},"modified":"2020-03-27T20:52:10","modified_gmt":"2020-03-27T23:52:10","slug":"confirmado-o-segundo-caso-de-coronavirus-em-governador-valadares","status":"publish","type":"post","link":"https:\/\/aconteceunovale.com.br\/portal\/?p=160139","title":{"rendered":"Confirmado o segundo caso de coronav\u00edrus em Governador Valadares"},"content":{"rendered":"\n<p>Subiu para dois o n\u00famero de casos confirmados do novo coronav\u00edrus (Covid-19) em Governador Valadares (MG). A informa\u00e7\u00e3o foi divulgada pela prefeitura do munic\u00edpio na noite desta sexta-feira (27\/03\/2020).<\/p>\n\n\n\n<p>Segundo o comunicado publicado na p\u00e1gina institucional do munic\u00edpio, trata-se de uma mulher, de 28 anos, vinda do Estado de S\u00e3o Paulo. Ela est\u00e1 em quarentena domiciliar. <\/p>\n\n\n\n<p>Ainda segundo a Prefeitura de Governador Valadares, a\nconfirma\u00e7\u00e3o foi enviada pela Secretaria de Estado de Sa\u00fade \u00e0s 18h40 desta\nsexta-feira (27). <\/p>\n\n\n\n<p>O primeiro caso da doen\u00e7a na cidade foi confirmado na noite de ter\u00e7a-feira (24). A paciente \u00e9 uma idosa de 66 anos e tamb\u00e9m est\u00e1 em isolamento domiciliar. <\/p>\n\n\n\n<p><strong>Nota da prefeitura:<\/strong><\/p>\n\n\n\n<figure class=\"wp-block-image size-large\"><img loading=\"lazy\" decoding=\"async\" width=\"450\" height=\"450\" src=\"http:\/\/aconteceunovale.com.br\/portal\/wp-content\/uploads\/2020\/03\/nota_caso_gv_2.jpg\" alt=\"\" class=\"wp-image-160140\" srcset=\"https:\/\/aconteceunovale.com.br\/portal\/wp-content\/uploads\/2020\/03\/nota_caso_gv_2.jpg 450w, https:\/\/aconteceunovale.com.br\/portal\/wp-content\/uploads\/2020\/03\/nota_caso_gv_2-300x300.jpg 300w, https:\/\/aconteceunovale.com.br\/portal\/wp-content\/uploads\/2020\/03\/nota_caso_gv_2-150x150.jpg 150w, https:\/\/aconteceunovale.com.br\/portal\/wp-content\/uploads\/2020\/03\/nota_caso_gv_2-420x420.jpg 420w\" sizes=\"auto, (max-width: 450px) 100vw, 450px\" \/><\/figure>\n\n\n\n<p class=\"has-text-color has-background has-very-light-gray-color has-very-dark-gray-background-color\">Quer saber as not\u00edcias do <strong>Aconteceu no Vale<\/strong> em primeira m\u00e3o? Siga-nos no Facebook <a rel=\"noreferrer noopener\" href=\"http:\/\/facebook.com\/aconteceunovale\" target=\"_blank\">@aconteceunovale<\/a>, Twitter <a rel=\"noreferrer noopener\" href=\"https:\/\/twitter.com\/noticiadosvales\" target=\"_blank\">@noticiadosvales<\/a> e Instagram <a rel=\"noreferrer noopener\" href=\"https:\/\/www.instagram.com\/aconteceunovale\" target=\"_blank\">@aconteceunovale<\/a>.<\/p>\n","protected":false},"excerpt":{"rendered":"<p>Subiu para dois o n\u00famero de casos confirmados do novo coronav\u00edrus (Covid-19) em Governador Valadares (MG). A informa\u00e7\u00e3o foi divulgada pela prefeitura do munic\u00edpio na noite desta sexta-feira (27\/03\/2020). Segundo o comunicado publicado na p\u00e1gina institucional do munic\u00edpio, trata-se de uma mulher, de 28 anos, vinda do Estado de S\u00e3o Paulo. Ela est\u00e1 em quarentena [&hellip;]<\/p>\n","protected":false},"author":1,"featured_media":160141,"comment_status":"open","ping_status":"closed","sticky":false,"template":"","format":"standard","meta":{"amp_status":"","footnotes":""},"categories":[121,40242],"tags":[218305,218290,218301,218306,218293,218300,218303,218288,218296,218479,218094,218292,218297,218304,218289,218298,1018,247,18800,218308,218294,218302,35082,218295,213623,18801,218307,218291,218299],"class_list":["post-160139","post","type-post","status-publish","format-standard","has-post-thumbnail","hentry","category-leste","category-saude-2","tag-caso-confirmado-de-coronavirus-em-governador-valadares","tag-caso-confirmado-de-coronavirus-em-gv","tag-caso-confirmado-de-coronavirus-em-valadares","tag-caso-de-coronavirus-em-governador-valadares","tag-caso-de-coronavirus-em-gv","tag-caso-de-coronavirus-em-valadares","tag-confirmado-o-primeiro-caso-de-coronavirus-em-governador-valadares","tag-confirmado-o-primeiro-caso-de-coronavirus-em-gv","tag-confirmado-o-primeiro-caso-de-coronavirus-em-valadares","tag-confirmado-o-segundo-caso-de-coronavirus-em-governador-valadares","tag-coronavirus-em-governador-valadares","tag-coronavirus-em-gv","tag-coronavirus-em-valadares","tag-covid-19-em-governador-valadares","tag-covid-19-em-gv","tag-covid-19-em-valadares","tag-destaque","tag-governador-valadares","tag-gv","tag-infectada-com-coronavirus-em-governador-valadares","tag-infectada-com-coronavirus-em-gv","tag-infectada-com-coronavirus-em-valadares","tag-prefeitura-de-governador-valadares","tag-prefeitura-de-gv","tag-prefeitura-de-valadares","tag-valadares","tag-vitima-de-coronavirus-em-governador-valadares","tag-vitima-de-coronavirus-em-gv","tag-vitima-de-coronavirus-em-valadares"],"_links":{"self":[{"href":"https:\/\/aconteceunovale.com.br\/portal\/index.php?rest_route=\/wp\/v2\/posts\/160139","targetHints":{"allow":["GET"]}}],"collection":[{"href":"https:\/\/aconteceunovale.com.br\/portal\/index.php?rest_route=\/wp\/v2\/posts"}],"about":[{"href":"https:\/\/aconteceunovale.com.br\/portal\/index.php?rest_route=\/wp\/v2\/types\/post"}],"author":[{"embeddable":true,"href":"https:\/\/aconteceunovale.com.br\/portal\/index.php?rest_route=\/wp\/v2\/users\/1"}],"replies":[{"embeddable":true,"href":"https:\/\/aconteceunovale.com.br\/portal\/index.php?rest_route=%2Fwp%2Fv2%2Fcomments&post=160139"}],"version-history":[{"count":2,"href":"https:\/\/aconteceunovale.com.br\/portal\/index.php?rest_route=\/wp\/v2\/posts\/160139\/revisions"}],"predecessor-version":[{"id":160143,"href":"https:\/\/aconteceunovale.com.br\/portal\/index.php?rest_route=\/wp\/v2\/posts\/160139\/revisions\/160143"}],"wp:featuredmedia":[{"embeddable":true,"href":"https:\/\/aconteceunovale.com.br\/portal\/index.php?rest_route=\/wp\/v2\/media\/160141"}],"wp:attachment":[{"href":"https:\/\/aconteceunovale.com.br\/portal\/index.php?rest_route=%2Fwp%2Fv2%2Fmedia&parent=160139"}],"wp:term":[{"taxonomy":"category","embeddable":true,"href":"https:\/\/aconteceunovale.com.br\/portal\/index.php?rest_route=%2Fwp%2Fv2%2Fcategories&post=160139"},{"taxonomy":"post_tag","embeddable":true,"href":"https:\/\/aconteceunovale.com.br\/portal\/index.php?rest_route=%2Fwp%2Fv2%2Ftags&post=160139"}],"curies":[{"name":"wp","href":"https:\/\/api.w.org\/{rel}","templated":true}]}}