{"id":160133,"date":"2020-03-27T20:03:57","date_gmt":"2020-03-27T23:03:57","guid":{"rendered":"http:\/\/aconteceunovale.com.br\/portal\/?p=160133"},"modified":"2020-03-27T20:06:18","modified_gmt":"2020-03-27T23:06:18","slug":"coronavirus-em-27-de-marco-brasil-tem-92-mortes-e-3-417-casos-confirmados","status":"publish","type":"post","link":"https:\/\/aconteceunovale.com.br\/portal\/?p=160133","title":{"rendered":"Coronav\u00edrus em 27 de mar\u00e7o: Brasil tem 92 mortes e 3.417 casos confirmados"},"content":{"rendered":"\n<p>Em nova atualiza\u00e7\u00e3o do Minist\u00e9rio da Sa\u00fade sobre coronav\u00edrus, o n\u00famero de mortes chegou a 92, contra 77\u00a0registradas ontem (26). O resultado significa um aumento de 18% em rela\u00e7\u00e3o a ontem. Em compara\u00e7\u00e3o com o in\u00edcio da semana, quando eram 25 \u00f3bitos, o n\u00famero multiplicou por 3,68 vezes.\u00a0<\/p>\n\n\n\n<p>A taxa de letalidade chegou ao m\u00e1ximo da semana, ficando em 2,7%.&nbsp;<\/p>\n\n\n\n<p>O total de casos confirmados saiu de 2.915 para 3.417 hoje(27). O resultado de hoje marcou um aumento de 80% nos casos em rela\u00e7\u00e3o ao in\u00edcio da semana, quando foram contabilizadas 1.891 pessoas infectadas.<\/p>\n\n\n\n<p>O n\u00famero de casos novos foi de 502, atingindo o n\u00famero mais alto da s\u00e9rie hist\u00f3rica. Ontem, o acr\u00e9scimo foi de 482. Nos dias anteriores, o aumento havia sido menor, ficando na casa entre 232 e 345 casos.&nbsp;<\/p>\n\n\n\n<p>S\u00e3o Paulo acumula 1.233 casos. O estado, epicentro da epidemia no pa\u00eds, \u00e9 seguido por Rio de Janeiro (493), Cear\u00e1 (282), Distrito Federal (230), Rio Grande do Sul (195) e Minas Gerais (189).&nbsp;<\/p>\n\n\n\n<p>Tamb\u00e9m registram casos Santa Catarina (149), Paran\u00e1 (119), Bahia (115), Amazonas (89), Pernambuco (56), Goi\u00e1s (49), Esp\u00edrito Santo (47), Rio Grande do Norte (28), Mato Grosso do Sul (28), Acre (25), Sergipe (16), Maranh\u00e3o (13), Par\u00e1 (13), Alagoas (11), Mato Grosso (11), Roraima (10), Para\u00edba (nove), Piau\u00ed (nove), Tocantins (oito), Rond\u00f4nia (seis) e Amap\u00e1 (dois).<\/p>\n\n\n\n<h2 class=\"wp-block-heading\">Assista na \u00edntegra<\/h2>\n\n\n\n<iframe loading=\"lazy\" src=\"https:\/\/www.facebook.com\/plugins\/video.php?href=https%3A%2F%2Fwww.facebook.com%2Fagenciabrasil.ebc%2Fvideos%2F229379964875568%2F&#038;show_text=0&#038;width=560\" width=\"560\" height=\"315\" style=\"border:none;overflow:hidden\" scrolling=\"no\" frameborder=\"0\" allowTransparency=\"true\" allowFullScreen=\"true\"><\/iframe>\n\n\n\n<p class=\"has-background has-very-light-gray-background-color\">Quer saber as not\u00edcias do <strong>Aconteceu no Vale<\/strong> em primeira m\u00e3o? Siga-nos no Facebook <a rel=\"noreferrer noopener\" href=\"http:\/\/facebook.com\/aconteceunovale\" target=\"_blank\">@aconteceunovale<\/a>, Twitter <a rel=\"noreferrer noopener\" href=\"https:\/\/twitter.com\/noticiadosvales\" target=\"_blank\">@noticiadosvales<\/a> e Instagram <a rel=\"noreferrer noopener\" href=\"https:\/\/www.instagram.com\/aconteceunovale\" target=\"_blank\">@aconteceunovale<\/a>.<\/p>\n","protected":false},"excerpt":{"rendered":"<p>Em nova atualiza\u00e7\u00e3o do Minist\u00e9rio da Sa\u00fade sobre coronav\u00edrus, o n\u00famero de mortes chegou a 92, contra 77\u00a0registradas ontem (26). O resultado significa um aumento de 18% em rela\u00e7\u00e3o a ontem. Em compara\u00e7\u00e3o com o in\u00edcio da semana, quando eram 25 \u00f3bitos, o n\u00famero multiplicou por 3,68 vezes.\u00a0 A taxa de letalidade chegou ao m\u00e1ximo [&hellip;]<\/p>\n","protected":false},"author":1,"featured_media":160134,"comment_status":"open","ping_status":"closed","sticky":false,"template":"","format":"standard","meta":{"amp_status":"","footnotes":""},"categories":[6,40242],"tags":[218049,218205,214884,218472,215394,216498,218043,19326,218044,218045,218206],"class_list":["post-160133","post","type-post","status-publish","format-standard","has-post-thumbnail","hentry","category-br","category-saude-2","tag-casos-de-coronavirus-no-brasil","tag-casos-de-covid-19-no-brasil","tag-coronavirus","tag-coronavirus-em-27-de-marco-brasil-tem-92-mortes-e-3-417-casos-confirmados","tag-coronavirus-no-brasil","tag-covid-19","tag-covid-19-no-brasil","tag-ministerio-da-saude","tag-mortes-por-coronavirus-no-brasil","tag-mortes-por-covid-19-no-brasil","tag-numero-de-casos-de-covid-19-confirmados-no-brasil"],"_links":{"self":[{"href":"https:\/\/aconteceunovale.com.br\/portal\/index.php?rest_route=\/wp\/v2\/posts\/160133","targetHints":{"allow":["GET"]}}],"collection":[{"href":"https:\/\/aconteceunovale.com.br\/portal\/index.php?rest_route=\/wp\/v2\/posts"}],"about":[{"href":"https:\/\/aconteceunovale.com.br\/portal\/index.php?rest_route=\/wp\/v2\/types\/post"}],"author":[{"embeddable":true,"href":"https:\/\/aconteceunovale.com.br\/portal\/index.php?rest_route=\/wp\/v2\/users\/1"}],"replies":[{"embeddable":true,"href":"https:\/\/aconteceunovale.com.br\/portal\/index.php?rest_route=%2Fwp%2Fv2%2Fcomments&post=160133"}],"version-history":[{"count":1,"href":"https:\/\/aconteceunovale.com.br\/portal\/index.php?rest_route=\/wp\/v2\/posts\/160133\/revisions"}],"predecessor-version":[{"id":160135,"href":"https:\/\/aconteceunovale.com.br\/portal\/index.php?rest_route=\/wp\/v2\/posts\/160133\/revisions\/160135"}],"wp:featuredmedia":[{"embeddable":true,"href":"https:\/\/aconteceunovale.com.br\/portal\/index.php?rest_route=\/wp\/v2\/media\/160134"}],"wp:attachment":[{"href":"https:\/\/aconteceunovale.com.br\/portal\/index.php?rest_route=%2Fwp%2Fv2%2Fmedia&parent=160133"}],"wp:term":[{"taxonomy":"category","embeddable":true,"href":"https:\/\/aconteceunovale.com.br\/portal\/index.php?rest_route=%2Fwp%2Fv2%2Fcategories&post=160133"},{"taxonomy":"post_tag","embeddable":true,"href":"https:\/\/aconteceunovale.com.br\/portal\/index.php?rest_route=%2Fwp%2Fv2%2Ftags&post=160133"}],"curies":[{"name":"wp","href":"https:\/\/api.w.org\/{rel}","templated":true}]}}