{"id":160125,"date":"2020-03-27T19:20:32","date_gmt":"2020-03-27T22:20:32","guid":{"rendered":"http:\/\/aconteceunovale.com.br\/portal\/?p=160125"},"modified":"2020-03-27T19:21:05","modified_gmt":"2020-03-27T22:21:05","slug":"governo-do-estado-autoriza-contratacao-emergencial-de-118-profissionais-para-atuar-no-hospital-da-unimontes","status":"publish","type":"post","link":"https:\/\/aconteceunovale.com.br\/portal\/?p=160125","title":{"rendered":"Governo do Estado autoriza contrata\u00e7\u00e3o emergencial de 118 profissionais para atuar no hospital da Unimontes"},"content":{"rendered":"\n<p>O\u00a0Governo de Minas Gerais\u00a0autorizou, nesta sexta-feira (27\/3), a contrata\u00e7\u00e3o tempor\u00e1ria e emergencial de 118 profissionais de sa\u00fade para o Hospital Universit\u00e1rio Clemente de Faria (HUCF), da\u00a0<a rel=\"noreferrer noopener\" href=\"http:\/\/www.unimontes.br\/\" target=\"_blank\">Universidade Estadual de Montes Claros (Unimontes)<\/a>. O chamamento tem por objetivo suprir a demanda de atendimento \u00e0s v\u00edtimas do coronav\u00edrus, com a abertura de novos leitos de UTI na unidade hospitalar.<\/p>\n\n\n\n<p>Ser\u00e3o, inicialmente, quatro meses \u2013 com possibilidade de prorroga\u00e7\u00e3o &#8211; de contrato para enfermeiros (14) t\u00e9cnicos de Enfermagem (72), fisioterapeutas (6), farmac\u00eauticos (6), t\u00e9cnicos de Radiologia (6), t\u00e9cnicos de laborat\u00f3rio (6) e t\u00e9cnicos de farm\u00e1cia (8). Do total de admiss\u00f5es previstas, 82 servidores ser\u00e3o acrescentados \u00e0 for\u00e7a de trabalho e, as outras, correspondem a substitui\u00e7\u00f5es necess\u00e1rias por conta de 36 afastamentos de profissionais que fazem parte do grupo de risco do Covid-19.<\/p>\n\n\n\n<p>O pedido foi aprovado no Comit\u00ea de Or\u00e7amento e Finan\u00e7as (Cofin), intersetorial, que tem como secretaria-executiva a\u00a0Secretaria de Estado de Planejamento e Gest\u00e3o (Seplag). A institui\u00e7\u00e3o de ensino superior aguardava oficializa\u00e7\u00e3o do Estado, ap\u00f3s envio de estudo de impacto financeiro, para dar andamento ao processo de sele\u00e7\u00e3o de profissionais.<\/p>\n\n\n\n<p><strong>Frente universit\u00e1ria<\/strong><\/p>\n\n\n\n<p>Nesta semana, tamb\u00e9m foi idealizado na Unimontes o projeto &#8220;Apoio \u00e0 popula\u00e7\u00e3o de Montes Claros e regi\u00f5es Norte e Noroeste&nbsp; de Minas Gerais no enfrentamento da pandemia da Covid-19&#8221;. A a\u00e7\u00e3o tem por objetivo otimizar a\u00e7\u00f5es do Governo do Estado e dos \u00f3rg\u00e3os oficiais de sa\u00fade p\u00fablica para conter o avan\u00e7o da doen\u00e7a.<\/p>\n\n\n\n<p>A frente universit\u00e1ria re\u00fane, inicialmente, 20&nbsp; professores e pesquisadores volunt\u00e1rios. Sob coordena\u00e7\u00e3o das Pr\u00f3-Reitorias de Ensino, de Extens\u00e3o, de P\u00f3s-gradua\u00e7\u00e3o e de Pesquisa, a proposta \u00e9 estabelecer uma rede com diversos representantes &#8211; universidade, prefeitura, empres\u00e1rios, igrejas e associa\u00e7\u00f5es comunit\u00e1rias &#8211; nas \u00e1reas de abrang\u00eancia da universidade no estado, para criar um canal direto com a comunidade.<\/p>\n\n\n\n<p><strong>A\u00e7\u00e3o estadual<\/strong><\/p>\n\n\n\n<p>O Estado tem adotado uma s\u00e9rie de medida para enfrentamento \u00e0 pandemia em Minas Gerais. A autoriza\u00e7\u00e3o de contratos emergenciais para o HUCF da Unimontes se soma, por exemplo, a novos aportes financeiros para auxiliar hospitais e munic\u00edpios, anunciados pelo governo estadual nessa quinta-feira (27\/3), al\u00e9m de parcerias para a ampliar o n\u00famero de leitos no estado.<\/p>\n\n\n\n<p>Processos seletivos emergenciais tamb\u00e9m j\u00e1 foram iniciados, na \u00e1rea de sa\u00fade, pela\u00a0<a rel=\"noreferrer noopener\" aria-label=\" (abre numa nova aba)\" href=\"http:\/\/www.agenciaminas.mg.gov.br\/sala-de-imprensa\/fhemig-contrata-para-vagas-temporarias-emergenciais\" target=\"_blank\">Funda\u00e7\u00e3o Hospitalar do Estado de Minas Gerais (Fhemig)<\/a>\u00a0e\u00a0<a rel=\"noreferrer noopener\" aria-label=\" (abre numa nova aba)\" href=\"http:\/\/www.agenciaminas.mg.gov.br\/sala-de-imprensa\/fhemig-contrata-para-vagas-temporarias-emergenciais\" target=\"_blank\">Funda\u00e7\u00e3o Ezequiel Dias (Funed)<\/a>. <\/p>\n\n\n\n<p class=\"has-background has-very-light-gray-background-color\">Quer saber as not\u00edcias do <strong>Aconteceu no Vale<\/strong> em primeira m\u00e3o? Siga-nos no Facebook <a rel=\"noreferrer noopener\" href=\"http:\/\/facebook.com\/aconteceunovale\" target=\"_blank\">@aconteceunovale<\/a>, Twitter <a rel=\"noreferrer noopener\" href=\"https:\/\/twitter.com\/noticiadosvales\" target=\"_blank\">@noticiadosvales<\/a> e Instagram <a rel=\"noreferrer noopener\" href=\"https:\/\/www.instagram.com\/aconteceunovale\" target=\"_blank\">@aconteceunovale<\/a>.<\/p>\n","protected":false},"excerpt":{"rendered":"<p>O\u00a0Governo de Minas Gerais\u00a0autorizou, nesta sexta-feira (27\/3), a contrata\u00e7\u00e3o tempor\u00e1ria e emergencial de 118 profissionais de sa\u00fade para o Hospital Universit\u00e1rio Clemente de Faria (HUCF), da\u00a0Universidade Estadual de Montes Claros (Unimontes). O chamamento tem por objetivo suprir a demanda de atendimento \u00e0s v\u00edtimas do coronav\u00edrus, com a abertura de novos leitos de UTI na unidade [&hellip;]<\/p>\n","protected":false},"author":1,"featured_media":160126,"comment_status":"open","ping_status":"closed","sticky":false,"template":"","format":"standard","meta":{"amp_status":"","footnotes":""},"categories":[1236,40242],"tags":[218458,218459,218457,86272,3246,210,763,191972,154391],"class_list":["post-160125","post","type-post","status-publish","format-standard","has-post-thumbnail","hentry","category-norte_de_minas","category-saude-2","tag-contratacao-de-profissionais-para-o-hospital-da-unimontes","tag-contratacao-hospital-universitario-clemente-de-faria","tag-governo-do-estado-autoriza-contratacao-emergencial-de-118-profissionais-para-atuar-no-hospital-da-unimontes","tag-hospital-da-unimontes","tag-hospital-universitario-clemente-de-faria","tag-montes-claros","tag-unimontes","tag-vagas-hospital-universitario-clemente-de-faria","tag-vagas-unimontes"],"_links":{"self":[{"href":"https:\/\/aconteceunovale.com.br\/portal\/index.php?rest_route=\/wp\/v2\/posts\/160125","targetHints":{"allow":["GET"]}}],"collection":[{"href":"https:\/\/aconteceunovale.com.br\/portal\/index.php?rest_route=\/wp\/v2\/posts"}],"about":[{"href":"https:\/\/aconteceunovale.com.br\/portal\/index.php?rest_route=\/wp\/v2\/types\/post"}],"author":[{"embeddable":true,"href":"https:\/\/aconteceunovale.com.br\/portal\/index.php?rest_route=\/wp\/v2\/users\/1"}],"replies":[{"embeddable":true,"href":"https:\/\/aconteceunovale.com.br\/portal\/index.php?rest_route=%2Fwp%2Fv2%2Fcomments&post=160125"}],"version-history":[{"count":1,"href":"https:\/\/aconteceunovale.com.br\/portal\/index.php?rest_route=\/wp\/v2\/posts\/160125\/revisions"}],"predecessor-version":[{"id":160127,"href":"https:\/\/aconteceunovale.com.br\/portal\/index.php?rest_route=\/wp\/v2\/posts\/160125\/revisions\/160127"}],"wp:featuredmedia":[{"embeddable":true,"href":"https:\/\/aconteceunovale.com.br\/portal\/index.php?rest_route=\/wp\/v2\/media\/160126"}],"wp:attachment":[{"href":"https:\/\/aconteceunovale.com.br\/portal\/index.php?rest_route=%2Fwp%2Fv2%2Fmedia&parent=160125"}],"wp:term":[{"taxonomy":"category","embeddable":true,"href":"https:\/\/aconteceunovale.com.br\/portal\/index.php?rest_route=%2Fwp%2Fv2%2Fcategories&post=160125"},{"taxonomy":"post_tag","embeddable":true,"href":"https:\/\/aconteceunovale.com.br\/portal\/index.php?rest_route=%2Fwp%2Fv2%2Ftags&post=160125"}],"curies":[{"name":"wp","href":"https:\/\/api.w.org\/{rel}","templated":true}]}}