{"id":160116,"date":"2020-03-27T15:37:34","date_gmt":"2020-03-27T18:37:34","guid":{"rendered":"http:\/\/aconteceunovale.com.br\/portal\/?p=160116"},"modified":"2020-03-27T15:38:21","modified_gmt":"2020-03-27T18:38:21","slug":"coronavirus-em-27-de-marco-municipios-do-norte-de-minas-tem-477-casos-suspeitos","status":"publish","type":"post","link":"https:\/\/aconteceunovale.com.br\/portal\/?p=160116","title":{"rendered":"Coronav\u00edrus em 27 de mar\u00e7o: Munic\u00edpios do Norte de Minas t\u00eam 477 casos suspeitos"},"content":{"rendered":"\n<p>O Boletim Informativo Di\u00e1rio da Secretaria de Estado de Sa\u00fade de Minas Gerais (SES-MG), disponibilizado nesta sexta-feira (27\/03\/2020), revela que as regionais de Janu\u00e1ria, Montes Claros e Pirapora possuem 478 notifica\u00e7\u00f5es de infec\u00e7\u00e3o humana pelo novo coronav\u00edrus (Covid-19). Do total, um caso foi descartado e 477 est\u00e3o em investiga\u00e7\u00e3o como suspeitos.<\/p>\n\n\n\n<p> Foram notificados casos suspeitos de Covid-19 nos munic\u00edpios de:  <\/p>\n\n\n\n<p> <strong>Regional de Sa\u00fade de Janu\u00e1ria<\/strong> <\/p>\n\n\n\n<ul class=\"wp-block-list\"><li>S\u00e3o Francisco (43 notifica\u00e7\u00f5es)<\/li><li>Japonvar (26 notifica\u00e7\u00f5es)<\/li><li>Bras\u00edlia de Minas (18 notifica\u00e7\u00f5es)<\/li><li>Janu\u00e1ria (18 notifica\u00e7\u00f5es)<\/li><li>Varzel\u00e2ndia (18 notifica\u00e7\u00f5es)<\/li><li>Lontra (9 notifica\u00e7\u00f5es)<\/li><li>Urucuia (6 notifica\u00e7\u00f5es)<\/li><li>Montalv\u00e2nia (5 notifica\u00e7\u00f5es)<\/li><li>Itacarambi (4 notifica\u00e7\u00f5es)<\/li><li>Uba\u00ed (4 notifica\u00e7\u00f5es)<\/li><li>Manga (3 notifica\u00e7\u00f5es)<\/li><li>Pint\u00f3polis (3 notifica\u00e7\u00f5es)<\/li><li>Icara\u00ed de Minas (2 notifica\u00e7\u00f5es)<\/li><li>Ibiracatu (1 notifica\u00e7\u00e3o)<\/li><li>Juven\u00edlia (1 notifica\u00e7\u00e3o)<\/li><li>Luisl\u00e2ndia (1 notifica\u00e7\u00e3o)<\/li><li>S\u00e3o Jo\u00e3o da Ponte (1 notifica\u00e7\u00e3o)<\/li><li>S\u00e3o Jo\u00e3o das Miss\u00f5es (1 notifica\u00e7\u00e3o)<ul><li>Total na Regional de Janu\u00e1ria: 164 notifica\u00e7\u00f5es (164 casos suspeitos)<\/li><\/ul><\/li><\/ul>\n\n\n\n<p> <strong>Regional de Sa\u00fade de Montes Claros<\/strong> <\/p>\n\n\n\n<ul class=\"wp-block-list\"><li>Montes Claros (123 notifica\u00e7\u00f5es)<\/li><li>Bocaiuva (25 notifica\u00e7\u00f5es)<\/li><li>Ja\u00edba (24 notifica\u00e7\u00f5es)<\/li><li>Jana\u00faba (24 notifica\u00e7\u00f5es)<\/li><li>Taiobeiras (14 notifica\u00e7\u00f5es)<\/li><li>Porteirinha (12 notifica\u00e7\u00f5es)<\/li><li>Monte Azul (7 notifica\u00e7\u00f5es)<\/li><li>Indaiabira (5 notifica\u00e7\u00f5es)<\/li><li>Nova Porteirinha (4 notifica\u00e7\u00f5es)<\/li><li>Capit\u00e3o En\u00e9as (2 notifica\u00e7\u00f5es)<\/li><li>Cora\u00e7\u00e3o de Jesus (2 notifica\u00e7\u00f5es)<\/li><li>Francisco Dumont (2 notifica\u00e7\u00f5es)<\/li><li>Jequita\u00ed (2 notifica\u00e7\u00f5es)<\/li><li>Mamonas (2 notifica\u00e7\u00f5es)<\/li><li>Mato Verde (2 notifica\u00e7\u00f5es)<\/li><li>Mirabela (2 notifica\u00e7\u00f5es)<\/li><li>Ninheira (2 notifica\u00e7\u00f5es)<\/li><li>Rio Pardo de Minas (2 notifica\u00e7\u00f5es)<\/li><li>Salinas (2 notifica\u00e7\u00f5es)<\/li><li>Claro dos Po\u00e7\u00f5es (1 notifica\u00e7\u00e3o)<\/li><li>Fruta de Leite (1 notifica\u00e7\u00e3o)<\/li><li>Gr\u00e3o Mogol (1 notifica\u00e7\u00e3o)<\/li><li>Guaraciama (1 notifica\u00e7\u00e3o)<\/li><li>Joaquim Fel\u00edcio (1 notifica\u00e7\u00e3o)<\/li><li>Pai Pedro (1 notifica\u00e7\u00e3o)<\/li><li>Rubelita (1 notifica\u00e7\u00e3o)<\/li><li>S\u00e3o Jo\u00e3o do Para\u00edso (1 notifica\u00e7\u00e3o)<\/li><li>Vargem Grande do Rio Pardo (1 notifica\u00e7\u00e3o)<ul><li>Total na Regional de Montes Claros: 267 notifica\u00e7\u00f5es (266 casos suspeitos e um descartado)<\/li><\/ul><\/li><\/ul>\n\n\n\n<p> <strong>Regional de Sa\u00fade de Pirapora<\/strong> <\/p>\n\n\n\n<ul class=\"wp-block-list\"><li>Pirapora (28 notifica\u00e7\u00f5es)<\/li><li>V\u00e1rzea da Palma (10 notifica\u00e7\u00f5es)<\/li><li>Buritizeiro (7 notifica\u00e7\u00f5es)<\/li><li>Santa F\u00e9 de Minas (2 notifica\u00e7\u00f5es)<ul><li>Total na Regional de Pirapora: 47 notifica\u00e7\u00f5es (47 casos suspeitos)<\/li><\/ul><\/li><\/ul>\n\n\n\n<h2 class=\"has-text-align-center wp-block-heading\"> <strong><a rel=\"noreferrer noopener\" href=\"http:\/\/aconteceunovale.com.br\/portal\/?p=159949\" target=\"_blank\">Distribui\u00e7\u00e3o dos casos de COVID-19 em Minas Gerais (clique aqui)<\/a><\/strong> <\/h2>\n\n\n\n<p class=\"has-text-color has-background has-very-light-gray-color has-very-dark-gray-background-color\">Quer saber as not\u00edcias do <strong>Aconteceu no Vale<\/strong> em primeira m\u00e3o? Siga-nos no Facebook <a rel=\"noreferrer noopener\" href=\"http:\/\/facebook.com\/aconteceunovale\" target=\"_blank\">@aconteceunovale<\/a>, Twitter <a rel=\"noreferrer noopener\" href=\"https:\/\/twitter.com\/noticiadosvales\" target=\"_blank\">@noticiadosvales<\/a> e Instagram <a rel=\"noreferrer noopener\" href=\"https:\/\/www.instagram.com\/aconteceunovale\" target=\"_blank\">@aconteceunovale<\/a>.<\/p>\n","protected":false},"excerpt":{"rendered":"<p>O Boletim Informativo Di\u00e1rio da Secretaria de Estado de Sa\u00fade de Minas Gerais (SES-MG), disponibilizado nesta sexta-feira (27\/03\/2020), revela que as regionais de Janu\u00e1ria, Montes Claros e Pirapora possuem 478 notifica\u00e7\u00f5es de infec\u00e7\u00e3o humana pelo novo coronav\u00edrus (Covid-19). Do total, um caso foi descartado e 477 est\u00e3o em investiga\u00e7\u00e3o como suspeitos. Foram notificados casos suspeitos [&hellip;]<\/p>\n","protected":false},"author":1,"featured_media":160117,"comment_status":"open","ping_status":"closed","sticky":false,"template":"","format":"standard","meta":{"amp_status":"","footnotes":""},"categories":[1236,40242],"tags":[645,218086,218402,218451,218077,218080,218082,218081,217228,218083,218084,218161,218085,218078,218079,205,3058,3724,210,218076,3059,254,1522,218160,1340],"class_list":["post-160116","post","type-post","status-publish","format-standard","has-post-thumbnail","hentry","category-norte_de_minas","category-saude-2","tag-bocaiuva","tag-casos-de-coronavirus-em-montes-claros","tag-coronavirus-em-26-de-marco-municipios-do-norte-de-minas-tem-331-casos-suspeitos","tag-coronavirus-em-27-de-marco-municipios-do-norte-de-minas-tem-477-casos-suspeitos","tag-coronavirus-em-bocaiuva","tag-coronavirus-em-januaria","tag-coronavirus-em-japonvar","tag-coronavirus-em-jequitai","tag-coronavirus-em-montes-claros","tag-coronavirus-em-pai-pedro","tag-coronavirus-em-pirapora","tag-coronavirus-em-sao-francisco","tag-coronavirus-em-varzea-da-palma","tag-coronavirus-no-norte-de-minas","tag-covid-19-no-norte-de-minas","tag-januaria","tag-japonvar","tag-jequitai","tag-montes-claros","tag-norte-de-minas-investiga-28-casos-suspeitos-do-novo-coronavirus","tag-pai-pedro","tag-pirapora","tag-sao-francisco","tag-secretaria-de-saude-investiga-mais-de-50-casos-suspeitos-de-coronavirus-no-norte-de-minas","tag-varzea-da-palma"],"_links":{"self":[{"href":"https:\/\/aconteceunovale.com.br\/portal\/index.php?rest_route=\/wp\/v2\/posts\/160116","targetHints":{"allow":["GET"]}}],"collection":[{"href":"https:\/\/aconteceunovale.com.br\/portal\/index.php?rest_route=\/wp\/v2\/posts"}],"about":[{"href":"https:\/\/aconteceunovale.com.br\/portal\/index.php?rest_route=\/wp\/v2\/types\/post"}],"author":[{"embeddable":true,"href":"https:\/\/aconteceunovale.com.br\/portal\/index.php?rest_route=\/wp\/v2\/users\/1"}],"replies":[{"embeddable":true,"href":"https:\/\/aconteceunovale.com.br\/portal\/index.php?rest_route=%2Fwp%2Fv2%2Fcomments&post=160116"}],"version-history":[{"count":1,"href":"https:\/\/aconteceunovale.com.br\/portal\/index.php?rest_route=\/wp\/v2\/posts\/160116\/revisions"}],"predecessor-version":[{"id":160118,"href":"https:\/\/aconteceunovale.com.br\/portal\/index.php?rest_route=\/wp\/v2\/posts\/160116\/revisions\/160118"}],"wp:featuredmedia":[{"embeddable":true,"href":"https:\/\/aconteceunovale.com.br\/portal\/index.php?rest_route=\/wp\/v2\/media\/160117"}],"wp:attachment":[{"href":"https:\/\/aconteceunovale.com.br\/portal\/index.php?rest_route=%2Fwp%2Fv2%2Fmedia&parent=160116"}],"wp:term":[{"taxonomy":"category","embeddable":true,"href":"https:\/\/aconteceunovale.com.br\/portal\/index.php?rest_route=%2Fwp%2Fv2%2Fcategories&post=160116"},{"taxonomy":"post_tag","embeddable":true,"href":"https:\/\/aconteceunovale.com.br\/portal\/index.php?rest_route=%2Fwp%2Fv2%2Ftags&post=160116"}],"curies":[{"name":"wp","href":"https:\/\/api.w.org\/{rel}","templated":true}]}}