{"id":160114,"date":"2020-03-27T15:11:40","date_gmt":"2020-03-27T18:11:40","guid":{"rendered":"http:\/\/aconteceunovale.com.br\/portal\/?p=160114"},"modified":"2020-03-27T15:12:59","modified_gmt":"2020-03-27T18:12:59","slug":"coronavirus-em-27-de-marco-vales-do-jequitinhonha-e-mucuri-tem-277-casos-suspeitos","status":"publish","type":"post","link":"https:\/\/aconteceunovale.com.br\/portal\/?p=160114","title":{"rendered":"Coronav\u00edrus em 27 de mar\u00e7o:  Vales do Jequitinhonha e Mucuri t\u00eam 277 casos suspeitos"},"content":{"rendered":"\n<p>O Boletim Informativo Di\u00e1rio da Secretaria de Estado de Sa\u00fade de Minas Gerais (SES-MG), disponibilizado nesta sexta-feira (27\/03\/2020), revela que os vales do Jequitinhonha e Mucuri possuem 282 notifica\u00e7\u00f5es de infec\u00e7\u00e3o humana pelo novo coronav\u00edrus (Covid-19). Do total, cinco casos foram descartados e 277 est\u00e3o em investiga\u00e7\u00e3o como suspeitos.<\/p>\n\n\n\n<p>Foram notificados casos suspeitos de Covid-19 nos munic\u00edpios de:<\/p>\n\n\n\n<p><strong>Regional de Sa\u00fade de Diamantina<\/strong> <\/p>\n\n\n\n<ul class=\"wp-block-list\"><li>Diamantina (42 notifica\u00e7\u00f5es)<\/li><li>Concei\u00e7\u00e3o do Mato Dentro (41 notifica\u00e7\u00f5es)<\/li><li>Ara\u00e7ua\u00ed (24 notifica\u00e7\u00f5es)<\/li><li>Capelinha (11 notifica\u00e7\u00f5es)<\/li><li>Couto de Magalh\u00e3es de Minas (10 notifica\u00e7\u00f5es)<\/li><li>Chapada do Norte (9 notifica\u00e7\u00f5es)<\/li><li>Itamarandiba (8 notifica\u00e7\u00f5es)<\/li><li>Fel\u00edcio dos Santos (7 notifica\u00e7\u00f5es)<\/li><li>Minas Novas (6 notifica\u00e7\u00f5es)<\/li><li>Rio Vermelho (4 notifica\u00e7\u00f5es)<\/li><li>Virgem da Lapa (4 notifica\u00e7\u00f5es)<\/li><li>S\u00e3o Gon\u00e7alo do Rio Preto (3 notifica\u00e7\u00f5es)<\/li><li>Senador Modestino Gon\u00e7alves (3 notifica\u00e7\u00f5es)<\/li><li>Serro (3 notifica\u00e7\u00f5es)<\/li><li>Carbonita (2 notifica\u00e7\u00f5es)<\/li><li>Datas (2 notifica\u00e7\u00f5es)<\/li><li>Leme do Prado (2 notifica\u00e7\u00f5es)<\/li><li>Turmalina (2 notifica\u00e7\u00f5es)<\/li><li>Coluna (1 notifica\u00e7\u00e3o)<\/li><li>Jenipapo de Minas (1 notifica\u00e7\u00e3o)<\/li><li>Sabin\u00f3polis (1 notifica\u00e7\u00e3o)<ul><li>Total na Regional de Diamantina: 186 notifica\u00e7\u00f5es (183 casos suspeitos e 3 descartados)<\/li><\/ul><\/li><\/ul>\n\n\n\n<p> <strong>Regional de Sa\u00fade de Pedra Azul<\/strong> <\/p>\n\n\n\n<ul class=\"wp-block-list\"><li>Ponto dos Volantes (12 notifica\u00e7\u00f5es)<\/li><li>Almenara (8 notifica\u00e7\u00f5es)<\/li><li>Divisa Alegre (5 notifica\u00e7\u00f5es)<\/li><li>Itaobim (4 notifica\u00e7\u00f5es)<\/li><li>Pedra Azul (4 notifica\u00e7\u00e3o)<\/li><li>Divis\u00f3polis (3 notifica\u00e7\u00f5es)<\/li><li>Medina (3 notifica\u00e7\u00f5es)<\/li><li>Comercinho (1 notifica\u00e7\u00e3o)<\/li><li>Felisburgo (1 notifica\u00e7\u00e3o)<\/li><li>Jacinto (1 notifica\u00e7\u00e3o)<\/li><li>Jequitinhonha (1 notifica\u00e7\u00e3o)<\/li><li>Jord\u00e2nia (1 notifica\u00e7\u00e3o)<\/li><li>Joa\u00edma (1 notifica\u00e7\u00e3o)<\/li><li>Mata Verde (1 notifica\u00e7\u00e3o)<\/li><li>Santa Maria do Salto (1 notifica\u00e7\u00e3o)<ul><li>Total na Regional de Pedra Azul: 47 notifica\u00e7\u00f5es (45 casos suspeitos e 2 descartados)<\/li><\/ul><\/li><\/ul>\n\n\n\n<p> <strong>Regional de Sa\u00fade de Te\u00f3filo Otoni<\/strong> <\/p>\n\n\n\n<ul class=\"wp-block-list\"><li>Te\u00f3filo Otoni (23 notifica\u00e7\u00f5es)<\/li><li>\u00c1guas Formosas (5 notifica\u00e7\u00f5es)<\/li><li>Itambacuri (4 notifica\u00e7\u00f5es)<\/li><li>Nanuque (4 notifica\u00e7\u00f5es)<\/li><li>Ladainha (2 notifica\u00e7\u00f5es)<\/li><li>Novo Cruzeiro (2 notifica\u00e7\u00f5es)<\/li><li>Angel\u00e2ndia (1 notifica\u00e7\u00e3o)<\/li><li>Carlos Chagas (1 notifica\u00e7\u00e3o)<\/li><li>Catuji (1 notifica\u00e7\u00e3o)<\/li><li>Francisc\u00f3polis (1 notifica\u00e7\u00e3o)<\/li><li>Malacacheta (1 notifica\u00e7\u00e3o)<\/li><li>Nova M\u00f3dica (1 notifica\u00e7\u00e3o)<\/li><li>Padre Para\u00edso (1 notifica\u00e7\u00e3o)<\/li><li>Pot\u00e9 (1 notifica\u00e7\u00e3o)<\/li><li>Serra dos Aimor\u00e9s (1 notifica\u00e7\u00e3o)<ul><li>Total na Regional de Te\u00f3filo Otoni: 49 notifica\u00e7\u00f5es (49 casos suspeitos)<\/li><\/ul><\/li><\/ul>\n\n\n\n<h2 class=\"has-text-align-center wp-block-heading\"><strong><a rel=\"noreferrer noopener\" aria-label=\"Distribui\u00e7\u00e3o dos casos de COVID-19 em Minas Gerais (clique aqui) (abre numa nova aba)\" href=\"http:\/\/aconteceunovale.com.br\/portal\/?p=159949\" target=\"_blank\">Distribui\u00e7\u00e3o dos casos de COVID-19 em Minas Gerais (clique aqui)<\/a><\/strong><\/h2>\n\n\n\n<p class=\"has-text-color has-background has-very-light-gray-color has-very-dark-gray-background-color\">Quer saber as not\u00edcias do <strong>Aconteceu no Vale<\/strong> em primeira m\u00e3o? Siga-nos no Facebook <a rel=\"noreferrer noopener\" href=\"http:\/\/facebook.com\/aconteceunovale\" target=\"_blank\">@aconteceunovale<\/a>, Twitter <a rel=\"noreferrer noopener\" href=\"https:\/\/twitter.com\/noticiadosvales\" target=\"_blank\">@noticiadosvales<\/a> e Instagram <a rel=\"noreferrer noopener\" href=\"https:\/\/www.instagram.com\/aconteceunovale\" target=\"_blank\">@aconteceunovale<\/a>.<\/p>\n","protected":false},"excerpt":{"rendered":"<p>O Boletim Informativo Di\u00e1rio da Secretaria de Estado de Sa\u00fade de Minas Gerais (SES-MG), disponibilizado nesta sexta-feira (27\/03\/2020), revela que os vales do Jequitinhonha e Mucuri possuem 282 notifica\u00e7\u00f5es de infec\u00e7\u00e3o humana pelo novo coronav\u00edrus (Covid-19). Do total, cinco casos foram descartados e 277 est\u00e3o em investiga\u00e7\u00e3o como suspeitos. Foram notificados casos suspeitos de Covid-19 [&hellip;]<\/p>\n","protected":false},"author":1,"featured_media":160112,"comment_status":"open","ping_status":"closed","sticky":false,"template":"","format":"standard","meta":{"amp_status":"","footnotes":""},"categories":[40242,120,122],"tags":[142,132,481,214884,218064,217642,218065,218067,218401,218450,218066,218068,218070,218071,218072,218073,218074,218075,216498,198,149,391,475,218069,444,218159,164],"class_list":["post-160114","post","type-post","status-publish","format-standard","has-post-thumbnail","hentry","category-saude-2","category-jequi","category-mucuri","tag-almenara","tag-capelinha","tag-chapada-do-norte","tag-coronavirus","tag-coronavirus-almenara","tag-coronavirus-capelinha","tag-coronavirus-chapada-do-norte","tag-coronavirus-diamantina","tag-coronavirus-em-26-de-marco-vales-do-jequitinhonha-e-mucuri-tem-184-casos-suspeitos","tag-coronavirus-em-27-de-marco-vales-do-jequitinhonha-e-mucuri-tem-277-casos-suspeitos","tag-coronavirus-itamarandiba","tag-coronavirus-itaobim","tag-coronavirus-jordania","tag-coronavirus-minas-novas","tag-coronavirus-ponto-dos-volantes","tag-coronavirus-teofilo-otoni","tag-coronavirus-vale-do-jequitinhonha","tag-coronavirus-vale-do-mucuri","tag-covid-19","tag-diamantina","tag-itamarandiba","tag-itaobim","tag-jordania","tag-mata-verde-coronavirus-mata-verde-minas-novas","tag-ponto-dos-volantes","tag-ses-mg-investiga-28-casos-suspeitos-de-coronavirus-nos-vales-do-jequitinhonha-e-mucuri","tag-teofilo-otoni"],"_links":{"self":[{"href":"https:\/\/aconteceunovale.com.br\/portal\/index.php?rest_route=\/wp\/v2\/posts\/160114","targetHints":{"allow":["GET"]}}],"collection":[{"href":"https:\/\/aconteceunovale.com.br\/portal\/index.php?rest_route=\/wp\/v2\/posts"}],"about":[{"href":"https:\/\/aconteceunovale.com.br\/portal\/index.php?rest_route=\/wp\/v2\/types\/post"}],"author":[{"embeddable":true,"href":"https:\/\/aconteceunovale.com.br\/portal\/index.php?rest_route=\/wp\/v2\/users\/1"}],"replies":[{"embeddable":true,"href":"https:\/\/aconteceunovale.com.br\/portal\/index.php?rest_route=%2Fwp%2Fv2%2Fcomments&post=160114"}],"version-history":[{"count":1,"href":"https:\/\/aconteceunovale.com.br\/portal\/index.php?rest_route=\/wp\/v2\/posts\/160114\/revisions"}],"predecessor-version":[{"id":160115,"href":"https:\/\/aconteceunovale.com.br\/portal\/index.php?rest_route=\/wp\/v2\/posts\/160114\/revisions\/160115"}],"wp:featuredmedia":[{"embeddable":true,"href":"https:\/\/aconteceunovale.com.br\/portal\/index.php?rest_route=\/wp\/v2\/media\/160112"}],"wp:attachment":[{"href":"https:\/\/aconteceunovale.com.br\/portal\/index.php?rest_route=%2Fwp%2Fv2%2Fmedia&parent=160114"}],"wp:term":[{"taxonomy":"category","embeddable":true,"href":"https:\/\/aconteceunovale.com.br\/portal\/index.php?rest_route=%2Fwp%2Fv2%2Fcategories&post=160114"},{"taxonomy":"post_tag","embeddable":true,"href":"https:\/\/aconteceunovale.com.br\/portal\/index.php?rest_route=%2Fwp%2Fv2%2Ftags&post=160114"}],"curies":[{"name":"wp","href":"https:\/\/api.w.org\/{rel}","templated":true}]}}