{"id":160100,"date":"2020-03-27T12:29:32","date_gmt":"2020-03-27T15:29:32","guid":{"rendered":"http:\/\/aconteceunovale.com.br\/portal\/?p=160100"},"modified":"2020-03-27T13:05:36","modified_gmt":"2020-03-27T16:05:36","slug":"entenda-a-acao-do-novo-coronavirus-em-criancas","status":"publish","type":"post","link":"https:\/\/aconteceunovale.com.br\/portal\/?p=160100","title":{"rendered":"Entenda a a\u00e7\u00e3o do novo coronav\u00edrus em crian\u00e7as"},"content":{"rendered":"\n<p>Com a chegada do coronav\u00edrus (Covid-19), muitas d\u00favidas e receios surgem, especialmente para quem tem crian\u00e7as em casa. De acordo com a infectologista pedi\u00e1trica do Servi\u00e7o de Controle de Infec\u00e7\u00e3o Hospitalar do Hospital Infantil Jo\u00e3o Paulo II (HIJPII), da\u00a0Rede Fhemig\u00a0Daniela Caldas Teixeira, estudos que avaliaram o comportamento da doen\u00e7a em outros pa\u00edses demonstram que crian\u00e7as representam um percentual baixo em rela\u00e7\u00e3o ao total de casos diagnosticados. Quando infectadas, a maioria delas apresenta aus\u00eancia de sintomas ou doen\u00e7a leve, como um resfriado comum.\u00a0<\/p>\n\n\n\n<p>Dentro da popula\u00e7\u00e3o pedi\u00e1trica, s\u00e3o grupos de riscos aquelas crian\u00e7as imunossuprimidas &#8211; seja por imunossupress\u00e3o prim\u00e1ria, HIV ou uso de medicamentos imunossupressores, como quimioter\u00e1picos -; cardiopatas; as que t\u00eam anemia falciforme e pneumopatas. \u201cNesse \u00faltimo grupo inclu\u00edmos pessoas com asma, mas n\u00e3o consideramos as que t\u00eam rinite ou infec\u00e7\u00e3o de via a\u00e9rea superior de repeti\u00e7\u00e3o\u201d, explica a infectologista.<\/p>\n\n\n\n<p>Os estudos mostram ainda que, entre os poucos casos de infec\u00e7\u00e3o grave em pacientes pedi\u00e1tricos, a maior incid\u00eancia deles teria ocorrido em menores de 1 ano, tendo havido, ainda, evid\u00eancias de casos de transmiss\u00e3o vertical, ou seja, beb\u00eas infectados ainda na barriga da m\u00e3e.<\/p>\n\n\n\n<p>No entanto, a m\u00e9dica ressalta que, mesmo em m\u00e3es com coronav\u00edrus, o aleitamento dos beb\u00eas n\u00e3o deve ser suspenso.&nbsp;\u201cConsiderando a passagem de anticorpos maternos que auxiliar\u00e3o na prote\u00e7\u00e3o do nen\u00e9m, n\u00e3o aconselhamos parar. No caso, orientamos a m\u00e3e refor\u00e7ar as medidas de higieniza\u00e7\u00e3o das m\u00e3os e utilizar m\u00e1scara cir\u00fargica ao ter contato com a crian\u00e7a durante a amamenta\u00e7\u00e3o\u201d, afirma.<\/p>\n\n\n\n<p><strong>O que pode<\/strong><\/p>\n\n\n\n<p>Manter as crian\u00e7as em casa por tanto tempo \u00e9 o grande desafio da maior parte das fam\u00edlias. A m\u00e9dica explica que, tomando alguns cuidados, elas podem e devem aproveitar o tempo livre para se divertir. \u201c\u00c9 importante orient\u00e1-las sobre as t\u00e9cnicas de higieniza\u00e7\u00e3o de m\u00e3os, dizer que elas devem evitar tocar o rosto e levar as m\u00e3os \u00e0 boca. \u00c9 preciso ensinar tamb\u00e9m a cobrir a boca com o bra\u00e7o ao tossir, al\u00e9m de realizar, com frequ\u00eancia, a higiene nasal com soro fisiol\u00f3gico, utilizando len\u00e7o descart\u00e1vel, e lavando as m\u00e3os logo em seguida\u201d, afirma a infectologista.<\/p>\n\n\n\n<p>Evitar locais fechados e aglomera\u00e7\u00f5es, preferir brincadeiras em ambientes abertos, sempre que poss\u00edvel, e optar pela utiliza\u00e7\u00e3o de brinquedos que possam ser higienizados antes e ap\u00f3s o uso com \u00e1gua e sab\u00e3o ou com \u00e1lcool 70%, s\u00e3o mais alguns cuidados importantes a serem tomados.<\/p>\n\n\n\n<p><strong>Evitar hospitais&nbsp;<\/strong><\/p>\n\n\n\n<p>Segundo Daniela, a ida a hospitais deve ser evitada ao m\u00e1ximo. \u201cCaso a crian\u00e7a apresente sintomas leves, como coriza e tosse, mesmo que acompanhados de febre, \u00e9 interessante evitar a procura imediata por atendimento, devido ao risco de exposi\u00e7\u00e3o a pacientes infectados\u201d, alerta. Para esses casos, a m\u00e9dica recomenda refor\u00e7ar a higieniza\u00e7\u00e3o nasal com soro fisiol\u00f3gico puro e a hidrata\u00e7\u00e3o. Em caso de febre, os respons\u00e1veis podem utilizar antit\u00e9rmicos e evitar os medicamentos anti-inflamat\u00f3rios.&nbsp;<\/p>\n\n\n\n<p>A procura por atendimento m\u00e9dico \u00e9 aconselhada apenas em situa\u00e7\u00f5es de agravamento dos sintomas, como dificuldade para respirar, apesar da higieniza\u00e7\u00e3o nasal adequada, prostra\u00e7\u00e3o e sinais de desidrata\u00e7\u00e3o, como saliva grossa, aus\u00eancia de urina por mais de seis horas e olhos fundos.&nbsp;<\/p>\n\n\n\n<p><strong>Mudan\u00e7as no hospital<\/strong><\/p>\n\n\n\n<p>Com objetivo de diminuir a exposi\u00e7\u00e3o de risco de usu\u00e1rios e servidores no pronto-atendimento do HIJPII, em Belo Horizonte, foi implementada a pr\u00e9-triagem, com objetivo de identificar e isolar rapidamente pacientes de risco para Covid-19 assim que eles chegam \u00e0 unidade. A medida segue recomenda\u00e7\u00e3o da\u00a0Secretaria de Estado de Sa\u00fade (SES-MG), do Minist\u00e9rio da Sa\u00fade, do Centro de Controle e Preven\u00e7\u00e3o de Doen\u00e7as e da Organiza\u00e7\u00e3o Mundial da Sa\u00fade (OMS).\u00a0<\/p>\n\n\n\n<p>Al\u00e9m disso, desde a \u00faltima segunda-feira (23\/3), dois pronto-atendimentos come\u00e7aram a funcionar no hospital. Um deles recebe apenas quadros respirat\u00f3rios, e o outro atende as demais queixas, garantindo a separa\u00e7\u00e3o dos tipos diferentes de pacientes.<\/p>\n\n\n\n<p>Atualmente, o complexo de urg\u00eancia pedi\u00e1trica da Fhemig conta com 26 leitos de UTI, sendo 16 deles no HIJPII e dez no Hospital Jo\u00e3o XXIII. Al\u00e9m disso, est\u00e3o sendo abertos outros oito leitos sobressalentes, a fim de ampliar capacidade de atendimento a pacientes cr\u00edticos com doen\u00e7as respirat\u00f3rias.<\/p>\n\n\n\n<p><strong>Vetores<\/strong><\/p>\n\n\n\n<p>Apesar da incid\u00eancia de casos graves ser bem menor em crian\u00e7as, vale lembrar que elas podem servir de vetores para a doen\u00e7a. Ou seja, em muitas ocasi\u00f5es, elas podem estar contaminadas pelo v\u00edrus e n\u00e3o apresentar sintomas, mas, mesmo assim, transmitir o Covid-19. Por isso, \u00e9 essencial evitar que elas tenham contato com pessoas dos grupos de risco suscet\u00edveis a desenvolver formas graves da doen\u00e7a.\u00a0<\/p>\n\n\n\n<p class=\"has-text-color has-background has-very-light-gray-color has-very-dark-gray-background-color\">Quer saber as not\u00edcias do <strong>Aconteceu no Vale<\/strong> em primeira m\u00e3o? Siga-nos no Facebook <a rel=\"noreferrer noopener\" href=\"http:\/\/facebook.com\/aconteceunovale\" target=\"_blank\">@aconteceunovale<\/a>, Twitter <a rel=\"noreferrer noopener\" href=\"https:\/\/twitter.com\/noticiadosvales\" target=\"_blank\">@noticiadosvales<\/a> e Instagram <a rel=\"noreferrer noopener\" href=\"https:\/\/www.instagram.com\/aconteceunovale\" target=\"_blank\">@aconteceunovale<\/a>.<\/p>\n","protected":false},"excerpt":{"rendered":"<p>Com a chegada do coronav\u00edrus (Covid-19), muitas d\u00favidas e receios surgem, especialmente para quem tem crian\u00e7as em casa. De acordo com a infectologista pedi\u00e1trica do Servi\u00e7o de Controle de Infec\u00e7\u00e3o Hospitalar do Hospital Infantil Jo\u00e3o Paulo II (HIJPII), da\u00a0Rede Fhemig\u00a0Daniela Caldas Teixeira, estudos que avaliaram o comportamento da doen\u00e7a em outros pa\u00edses demonstram que crian\u00e7as [&hellip;]<\/p>\n","protected":false},"author":1,"featured_media":160101,"comment_status":"open","ping_status":"closed","sticky":false,"template":"","format":"standard","meta":{"amp_status":"","footnotes":""},"categories":[123,40242],"tags":[218436,214884,218435,216498,218438,1018,218439,218437,218434,127284,52113],"class_list":["post-160100","post","type-post","status-publish","format-standard","has-post-thumbnail","hentry","category-gerais","category-saude-2","tag-acao-do-coronavirus-em-criancas","tag-coronavirus","tag-coronavirus-em-criancas","tag-covid-19","tag-daniela-caldas-teixeira","tag-destaque","tag-entenda-a-acao-do-novo-coronavirus-em-criancas","tag-hijpii","tag-hospitalar-do-hospital-infantil-joao-paulo-ii","tag-rede-fhemig","tag-ses-mg"],"_links":{"self":[{"href":"https:\/\/aconteceunovale.com.br\/portal\/index.php?rest_route=\/wp\/v2\/posts\/160100","targetHints":{"allow":["GET"]}}],"collection":[{"href":"https:\/\/aconteceunovale.com.br\/portal\/index.php?rest_route=\/wp\/v2\/posts"}],"about":[{"href":"https:\/\/aconteceunovale.com.br\/portal\/index.php?rest_route=\/wp\/v2\/types\/post"}],"author":[{"embeddable":true,"href":"https:\/\/aconteceunovale.com.br\/portal\/index.php?rest_route=\/wp\/v2\/users\/1"}],"replies":[{"embeddable":true,"href":"https:\/\/aconteceunovale.com.br\/portal\/index.php?rest_route=%2Fwp%2Fv2%2Fcomments&post=160100"}],"version-history":[{"count":1,"href":"https:\/\/aconteceunovale.com.br\/portal\/index.php?rest_route=\/wp\/v2\/posts\/160100\/revisions"}],"predecessor-version":[{"id":160102,"href":"https:\/\/aconteceunovale.com.br\/portal\/index.php?rest_route=\/wp\/v2\/posts\/160100\/revisions\/160102"}],"wp:featuredmedia":[{"embeddable":true,"href":"https:\/\/aconteceunovale.com.br\/portal\/index.php?rest_route=\/wp\/v2\/media\/160101"}],"wp:attachment":[{"href":"https:\/\/aconteceunovale.com.br\/portal\/index.php?rest_route=%2Fwp%2Fv2%2Fmedia&parent=160100"}],"wp:term":[{"taxonomy":"category","embeddable":true,"href":"https:\/\/aconteceunovale.com.br\/portal\/index.php?rest_route=%2Fwp%2Fv2%2Fcategories&post=160100"},{"taxonomy":"post_tag","embeddable":true,"href":"https:\/\/aconteceunovale.com.br\/portal\/index.php?rest_route=%2Fwp%2Fv2%2Ftags&post=160100"}],"curies":[{"name":"wp","href":"https:\/\/api.w.org\/{rel}","templated":true}]}}