{"id":160093,"date":"2020-03-26T23:00:09","date_gmt":"2020-03-27T02:00:09","guid":{"rendered":"http:\/\/aconteceunovale.com.br\/portal\/?p=160093"},"modified":"2020-03-26T23:00:36","modified_gmt":"2020-03-27T02:00:36","slug":"camara-dos-deputados-aprova-auxilio-r-600-por-mes-para-trabalhador-informal","status":"publish","type":"post","link":"https:\/\/aconteceunovale.com.br\/portal\/?p=160093","title":{"rendered":"C\u00e2mara dos Deputados aprova aux\u00edlio R$ 600 por m\u00eas para trabalhador informal"},"content":{"rendered":"\n<p>O plen\u00e1rio da C\u00e2mara dos Deputados aprovou nesta quinta-feira (26\/03\/2020) aux\u00edlio emergencial por tr\u00eas meses, no valor de R$ 600,00, destinados aos trabalhadores aut\u00f4nomos, informais e sem renda fixa durante a crise provocada pela pandemia de coronav\u00edrus. A mat\u00e9ria segue para an\u00e1lise do Senado.\u00a0<\/p>\n\n\n\n<p>Pelo texto do relator, deputado Marcelo Aro (PP-MG), o aux\u00edlio pode chegar a R$ 1.200 por fam\u00edlia. O valor final, superior aos R$ 200 anunciados pelo Executivo no in\u00edcio da crise em virtude da pandemia, foi poss\u00edvel ap\u00f3s\u00a0articula\u00e7\u00e3o de parlamentares com membros do governo federal. O projeto prev\u00ea ainda que a m\u00e3e provedora de fam\u00edlia \u201cuniparental\u201d receba duas cotas.\u00a0<\/p>\n\n\n\n<p>Os trabalhadores dever\u00e3o cumprir alguns crit\u00e9rios, em conjunto, para ter direito ao aux\u00edlio:<\/p>\n\n\n\n<ul class=\"wp-block-list\"><li>ser maior de 18 anos de idade;<\/li><li>n\u00e3o ter emprego formal;<\/li><li>n\u00e3o receber benef\u00edcio previdenci\u00e1rio ou assistencial, seguro-desemprego ou de outro programa de transfer\u00eancia de renda federal que n\u00e3o seja o Bolsa Fam\u00edlia;<\/li><li>renda familiar mensal per capita (por pessoa) de at\u00e9 meio sal\u00e1rio m\u00ednimo (R$ 522,50) ou renda familiar mensal total (tudo o que a fam\u00edlia recebe) de at\u00e9 tr\u00eas sal\u00e1rios m\u00ednimos (R$ 3.135,00); e<\/li><li>n\u00e3o ter recebido rendimentos tribut\u00e1veis, no ano de 2018, acima de R$ 28.559,70.<\/li><\/ul>\n\n\n\n<p>Pelo texto, o benefici\u00e1rio dever\u00e1 ainda cumprir uma dessas condi\u00e7\u00f5es:<\/p>\n\n\n\n<ul class=\"wp-block-list\"><li>exercer atividade na condi\u00e7\u00e3o de microempreendedor individual (MEI);<\/li><li>ser contribuinte individual ou facultativo do Regime Geral de Previd\u00eancia Social (RGPS);<\/li><li>ser trabalhador informal inscrito no Cadastro \u00danico para Programas Sociais do Governo Federal (Cad\u00danico); ou<\/li><li>ter cumprido o requisito de renda m\u00e9dia at\u00e9 20 de mar\u00e7o de 2020.<\/li><\/ul>\n\n\n\n<p>Pelas regras, o trabalhador n\u00e3o pode ter v\u00ednculo formal, ou seja, n\u00e3o poder\u00e3o receber o benef\u00edcio trabalhadores formalizados pela Consolida\u00e7\u00e3o das Leis do Trabalho (CLT) e servidores p\u00fablicos.&nbsp;<\/p>\n\n\n\n<p>Pela proposta, tamb\u00e9m ser\u00e1 permitido a duas pessoas de uma mesma fam\u00edlia acumularem benef\u00edcios: um do aux\u00edlio emergencial e um do Bolsa Fam\u00edlia. Se o aux\u00edlio for maior que a bolsa, a pessoa poder\u00e1 fazer a op\u00e7\u00e3o pelo aux\u00edlio. O pagamento ser\u00e1 realizado por meio de bancos p\u00fablicos federais via conta do tipo poupan\u00e7a social digital. Essa conta pode ser a mesma j\u00e1 usada para pagar recursos de programas sociais governamentais, como PIS\/Pasep e Fundo de Garantia do Tempo de Servi\u00e7o (FGTS), mas n\u00e3o pode permitir a emiss\u00e3o de cart\u00e3o f\u00edsico ou cheques.<\/p>\n\n\n\n<h2 class=\"wp-block-heading\">Impacto fiscal<\/h2>\n\n\n\n<p>No in\u00edcio da tarde, o presidente da C\u00e2mara, deputado Rodrigo Maia (DEM-RJ), defendeu o aux\u00edlio de R$ 500 durante o per\u00edodo de crise. Segundo ele, o valor referente a meio sal\u00e1rio-m\u00ednimo (atualmente em R$ 1.039) deveria ser pago por tr\u00eas meses e teria um impacto fiscal estimado entre R$ 10 bilh\u00f5es e R$ 12 bilh\u00f5es. Com a mudan\u00e7a, a perspectiva fiscal \u00e9 de um impacto de R$ 14 bilh\u00f5es. Maia argumentou que o valor pago aos profissionais informais deve ser mantido caso ainda haja necessidade ap\u00f3s os tr\u00eas meses previstos no texto.&nbsp;<\/p>\n\n\n\n<p>\u201cN\u00e3o \u00e9 poss\u00edvel que a gente n\u00e3o possa garantir aos trabalhadores informais uma renda por esse per\u00edodo de tr\u00eas meses e avaliando esse cen\u00e1rio a cada semana, porque isso \u00e9 um cen\u00e1rio de guerra. \u00c9 importante que a gente possa aplicar os recursos [p\u00fablicos] tamb\u00e9m na sociedade brasileira\u201d, disse o presidente da C\u00e2mara.<\/p>\n\n\n\n<p>O l\u00edder do governo na C\u00e2mara, deputado Vitor Hugo&nbsp;(PSL-GO), destacou o apoio de presidente Jair Bolsonaro para o aux\u00edlio de&nbsp;R$ 600. &#8220;O&nbsp;presidente Bolsonaro, muito sens\u00edvel a esses 25 milh\u00f5es de brasileiros que s\u00e3o os mais afetados, os mais sofridos, atento \u00e0s reivindica\u00e7\u00f5es dos l\u00edderes partid\u00e1rios, decidiu apoiar a medida de R$ 600. Isso vai fazer com que as fam\u00edlias que t\u00eam duas pessoas nessa condi\u00e7\u00e3o tenham mais do que 1 sal\u00e1rio m\u00ednimo, ser\u00e3o R$ 1.200.&#8221;<\/p>\n\n\n\n<p>Para o l\u00edder minoria, deputado Jos\u00e9 Guimar\u00e3es (PT-CE), a medida \u00e9 essencial em tempos de crise. \u201cN\u00f3s temos a compreens\u00e3o de que, em um momento como esse, de grave crise na economia real, que est\u00e1 impactando a sa\u00fade p\u00fablica no Brasil, n\u00f3s n\u00e3o podemos ter restri\u00e7\u00f5es para gastar. Portanto, o gasto com a sa\u00fade tem que ser ilimitado\u201d, afirmou. &nbsp;<\/p>\n\n\n\n<p>O l\u00edder do MDB, deputado Baleia Rossi (SP), afirmou que a proposta garante o \u201cm\u00ednimo de esperan\u00e7a\u201d para trabalhadores informais, mas tamb\u00e9m ser\u00e3o necess\u00e1rias medidas para micro e pequenas empresas.&nbsp;<\/p>\n\n\n\n<p>\u201cS\u00e3o os informais que hoje n\u00e3o est\u00e3o trabalhando, n\u00e3o t\u00eam renda. Hoje n\u00e3o t\u00eam a m\u00ednima esperan\u00e7a de chegar ao final do m\u00eas e ter o seu dinheiro para comprar as necessidades mais b\u00e1sicas da sua fam\u00edlia\u2019, argumentou o parlamentar\u201d, disse. \u201cN\u00f3s aguardamos agora cr\u00e9dito para as pequenas e m\u00e9dias empresas, porque n\u00f3s sabemos que tamb\u00e9m elas est\u00e3o paradas e n\u00e3o t\u00eam como se sustentar. \u00c9 preciso que o governo olhe para as pequenas e m\u00e9dias empresas e possa liberar cr\u00e9dito barato extraordin\u00e1rio para essa finalidade, e tamb\u00e9m a medida provis\u00f3ria para garantir emprego e o seguro-desemprego para os trabalhadores\u201d.<\/p>\n\n\n\n<h2 class=\"wp-block-heading\">Hospitais filantr\u00f3picos<\/h2>\n\n\n\n<p>O plen\u00e1rio tamb\u00e9m aprovou nesta quinta a suspens\u00e3o, por 120 dias, a contar de 1\u00ba de mar\u00e7o, a obrigatoriedade de hospitais filantr\u00f3picos de cumprirem metas quantitativas e qualitativas contratadas junto ao Sistema \u00danico de Sa\u00fade (SUS). Em troca de isen\u00e7\u00e3o de impostos, essas unidades de sa\u00fade precisam prestar servi\u00e7os de sa\u00fade como consultas, exames e procedimentos de m\u00e9dia e alta complexidade (cirurgias, por exemplo) ao SUS.<\/p>\n\n\n\n<p>No entanto, por causa da crise provocada pela pandemia de coronav\u00edrus, esses hospitais n\u00e3o conseguir\u00e3o atingir as metas de quantidade e qualidade para que as mantenedoras possam contar com a isen\u00e7\u00e3o.&nbsp;<\/p>\n\n\n\n<p>\u201c[A medida] garante aos prestadores de servi\u00e7o do SUS, especialmente as santas casas, hospitais universit\u00e1rios, a manuten\u00e7\u00e3o dos recursos que esses prestadores recebem mensalmente e que, infelizmente, podem ser interrompidos neste momento da pandemia do coronav\u00edrus\u201d, disse o deputado Dr Luizinho (PP-RJ).&nbsp;<\/p>\n\n\n\n<p>\u201cPorque infelizmente, neste momento, n\u00f3s temos uma situa\u00e7\u00e3o que suspende as cirurgias eletivas. A maioria desses prestadores de servi\u00e7o trabalham com as cirurgias eletivas, com procedimentos ambulatoriais e certamente ser\u00e3o afetados. Por isso, a manuten\u00e7\u00e3o por 120 dias \u00e9 fundamental, a fim de que eles possam ter a manuten\u00e7\u00e3o das suas atividades, da situa\u00e7\u00e3o econ\u00f4mica dos seus empregos\u201d, completou o parlamentar.<\/p>\n\n\n\n<h2 class=\"wp-block-heading\">Adicional de insalubridade<\/h2>\n\n\n\n<p>Outra proposta aprovada pelos parlamentares garantiu um adicional de insalubridade para trabalhadores de servi\u00e7os essenciais ao combate a epidemias em casos de calamidade p\u00fablica.<\/p>\n\n\n\n<p>O texto prev\u00ea que profissionais da \u00e1rea de sa\u00fade, seguran\u00e7a p\u00fablica, vigil\u00e2ncia sanit\u00e1ria, corpo de bombeiros e limpeza urbana no combate de epidemias devem receber o pagamento de adicional de insalubridade em grau m\u00e1ximo, o equivalente a 40% do sal\u00e1rio m\u00ednimo da regi\u00e3o (R$ 418).<\/p>\n\n\n\n<p class=\"has-text-color has-background has-very-light-gray-color has-very-dark-gray-background-color\">Quer saber as not\u00edcias do <strong>Aconteceu no Vale<\/strong> em primeira m\u00e3o? Siga-nos no Facebook <a rel=\"noreferrer noopener\" href=\"http:\/\/facebook.com\/aconteceunovale\" target=\"_blank\">@aconteceunovale<\/a>, Twitter <a rel=\"noreferrer noopener\" href=\"https:\/\/twitter.com\/noticiadosvales\" target=\"_blank\">@noticiadosvales<\/a> e Instagram <a rel=\"noreferrer noopener\" href=\"https:\/\/www.instagram.com\/aconteceunovale\" target=\"_blank\">@aconteceunovale<\/a>.<\/p>\n","protected":false},"excerpt":{"rendered":"<p>O plen\u00e1rio da C\u00e2mara dos Deputados aprovou nesta quinta-feira (26\/03\/2020) aux\u00edlio emergencial por tr\u00eas meses, no valor de R$ 600,00, destinados aos trabalhadores aut\u00f4nomos, informais e sem renda fixa durante a crise provocada pela pandemia de coronav\u00edrus. A mat\u00e9ria segue para an\u00e1lise do Senado.\u00a0 Pelo texto do relator, deputado Marcelo Aro (PP-MG), o aux\u00edlio pode [&hellip;]<\/p>\n","protected":false},"author":1,"featured_media":73253,"comment_status":"open","ping_status":"closed","sticky":false,"template":"","format":"standard","meta":{"amp_status":"","footnotes":""},"categories":[6,40236],"tags":[218414,218413,218412,218427,218049,218205,218411,214884,215394,218203,218234,218246,216498,218043,218204,218366,218364,19326,218044,218354,218045,218206,218365,218415],"class_list":["post-160093","post","type-post","status-publish","format-standard","has-post-thumbnail","hentry","category-br","category-empregos-2","tag-ajuda-durante-pandemia-do-coronavirus","tag-auxilio-durante-a-pandemia-do-coronavirus","tag-bolsonaro-diz-que-auxilio-para-trabalhador-informal-durante-a-pandemia-sera-de-r-600","tag-camara-dos-deputados-aprova-auxilio-r-600-por-mes-para-trabalhador-informal","tag-casos-de-coronavirus-no-brasil","tag-casos-de-covid-19-no-brasil","tag-confira-como-esta-o-avanco-do-coronavirus-no-brasil","tag-coronavirus","tag-coronavirus-no-brasil","tag-coronavirus-brasil-tem-18-mortes-e-1-128-casos-confirmados","tag-coronavirus-brasil-tem-25-mortes-e-1-546-casos-confirmados","tag-coronavirus-mortes-no-brasil-sobem-para-34-e-casos-confirmados-sao-1-891","tag-covid-19","tag-covid-19-no-brasil","tag-covid-19-brasil-tem-18-mortes-e-1-128-casos-confirmados","tag-governadores-manterao-medidas-de-isolamento-social-contra-o-coronavirus","tag-isolamento-social","tag-ministerio-da-saude","tag-mortes-por-coronavirus-no-brasil","tag-mortes-por-coronavirus-sobem-para-57-no-brasil","tag-mortes-por-covid-19-no-brasil","tag-numero-de-casos-de-covid-19-confirmados-no-brasil","tag-pandemia-do-coronavirus","tag-voucher-durante-pandemia-do-coronavirus"],"_links":{"self":[{"href":"https:\/\/aconteceunovale.com.br\/portal\/index.php?rest_route=\/wp\/v2\/posts\/160093","targetHints":{"allow":["GET"]}}],"collection":[{"href":"https:\/\/aconteceunovale.com.br\/portal\/index.php?rest_route=\/wp\/v2\/posts"}],"about":[{"href":"https:\/\/aconteceunovale.com.br\/portal\/index.php?rest_route=\/wp\/v2\/types\/post"}],"author":[{"embeddable":true,"href":"https:\/\/aconteceunovale.com.br\/portal\/index.php?rest_route=\/wp\/v2\/users\/1"}],"replies":[{"embeddable":true,"href":"https:\/\/aconteceunovale.com.br\/portal\/index.php?rest_route=%2Fwp%2Fv2%2Fcomments&post=160093"}],"version-history":[{"count":1,"href":"https:\/\/aconteceunovale.com.br\/portal\/index.php?rest_route=\/wp\/v2\/posts\/160093\/revisions"}],"predecessor-version":[{"id":160094,"href":"https:\/\/aconteceunovale.com.br\/portal\/index.php?rest_route=\/wp\/v2\/posts\/160093\/revisions\/160094"}],"wp:featuredmedia":[{"embeddable":true,"href":"https:\/\/aconteceunovale.com.br\/portal\/index.php?rest_route=\/wp\/v2\/media\/73253"}],"wp:attachment":[{"href":"https:\/\/aconteceunovale.com.br\/portal\/index.php?rest_route=%2Fwp%2Fv2%2Fmedia&parent=160093"}],"wp:term":[{"taxonomy":"category","embeddable":true,"href":"https:\/\/aconteceunovale.com.br\/portal\/index.php?rest_route=%2Fwp%2Fv2%2Fcategories&post=160093"},{"taxonomy":"post_tag","embeddable":true,"href":"https:\/\/aconteceunovale.com.br\/portal\/index.php?rest_route=%2Fwp%2Fv2%2Ftags&post=160093"}],"curies":[{"name":"wp","href":"https:\/\/api.w.org\/{rel}","templated":true}]}}