{"id":160089,"date":"2020-03-26T22:22:56","date_gmt":"2020-03-27T01:22:56","guid":{"rendered":"http:\/\/aconteceunovale.com.br\/portal\/?p=160089"},"modified":"2020-03-26T22:23:21","modified_gmt":"2020-03-27T01:23:21","slug":"prazo-para-entrega-de-declaracao-de-microempreendedor-e-prorrogado","status":"publish","type":"post","link":"https:\/\/aconteceunovale.com.br\/portal\/?p=160089","title":{"rendered":"Prazo para entrega de declara\u00e7\u00e3o de microempreendedor \u00e9 prorrogado"},"content":{"rendered":"\n<p>O prazo de apresenta\u00e7\u00e3o da Declara\u00e7\u00e3o de Informa\u00e7\u00f5es Socioecon\u00f4micas e Fiscais (Defis) e da Declara\u00e7\u00e3o Anual Simplificada para o microempreendedor individual, referentes ao ano-calend\u00e1rio de 2019, foram prorrogadas para o dia&nbsp;30 de junho&nbsp;de 2020. O prazo final era o dia 31 deste m\u00eas.<\/p>\n\n\n\n<p>A medida, aprovada pelo Comit\u00ea Gestor do Simples Nacional, foi&nbsp;<a href=\"http:\/\/www.in.gov.br\/en\/web\/dou\/-\/resolucao-n-153-de-25-de-marco-de-2020-249804173\" target=\"_blank\" rel=\"noreferrer noopener\">publicada no Di\u00e1rio Oficial<\/a>&nbsp;de&nbsp;hoje&nbsp;(26). Segundo a Receita Federal, o objetivo \u00e9 diminuir os impactos econ\u00f4micos causados pela pandemia de covid-19 no Brasil.<\/p>\n\n\n\n<p>A Receita lembra que o comit\u00ea j\u00e1 havia aprovado a Resolu\u00e7\u00e3o n\u00ba 152, de\u00a018 de mar\u00e7o de 2020, prorrogando o prazo para pagamento dos tributos federais no \u00e2mbito do Simples Nacional.<\/p>\n\n\n\n<p class=\"has-text-color has-background has-very-light-gray-color has-very-dark-gray-background-color\">Quer saber as not\u00edcias do <strong>Aconteceu no Vale<\/strong> em primeira m\u00e3o? Siga-nos no Facebook <a rel=\"noreferrer noopener\" href=\"http:\/\/facebook.com\/aconteceunovale\" target=\"_blank\">@aconteceunovale<\/a>, Twitter <a rel=\"noreferrer noopener\" href=\"https:\/\/twitter.com\/noticiadosvales\" target=\"_blank\">@noticiadosvales<\/a> e Instagram <a rel=\"noreferrer noopener\" href=\"https:\/\/www.instagram.com\/aconteceunovale\" target=\"_blank\">@aconteceunovale<\/a>.<\/p>\n","protected":false},"excerpt":{"rendered":"<p>O prazo de apresenta\u00e7\u00e3o da Declara\u00e7\u00e3o de Informa\u00e7\u00f5es Socioecon\u00f4micas e Fiscais (Defis) e da Declara\u00e7\u00e3o Anual Simplificada para o microempreendedor individual, referentes ao ano-calend\u00e1rio de 2019, foram prorrogadas para o dia&nbsp;30 de junho&nbsp;de 2020. O prazo final era o dia 31 deste m\u00eas. A medida, aprovada pelo Comit\u00ea Gestor do Simples Nacional, foi&nbsp;publicada no Di\u00e1rio [&hellip;]<\/p>\n","protected":false},"author":1,"featured_media":155874,"comment_status":"open","ping_status":"closed","sticky":false,"template":"","format":"standard","meta":{"amp_status":"","footnotes":""},"categories":[6],"tags":[214884,216498,218422,218423,154600,140166,218421,218420,1464],"class_list":["post-160089","post","type-post","status-publish","format-standard","has-post-thumbnail","hentry","category-br","tag-coronavirus","tag-covid-19","tag-declaracao-de-mei","tag-declaracao-de-microempreendedor","tag-microempreendedor","tag-pandemia","tag-prazo-para-entrega-de-declaracao-de-mei-e-prorrogado","tag-prazo-para-entrega-de-declaracao-de-microempreendedor-e-prorrogado","tag-receita-federal"],"_links":{"self":[{"href":"https:\/\/aconteceunovale.com.br\/portal\/index.php?rest_route=\/wp\/v2\/posts\/160089","targetHints":{"allow":["GET"]}}],"collection":[{"href":"https:\/\/aconteceunovale.com.br\/portal\/index.php?rest_route=\/wp\/v2\/posts"}],"about":[{"href":"https:\/\/aconteceunovale.com.br\/portal\/index.php?rest_route=\/wp\/v2\/types\/post"}],"author":[{"embeddable":true,"href":"https:\/\/aconteceunovale.com.br\/portal\/index.php?rest_route=\/wp\/v2\/users\/1"}],"replies":[{"embeddable":true,"href":"https:\/\/aconteceunovale.com.br\/portal\/index.php?rest_route=%2Fwp%2Fv2%2Fcomments&post=160089"}],"version-history":[{"count":1,"href":"https:\/\/aconteceunovale.com.br\/portal\/index.php?rest_route=\/wp\/v2\/posts\/160089\/revisions"}],"predecessor-version":[{"id":160090,"href":"https:\/\/aconteceunovale.com.br\/portal\/index.php?rest_route=\/wp\/v2\/posts\/160089\/revisions\/160090"}],"wp:featuredmedia":[{"embeddable":true,"href":"https:\/\/aconteceunovale.com.br\/portal\/index.php?rest_route=\/wp\/v2\/media\/155874"}],"wp:attachment":[{"href":"https:\/\/aconteceunovale.com.br\/portal\/index.php?rest_route=%2Fwp%2Fv2%2Fmedia&parent=160089"}],"wp:term":[{"taxonomy":"category","embeddable":true,"href":"https:\/\/aconteceunovale.com.br\/portal\/index.php?rest_route=%2Fwp%2Fv2%2Fcategories&post=160089"},{"taxonomy":"post_tag","embeddable":true,"href":"https:\/\/aconteceunovale.com.br\/portal\/index.php?rest_route=%2Fwp%2Fv2%2Ftags&post=160089"}],"curies":[{"name":"wp","href":"https:\/\/api.w.org\/{rel}","templated":true}]}}