{"id":160083,"date":"2020-03-26T21:56:46","date_gmt":"2020-03-27T00:56:46","guid":{"rendered":"http:\/\/aconteceunovale.com.br\/portal\/?p=160083"},"modified":"2020-03-26T21:57:07","modified_gmt":"2020-03-27T00:57:07","slug":"bolsonaro-diz-que-auxilio-para-trabalhador-informal-durante-a-pandemia-sera-de-r-600","status":"publish","type":"post","link":"https:\/\/aconteceunovale.com.br\/portal\/?p=160083","title":{"rendered":"Bolsonaro diz que aux\u00edlio para trabalhador informal durante a pandemia ser\u00e1 de R$ 600"},"content":{"rendered":"\n<p>O presidente Jair Bolsonaro afirmou hoje (26\/03\/2020) que o aux\u00edlio emergencial para os trabalhadores informais durante a pandemia do novo coronav\u00edrus ser\u00e1 de R$ 600 por m\u00eas. O valor corresponde ao triplo informado inicialmente e ser\u00e1 pago durante tr\u00eas meses.<\/p>\n\n\n\n<p>&#8220;Aquela ajuda inicial para os informais, de R$ 200, que \u00e9 muito pouco, conversei com Paulo Guedes, e ele resolveu triplicar esse valor&#8221;, afirmou o presidente durante sua&nbsp;<em>live<\/em>&nbsp;semanal transmitida no Facebook. O aux\u00edlio \u00e9 voltado aos trabalhadores informais (sem carteira assinada), \u00e0s pessoas sem assist\u00eancia social e \u00e0 popula\u00e7\u00e3o que desistiu de procurar emprego.<\/p>\n\n\n\n<p>A medida \u00e9 uma forma de amparar as camadas mais vulner\u00e1veis \u00e0 crise econ\u00f4mica causada pela dissemina\u00e7\u00e3o da doen\u00e7a no Brasil, e o aux\u00edlio ser\u00e1 distribu\u00eddo por meio de&nbsp;<em>vouchers<\/em>&nbsp;(cupons). De acordo com a Pesquisa Nacional por Amostra de Domic\u00edlios Cont\u00ednua (Pnad Cont\u00ednua), realizada pelo Instituto Brasileiro de Geografia e Estat\u00edstica (IBGE), a taxa de informalidade (trabalhadores sem carteira assinada ou empreendedores sem registro, por exemplo) atinge 41,1% da for\u00e7a de trabalho ocupada no pa\u00eds.<\/p>\n\n\n\n<p>O Minist\u00e9rio da Economia ainda n\u00e3o informou quanto esse novo valor do aux\u00edlio emergencial custar\u00e1 aos cofres p\u00fablicos. Na \u00e9poca em que foi anunciado o&nbsp;<em>voucher<\/em>&nbsp;no valor de R$ 200, o ministro Paulo Guedes afirmou que o aux\u00edlio custaria, no total, R$ 15 bilh\u00f5es. Os&nbsp;<em>vouchers&nbsp;<\/em>poder\u00e3o ser retirados por pessoas inscritas no Cadastro \u00danico para Programas Sociais do Governo Federal, instrumento administrado pelo Minist\u00e9rio da Cidadania que identifica e caracteriza as fam\u00edlias de baixa renda, desde que o interessado n\u00e3o receba nenhum benef\u00edcio social, como o Bolsa Fam\u00edlia e o Benef\u00edcio de Presta\u00e7\u00e3o Continuada (BPC).<\/p>\n\n\n\n<h2 class=\"wp-block-heading\">Isolamento<\/h2>\n\n\n\n<p>Durante a&nbsp;<em>live<\/em>, o presidente voltou a criticar as medidas que restringem o com\u00e9rcio e determinam o isolamento social generalizado. Para Bolsonaro, o pa\u00eds deveria adotar o chamado &#8220;isolamento vertical&#8221;, em que ficam recolhidas somente as pessoas que fazem parte de grupo de risco, como idosos e popula\u00e7\u00e3o com doen\u00e7as cr\u00f4nicas. &#8220;Essa neurose de fechar tudo n\u00e3o est\u00e1 dando certo. Para combater o v\u00edrus, est\u00e3o matando o paciente&#8221;, afirmou.<\/p>\n\n\n\n<p>O isolamento social e o cancelamento de eventos,<em>&nbsp;shows<\/em>, fechamento de museus, cinemas e restri\u00e7\u00e3o de servi\u00e7os n\u00e3o essenciais est\u00e3o entre as principais recomenda\u00e7\u00f5es da Organiza\u00e7\u00e3o Mundial da Sa\u00fade (OMS) para conter o avan\u00e7o do novo coronav\u00edrus.<\/p>\n\n\n\n<p>Al\u00e9m de defender a flexibiliza\u00e7\u00e3o das medidas de isolamento, Bolsonaro alertou que cabe \u00e0s fam\u00edlias cuidar da prote\u00e7\u00e3o das pessoas que est\u00e3o no grupo de risco para a covid-19. Segundo ele, a letalidade da doen\u00e7a \u00e9 baixa e n\u00e3o pode paralisar a economia.<\/p>\n\n\n\n<p>&#8220;Para 90% da popula\u00e7\u00e3o, essa gripe \u00e9 quase nada. [Para] quem tem menos de 40 anos, uma vez infectado, a chance de \u00f3bito \u00e9 pr\u00f3xima a zero, de uma para cada 500 pessoas&#8221;, disse. &#8220;A primeira pessoa a se preocupar com o grupo de risco \u00e9 voc\u00ea. N\u00e3o \u00e9 esperar que o governo fa\u00e7a, o governo est\u00e1 fazendo muita coisa, mas n\u00e3o pode fazer tudo que acham que o Estado pode fazer&#8221;, completou.<\/p>\n\n\n\n<p>De acordo com a \u00faltima atualiza\u00e7\u00e3o do Minist\u00e9rio da Sa\u00fade, divulgada nesta quinta-feira (26), o pa\u00eds registra\u00a02.915 casos confirmados de covid-19 e 77 mortes\u00a0causadas pela doen\u00e7a. A taxa de letalidade \u00e9 de 2,7%. Considerando um m\u00eas ap\u00f3s o primeiro infectado, o Brasil fica atr\u00e1s da China (213 mortes e 9.802 casos), mas \u00e0 frente da It\u00e1lia (29 mortes e 1.694 casos).<\/p>\n\n\n\n<p class=\"has-text-color has-background has-very-light-gray-color has-very-dark-gray-background-color\">Quer saber as not\u00edcias do <strong>Aconteceu no Vale<\/strong> em primeira m\u00e3o? Siga-nos no Facebook <a rel=\"noreferrer noopener\" href=\"http:\/\/facebook.com\/aconteceunovale\" target=\"_blank\">@aconteceunovale<\/a>, Twitter <a rel=\"noreferrer noopener\" href=\"https:\/\/twitter.com\/noticiadosvales\" target=\"_blank\">@noticiadosvales<\/a> e Instagram <a rel=\"noreferrer noopener\" href=\"https:\/\/www.instagram.com\/aconteceunovale\" target=\"_blank\">@aconteceunovale<\/a>.<\/p>\n","protected":false},"excerpt":{"rendered":"<p>O presidente Jair Bolsonaro afirmou hoje (26\/03\/2020) que o aux\u00edlio emergencial para os trabalhadores informais durante a pandemia do novo coronav\u00edrus ser\u00e1 de R$ 600 por m\u00eas. O valor corresponde ao triplo informado inicialmente e ser\u00e1 pago durante tr\u00eas meses. &#8220;Aquela ajuda inicial para os informais, de R$ 200, que \u00e9 muito pouco, conversei com [&hellip;]<\/p>\n","protected":false},"author":1,"featured_media":160084,"comment_status":"open","ping_status":"closed","sticky":false,"template":"","format":"standard","meta":{"amp_status":"","footnotes":""},"categories":[6,40240],"tags":[218414,218413,218412,218049,218205,218411,214884,215394,218203,218234,218246,216498,218043,218204,218366,218364,19326,218044,218354,218045,218206,218365,218415],"class_list":["post-160083","post","type-post","status-publish","format-standard","has-post-thumbnail","hentry","category-br","category-politica-2","tag-ajuda-durante-pandemia-do-coronavirus","tag-auxilio-durante-a-pandemia-do-coronavirus","tag-bolsonaro-diz-que-auxilio-para-trabalhador-informal-durante-a-pandemia-sera-de-r-600","tag-casos-de-coronavirus-no-brasil","tag-casos-de-covid-19-no-brasil","tag-confira-como-esta-o-avanco-do-coronavirus-no-brasil","tag-coronavirus","tag-coronavirus-no-brasil","tag-coronavirus-brasil-tem-18-mortes-e-1-128-casos-confirmados","tag-coronavirus-brasil-tem-25-mortes-e-1-546-casos-confirmados","tag-coronavirus-mortes-no-brasil-sobem-para-34-e-casos-confirmados-sao-1-891","tag-covid-19","tag-covid-19-no-brasil","tag-covid-19-brasil-tem-18-mortes-e-1-128-casos-confirmados","tag-governadores-manterao-medidas-de-isolamento-social-contra-o-coronavirus","tag-isolamento-social","tag-ministerio-da-saude","tag-mortes-por-coronavirus-no-brasil","tag-mortes-por-coronavirus-sobem-para-57-no-brasil","tag-mortes-por-covid-19-no-brasil","tag-numero-de-casos-de-covid-19-confirmados-no-brasil","tag-pandemia-do-coronavirus","tag-voucher-durante-pandemia-do-coronavirus"],"_links":{"self":[{"href":"https:\/\/aconteceunovale.com.br\/portal\/index.php?rest_route=\/wp\/v2\/posts\/160083","targetHints":{"allow":["GET"]}}],"collection":[{"href":"https:\/\/aconteceunovale.com.br\/portal\/index.php?rest_route=\/wp\/v2\/posts"}],"about":[{"href":"https:\/\/aconteceunovale.com.br\/portal\/index.php?rest_route=\/wp\/v2\/types\/post"}],"author":[{"embeddable":true,"href":"https:\/\/aconteceunovale.com.br\/portal\/index.php?rest_route=\/wp\/v2\/users\/1"}],"replies":[{"embeddable":true,"href":"https:\/\/aconteceunovale.com.br\/portal\/index.php?rest_route=%2Fwp%2Fv2%2Fcomments&post=160083"}],"version-history":[{"count":1,"href":"https:\/\/aconteceunovale.com.br\/portal\/index.php?rest_route=\/wp\/v2\/posts\/160083\/revisions"}],"predecessor-version":[{"id":160085,"href":"https:\/\/aconteceunovale.com.br\/portal\/index.php?rest_route=\/wp\/v2\/posts\/160083\/revisions\/160085"}],"wp:featuredmedia":[{"embeddable":true,"href":"https:\/\/aconteceunovale.com.br\/portal\/index.php?rest_route=\/wp\/v2\/media\/160084"}],"wp:attachment":[{"href":"https:\/\/aconteceunovale.com.br\/portal\/index.php?rest_route=%2Fwp%2Fv2%2Fmedia&parent=160083"}],"wp:term":[{"taxonomy":"category","embeddable":true,"href":"https:\/\/aconteceunovale.com.br\/portal\/index.php?rest_route=%2Fwp%2Fv2%2Fcategories&post=160083"},{"taxonomy":"post_tag","embeddable":true,"href":"https:\/\/aconteceunovale.com.br\/portal\/index.php?rest_route=%2Fwp%2Fv2%2Ftags&post=160083"}],"curies":[{"name":"wp","href":"https:\/\/api.w.org\/{rel}","templated":true}]}}