{"id":160078,"date":"2020-03-26T21:35:28","date_gmt":"2020-03-27T00:35:28","guid":{"rendered":"http:\/\/aconteceunovale.com.br\/portal\/?p=160078"},"modified":"2020-03-26T21:47:09","modified_gmt":"2020-03-27T00:47:09","slug":"confira-como-esta-o-avanco-do-coronavirus-no-brasil","status":"publish","type":"post","link":"https:\/\/aconteceunovale.com.br\/portal\/?p=160078","title":{"rendered":"Confira como est\u00e1 o avan\u00e7o do coronav\u00edrus no Brasil"},"content":{"rendered":"\n<p>Nesta quinta-feira (26) completa um m\u00eas do\u00a0primeiro caso confirmado\u00a0do novo coronav\u00edrus (covid-19) no Brasil. Durante este per\u00edodo a pandemia produziu 77\u00a0mortes, conforme atualiza\u00e7\u00e3o do Minist\u00e9rio da Sa\u00fade divulgada hoje. A taxa de letalidade \u00e9 de 2,7%.<\/p>\n\n\n\n<p>Ontem, as mortes j\u00e1 haviam se expandido para al\u00e9m de S\u00e3o Paulo e do Rio de Janeiro, com falecimentos em Pernambuco, no Rio Grande do Sul e no Amazonas.<\/p>\n\n\n\n<p>O secret\u00e1rio de Vigil\u00e2ncia em Sa\u00fade, Luiz Henrique Mandetta, retificou o n\u00famero de mortes no pa\u00eds. No relat\u00f3rio constava 78 \u00f3bitos, com um caso no Distrito Federal. Mas o secret\u00e1rio afirmou que o registro foi feito por engano e que DF n\u00e3o tem&nbsp;morte por covid-19.&nbsp;&nbsp;<\/p>\n\n\n\n<p>Considerando um m\u00eas ap\u00f3s o primeiro infectado, o Brasil fica atr\u00e1s da China (213 mortes e 9.802 casos) mas \u00e0 frente da It\u00e1lia (29 mortes e 1.694 casos).<\/p>\n\n\n\n<p>O secret\u00e1rio executivo do Minist\u00e9rio da Sa\u00fade, Jo\u00e3o Gabbardo dos Reis, afirmou que a compara\u00e7\u00e3o entre Brasil e It\u00e1lia deve ser ponderada por uma s\u00e9rie de aspectos, como pelo fato dos pa\u00edses terem faixas et\u00e1rias diferentes (a&nbsp;It\u00e1lia com mais idosos)&nbsp;e pelo Brasil ter mais leitos de Unidade de Tratamento Intensiva (UTI) do que aquele pa\u00eds.<\/p>\n\n\n\n<p>\u201cO fato de termos mais casos n\u00e3o significa nada. N\u00f3s come\u00e7amos de forma mais lenta, mas em compensa\u00e7\u00e3o a It\u00e1lia teve crescimento abrupto, que esperamos que n\u00f3s n\u00e3o tenhamos. Pode ser que daqui a uma semana, nossa situa\u00e7\u00e3o seja muito melhor que a It\u00e1lia. Temos uma expectativa que n\u00f3s n\u00e3o&nbsp;vamos ter n\u00famero de \u00f3bitos proporcional que It\u00e1lia est\u00e1 tendo. Precisamos esperar mais algumas semanas\u201d, respondeu.<\/p>\n\n\n\n<p>O total de casos confirmados saiu de 2.433 ontem para 2.915 casos. O resultado de hoje marcou um aumento de 54% nos casos em rela\u00e7\u00e3o ao in\u00edcio da semana, quando foram contabilizadas 1.891 pessoas infectadas.<\/p>\n\n\n\n<p>Do total de mortes, 58 foram em S\u00e3o Paulo, nove no Rio de Janeiro, tr\u00eas no Cear\u00e1, tr\u00eas em Pernambuco, uma no Amazonas, uma no Rio Grande do Sul, uma em Santa Catarina e uma em Goi\u00e1s.&nbsp;<\/p>\n\n\n\n<p>Como local de maior circula\u00e7\u00e3o do novo coronav\u00edrus no pa\u00eds, S\u00e3o Paulo tamb\u00e9m lidera o n\u00famero de pessoas infectadas, com 1052 casos confirmados. Em seguida v\u00eam Rio de Janeiro (421), Cear\u00e1 (235), Distrito Federal (200), Rio Grande do Sul (158) e Minas Gerais (153).<\/p>\n\n\n\n<p>Tamb\u00e9m registram casos confirmados Santa Catarina (122), Bahia (104), Paran\u00e1 (102), Amazonas (67), Pernambuco (48), Esp\u00edrito Santo (39), Goi\u00e1s (39), Mato Grosso do Sul (25), Acre (24), Rio Grande do Norte (19), Sergipe (16), Par\u00e1 (13), Alagoas (11), Mato Groso (11), Maranh\u00e3o (10), Piau\u00ed (nove), Roraima (oito), Tocantins (sete), Rond\u00f4nia (cinco), Para\u00edba (cinco) e Amap\u00e1 (dois).<\/p>\n\n\n\n<h2 class=\"wp-block-heading\">Veja na \u00edntegra<\/h2>\n\n\n\n<iframe loading=\"lazy\" src=\"https:\/\/www.facebook.com\/plugins\/video.php?href=https%3A%2F%2Fwww.facebook.com%2Fagenciabrasil.ebc%2Fvideos%2F212587120000070%2F&#038;show_text=0&#038;width=560\" width=\"560\" height=\"315\" style=\"border:none;overflow:hidden\" scrolling=\"no\" frameborder=\"0\" allowTransparency=\"true\" allowFullScreen=\"true\"><\/iframe>\n\n\n\n<h2 class=\"wp-block-heading\">Balan\u00e7o de 1 m\u00eas de coronav\u00edrus<\/h2>\n\n\n\n<p>A avalia\u00e7\u00e3o da equipe do Minist\u00e9rio da Sa\u00fade&nbsp;\u00e9 que o avan\u00e7o do n\u00famero de casos de coronav\u00edrus tem sido abaixo da expectativa, com&nbsp;evolu\u00e7\u00e3o de 33% a cada dia. Desde o 100\u00ba caso, &nbsp;a m\u00e9dia foi de 31% por dia. Nesta semana, houve dias em que os n\u00fameros subiram abaixo dos 20%. Contudo, o secret\u00e1rio de vigil\u00e2ncia e sa\u00fade, Wanderson de Oliveira, lembrou que isso se deve tamb\u00e9m ao fato dos testes que detectam a doen\u00e7a estarem sendo destinados a casos mais graves. Com o aumento dos exames anunciado ontem, a perspectiva \u00e9 que o n\u00famero seja elevado.&nbsp;<\/p>\n\n\n\n<p>Ele ressaltou como pontos positivos do enfrentamento \u00e0 pandemia no pa\u00eds a for\u00e7a do sistema de sa\u00fade, a capacidade de detectar \u201coportunamente\u201d o surto, a disponibiliza\u00e7\u00e3o de material para assist\u00eancia e as a\u00e7\u00f5es para aten\u00e7\u00e3o prim\u00e1ria. J\u00e1 entre os pontos negativos ressaltou o fato de nos \u00faltimos anos n\u00e3o ter havido investimento na automatiza\u00e7\u00e3o de laborat\u00f3rios centrais.&nbsp;<\/p>\n\n\n\n<h2 class=\"wp-block-heading\">Perspectivas para o pr\u00f3ximo m\u00eas<\/h2>\n\n\n\n<p>A perspectiva para&nbsp;pr\u00f3ximo m\u00eas \u00e9 que a epidemia aumente no Brasil, uma vez que o pa\u00eds est\u00e1 no in\u00edcio da curva de crescimento pela qual outras na\u00e7\u00f5es j\u00e1 est\u00e3o passando, como Estados Unidos, It\u00e1lia e Espanha. A equipe disse que n\u00e3o anunciar\u00e1 proje\u00e7\u00f5es de casos, mas adiantou que dever\u00e1 haver mais mortes e mais casos.<\/p>\n\n\n\n<p>\u201cVamos ter 30 dias muito dif\u00edceis. N\u00e3o vamos conseguir reduzir em 30 dias. Vamos enfrentar isso. \u00c9 dif\u00edcil fazer previs\u00e3o. Essas simula\u00e7\u00f5es s\u00e3o muito precoces para fazer. O n\u00famero de casos depende de vari\u00e1veis da&nbsp;transmiss\u00e3o e do n\u00famero de testes. Agora n\u00e3o vamos fazer previs\u00e3o de quanto teremos em 30 dias. Nossa inten\u00e7\u00e3o \u00e9 fazer que a curva reduza o m\u00e1ximo poss\u00edvel\u201d, &nbsp;declarou Jo\u00e3o Gabbardo dos Reis.&nbsp;<\/p>\n\n\n\n<p>Um problema adicional na avalia\u00e7\u00e3o da equipe \u00e9 o fato desse pr\u00f3ximo per\u00edodo de crescimento da curva do novo coronav\u00edrus coincidir com o pico de casos de dengue e com a epidemia de influenza. Ser\u00e1, como definiu o secret\u00e1rio Wanderson de Oliveira, uma \u201ctempestade perfeita\u201d que demandar\u00e1 uma atua\u00e7\u00e3o voltada \u00e0s tr\u00eas doen\u00e7as.&nbsp;<\/p>\n\n\n\n<p>\u201cTeremos coronav\u00edrus, influenza e pico de dengue. Estamos com tr\u00eas epidemias simult\u00e2neas. Aproveitem que est\u00e3o em casa e limpem o quintal, eliminem focos de dengue e vacinem-se conforme o calend\u00e1rio. Se faltou vacina, converse com gestor e pergunte que dia que tem que voltar\u201d, recomendou o secret\u00e1rio.<\/p>\n\n\n\n<h2 class=\"wp-block-heading\">Evolu\u00e7\u00e3o do coronav\u00edrus no Brasil<\/h2>\n\n\n\n<figure class=\"wp-block-image size-large\"><img decoding=\"async\" src=\"http:\/\/aconteceu.info\/pub\/evolucao_corona_br_1.jpg\" alt=\"\"\/><figcaption><em>Evolu\u00e7\u00e3o mensal do coronav\u00edrus no Brasil &#8211; Minist\u00e9rio da Sa\u00fade<\/em><\/figcaption><\/figure>\n\n\n\n<h2 class=\"wp-block-heading\">Evolu\u00e7\u00e3o semanal<\/h2>\n\n\n\n<figure class=\"wp-block-image size-large\"><img decoding=\"async\" src=\"http:\/\/aconteceu.info\/pub\/evolucao_corona_br_2.png\" alt=\"\"\/><figcaption><em>Evolu\u00e7\u00e3o do coronav\u00edrus no Brasil por semana &#8211; Minist\u00e9rio da Sa\u00fade<\/em><\/figcaption><\/figure>\n\n\n\n<h2 class=\"wp-block-heading\">Evolu\u00e7\u00e3o por regi\u00e3o<\/h2>\n\n\n\n<figure class=\"wp-block-image size-large\"><img decoding=\"async\" src=\"http:\/\/aconteceu.info\/pub\/evolucao_corona_br_3.png\" alt=\"\"\/><figcaption><em>Evolu\u00e7\u00e3o do coronav\u00edrus no Brasil por regi\u00e3o. &#8211; Minist\u00e9rio da Sa\u00fade<\/em><\/figcaption><\/figure>\n\n\n\n<h2 class=\"wp-block-heading\">Perfil e interna\u00e7\u00f5es<\/h2>\n\n\n\n<p>Do total de mortos, 67,8% eram homens e 32,2%, mulheres. No recorte por idade, 10% tinham abaixo de 60 anos e os outros 90%, acima. A faixa com maior n\u00famero de \u00f3bitos at\u00e9 o momento foi a de 80 a 89 anos.<\/p>\n\n\n\n<figure class=\"wp-block-image size-large is-resized\"><img loading=\"lazy\" decoding=\"async\" src=\"http:\/\/aconteceu.info\/pub\/evolucao_corona_br_4.png\" alt=\"\" width=\"580\" height=\"314\"\/><figcaption><em>Comorbidades em v\u00edtimas da covid-19. &#8211; Minist\u00e9rio da Sa\u00fade<\/em><\/figcaption><\/figure>\n\n\n\n<p>No tocante \u00e0s complica\u00e7\u00f5es, a maioria (61%) estava relacionada a doen\u00e7as card\u00edacas, seguidas por diabetes (39%) e pneumopatia (25,4%).&nbsp;<\/p>\n\n\n\n<p>J\u00e1 no quesito interna\u00e7\u00f5es, de acordo com o \u00faltimo dado computado pelo Minist\u00e9rio da Sa\u00fade&nbsp;havia at\u00e9 ontem 391 pessoas internadas em raz\u00e3o da covid-19. Dessas, 92%, ou 341, est\u00e3o em estado grave. Deste total, 124 est\u00e3o com complica\u00e7\u00f5es relativas a doen\u00e7as card\u00edacas, 82 relacionadas \u00e0 diabetes, 31 com pneumonia, 31 como imunodepress\u00e3o e 15 com doen\u00e7as renais cr\u00f4nicas. Al\u00e9m destas, h\u00e1 comorbidades como doen\u00e7as renais e hep\u00e1ticas cr\u00f4nicas, asma e obesidade.&nbsp;<\/p>\n\n\n\n<figure class=\"wp-block-image size-large\"><img decoding=\"async\" src=\"http:\/\/aconteceu.info\/pub\/evolucao_corona_br_5.png\" alt=\"\"\/><figcaption><em>Interna\u00e7\u00f5es por Covid-19 &#8211;  por Ag\u00eancia Brasil<\/em><\/figcaption><\/figure>\n\n\n\n<h2 class=\"wp-block-heading\">Isolamento social<\/h2>\n\n\n\n<p>Quanto a diferen\u00e7a de orienta\u00e7\u00f5es entre o governo federal e as secretarias estaduais sobre o isolamento social, os representantes do Minist\u00e9rio da Sa\u00fade reiteraram a orienta\u00e7\u00e3o do \u00f3rg\u00e3o para que pacientes sintom\u00e1ticos, familiares desses e idosos n\u00e3o saiam de casa, mas que o restante da popula\u00e7\u00e3o evite aglomera\u00e7\u00f5es. Na ter\u00e7a-feira, o presidente Jair Bolsonaro fez pronunciamento criticando as medidas dos governadores de isolamento social e fechamento de estabelecimentos comerciais. Em reuni\u00e3o ontem, governadores decidiram manter as provid\u00eancias.<\/p>\n\n\n\n<p>\u201cA nossa decis\u00e3o priorit\u00e1ria \u00e9 de cuidar da vida das pessoas, n\u00e3o esquecendo a responsabilidade de administrar a economia. Vamos continuar adotando medidas baseadas no que afirma a ci\u00eancia, seguindo orienta\u00e7\u00f5es dos profissionais de sa\u00fade e, sobretudo, os protocolos orientados pela Organiza\u00e7\u00e3o Mundial de Sa\u00fade\u201d, afirmam os governadores em nota divulgada ao fim do encontro.<\/p>\n\n\n\n<p>O secret\u00e1rio executivo do Minist\u00e9rio da Sa\u00fade,&nbsp;Jo\u00e3o Gabbardo dos Reis, afirmou que a pasta&nbsp;n\u00e3o ir\u00e1 contrapor as decis\u00f5es dos estados e que est\u00e1 em di\u00e1logo com as secretarias estaduais, mas que n\u00e3o h\u00e1 uma orienta\u00e7\u00e3o fechada do \u00f3rg\u00e3o de at\u00e9 quando as quarentenas devem ir.&nbsp;<\/p>\n\n\n\n<p>\u201cN\u00f3s n\u00e3o vamos dizer n\u00e3o cumpram as recomenda\u00e7\u00f5es [dos estados]. Mas n\u00e3o s\u00e3o recomenda\u00e7\u00f5es do Minist\u00e9rio da Sa\u00fade. Se fechou, agora tem que manter o planejamento. Qual \u00e9 o tempo? N\u00e3o temos isso claro e definido. Queremos participar junto com secret\u00e1rios nessa defini\u00e7\u00e3o\u201d, pontuou.&nbsp;<\/p>\n\n\n\n<h2 class=\"wp-block-heading\">Dados e canal de intera\u00e7\u00e3o<\/h2>\n\n\n\n<p>O Minist\u00e9rio anunciou tamb\u00e9m uma&nbsp;<a href=\"https:\/\/covid.saude.gov.br\/\" target=\"_blank\" rel=\"noreferrer noopener\" aria-label=\" (abre numa nova aba)\">nova plataforma<\/a>&nbsp;onde disponibilizar\u00e1 os dados sobre os casos e mortes decorrentes do novo coronav\u00edrus. Ela funcionar\u00e1 em uma p\u00e1gina espec\u00edfica, com informa\u00e7\u00f5es atualizadas diariamente.&nbsp;<\/p>\n\n\n\n<p>Foi criado um canal por meio do Whatsapp com respostas as d\u00favidas e orienta\u00e7\u00f5es sobre o tema, como forma de complementar o servi\u00e7o de atendimento telef\u00f4nico que j\u00e1 existia por meio do n\u00famero 136. Qualquer pessoa pode acessar enviando uma mensagem para o n\u00famero 61-99380031.<\/p>\n\n\n\n<p class=\"has-text-color has-background has-very-light-gray-color has-very-dark-gray-background-color\">Quer saber as not\u00edcias do <strong>Aconteceu no Vale<\/strong> em primeira m\u00e3o? Siga-nos no Facebook <a rel=\"noreferrer noopener\" href=\"http:\/\/facebook.com\/aconteceunovale\" target=\"_blank\">@aconteceunovale<\/a>, Twitter <a rel=\"noreferrer noopener\" href=\"https:\/\/twitter.com\/noticiadosvales\" target=\"_blank\">@noticiadosvales<\/a> e Instagram <a rel=\"noreferrer noopener\" href=\"https:\/\/www.instagram.com\/aconteceunovale\" target=\"_blank\">@aconteceunovale<\/a>.<\/p>\n","protected":false},"excerpt":{"rendered":"<p>Nesta quinta-feira (26) completa um m\u00eas do\u00a0primeiro caso confirmado\u00a0do novo coronav\u00edrus (covid-19) no Brasil. Durante este per\u00edodo a pandemia produziu 77\u00a0mortes, conforme atualiza\u00e7\u00e3o do Minist\u00e9rio da Sa\u00fade divulgada hoje. A taxa de letalidade \u00e9 de 2,7%. Ontem, as mortes j\u00e1 haviam se expandido para al\u00e9m de S\u00e3o Paulo e do Rio de Janeiro, com falecimentos [&hellip;]<\/p>\n","protected":false},"author":1,"featured_media":160080,"comment_status":"open","ping_status":"closed","sticky":false,"template":"","format":"standard","meta":{"amp_status":"","footnotes":""},"categories":[6,40242],"tags":[218049,218205,218411,214884,215394,218203,218234,218246,216498,218043,218204,1018,218366,218364,19326,218044,218354,218045,218206,218365],"class_list":["post-160078","post","type-post","status-publish","format-standard","has-post-thumbnail","hentry","category-br","category-saude-2","tag-casos-de-coronavirus-no-brasil","tag-casos-de-covid-19-no-brasil","tag-confira-como-esta-o-avanco-do-coronavirus-no-brasil","tag-coronavirus","tag-coronavirus-no-brasil","tag-coronavirus-brasil-tem-18-mortes-e-1-128-casos-confirmados","tag-coronavirus-brasil-tem-25-mortes-e-1-546-casos-confirmados","tag-coronavirus-mortes-no-brasil-sobem-para-34-e-casos-confirmados-sao-1-891","tag-covid-19","tag-covid-19-no-brasil","tag-covid-19-brasil-tem-18-mortes-e-1-128-casos-confirmados","tag-destaque","tag-governadores-manterao-medidas-de-isolamento-social-contra-o-coronavirus","tag-isolamento-social","tag-ministerio-da-saude","tag-mortes-por-coronavirus-no-brasil","tag-mortes-por-coronavirus-sobem-para-57-no-brasil","tag-mortes-por-covid-19-no-brasil","tag-numero-de-casos-de-covid-19-confirmados-no-brasil","tag-pandemia-do-coronavirus"],"_links":{"self":[{"href":"https:\/\/aconteceunovale.com.br\/portal\/index.php?rest_route=\/wp\/v2\/posts\/160078","targetHints":{"allow":["GET"]}}],"collection":[{"href":"https:\/\/aconteceunovale.com.br\/portal\/index.php?rest_route=\/wp\/v2\/posts"}],"about":[{"href":"https:\/\/aconteceunovale.com.br\/portal\/index.php?rest_route=\/wp\/v2\/types\/post"}],"author":[{"embeddable":true,"href":"https:\/\/aconteceunovale.com.br\/portal\/index.php?rest_route=\/wp\/v2\/users\/1"}],"replies":[{"embeddable":true,"href":"https:\/\/aconteceunovale.com.br\/portal\/index.php?rest_route=%2Fwp%2Fv2%2Fcomments&post=160078"}],"version-history":[{"count":2,"href":"https:\/\/aconteceunovale.com.br\/portal\/index.php?rest_route=\/wp\/v2\/posts\/160078\/revisions"}],"predecessor-version":[{"id":160082,"href":"https:\/\/aconteceunovale.com.br\/portal\/index.php?rest_route=\/wp\/v2\/posts\/160078\/revisions\/160082"}],"wp:featuredmedia":[{"embeddable":true,"href":"https:\/\/aconteceunovale.com.br\/portal\/index.php?rest_route=\/wp\/v2\/media\/160080"}],"wp:attachment":[{"href":"https:\/\/aconteceunovale.com.br\/portal\/index.php?rest_route=%2Fwp%2Fv2%2Fmedia&parent=160078"}],"wp:term":[{"taxonomy":"category","embeddable":true,"href":"https:\/\/aconteceunovale.com.br\/portal\/index.php?rest_route=%2Fwp%2Fv2%2Fcategories&post=160078"},{"taxonomy":"post_tag","embeddable":true,"href":"https:\/\/aconteceunovale.com.br\/portal\/index.php?rest_route=%2Fwp%2Fv2%2Ftags&post=160078"}],"curies":[{"name":"wp","href":"https:\/\/api.w.org\/{rel}","templated":true}]}}