{"id":160071,"date":"2020-03-26T20:59:49","date_gmt":"2020-03-26T23:59:49","guid":{"rendered":"http:\/\/aconteceunovale.com.br\/portal\/?p=160071"},"modified":"2020-03-26T21:14:36","modified_gmt":"2020-03-27T00:14:36","slug":"prefeitura-de-capelinha-divulga-resultado-do-exame-de-paciente-com-suspeita-de-coronavirus-2","status":"publish","type":"post","link":"https:\/\/aconteceunovale.com.br\/portal\/?p=160071","title":{"rendered":"Prefeitura de Capelinha divulga resultado do exame de paciente com suspeita de coronav\u00edrus"},"content":{"rendered":"\n<p>A Prefeitura de Capelinha (MG) informou, na noite desta quinta-feira (26\/03\/2020), o resultado do exame do primeiro caso suspeito de coronav\u00edrus (Covid-19) no munic\u00edpio. Segundo a Administra\u00e7\u00e3o Municipal, o paciente testou negativo para a doen\u00e7a. A cidade, localizada no Alto Jequitinhonha, tem outras 11 notifica\u00e7\u00f5es de infec\u00e7\u00e3o humana pelo v\u00edrus. <\/p>\n\n\n\n<p>Leia a nota da prefeitura:<\/p>\n\n\n\n<p class=\"has-background has-very-light-gray-background-color\"><em>Ap\u00f3s exaustivos e angustiantes 14 dias de espera, a Secretaria Municipal de Sa\u00fade de Capelinha, atrav\u00e9s da Coordena\u00e7\u00e3o de Vigil\u00e2ncia em Sa\u00fade, informa que o resultado parcial da 1\u00aa an\u00e1lise da 1\u00aa amostra do primeiro caso notificado como suspeito foi NEGATIVO para o COVID \u2013 19. <br><\/em><br><em>Importante lembrar que s\u00e3o realizadas an\u00e1lises tamb\u00e9m para outros tipos de v\u00edrus, como o H1N1.<br><\/em><br><em>Esta informa\u00e7\u00e3o alivia somente a ang\u00fastia pela espera desse resultado, mas n\u00e3o modifica em nada a import\u00e2ncia de redobrarmos os cuidados (j\u00e1 do conhecimento de todos), uma vez que este resultado trata-se de um caso considerado leve, que foi notificado e investigado em atendimento aos protocolos que se aplicavam \u00e0 ocasi\u00e3o.<br><\/em><br><em>Estejamos atentos, o mundo clama pelas medidas de conten\u00e7\u00e3o e preven\u00e7\u00e3o ao coronav\u00edrus, principalmente o isolamento social. T\u00e3o logo sejam conclu\u00eddas as demais an\u00e1lises, ser\u00e3o divulgadas pelos \u00f3rg\u00e3os competentes.<\/em><\/p>\n\n\n\n<p>Resultado do exame:<\/p>\n\n\n\n<figure class=\"wp-block-image size-large\"><img loading=\"lazy\" decoding=\"async\" width=\"477\" height=\"450\" src=\"http:\/\/aconteceunovale.com.br\/portal\/wp-content\/uploads\/2020\/03\/exame_corona_capelinha.png\" alt=\"\" class=\"wp-image-160069\" srcset=\"https:\/\/aconteceunovale.com.br\/portal\/wp-content\/uploads\/2020\/03\/exame_corona_capelinha.png 477w, https:\/\/aconteceunovale.com.br\/portal\/wp-content\/uploads\/2020\/03\/exame_corona_capelinha-300x283.png 300w, https:\/\/aconteceunovale.com.br\/portal\/wp-content\/uploads\/2020\/03\/exame_corona_capelinha-445x420.png 445w\" sizes=\"auto, (max-width: 477px) 100vw, 477px\" \/><\/figure>\n\n\n\n<h2 class=\"has-text-align-center wp-block-heading\"> <strong><a rel=\"noreferrer noopener\" href=\"http:\/\/aconteceunovale.com.br\/portal\/?p=159949\" target=\"_blank\">Distribui\u00e7\u00e3o dos casos de COVID-19 em Minas Gerais (clique aqui)<\/a><\/strong> <\/h2>\n\n\n\n<p class=\"has-text-color has-background has-very-light-gray-color has-very-dark-gray-background-color\">Quer saber as not\u00edcias do <strong>Aconteceu no Vale<\/strong> em primeira m\u00e3o? Siga-nos no Facebook <a rel=\"noreferrer noopener\" href=\"http:\/\/facebook.com\/aconteceunovale\" target=\"_blank\">@aconteceunovale<\/a>, Twitter <a rel=\"noreferrer noopener\" href=\"https:\/\/twitter.com\/noticiadosvales\" target=\"_blank\">@noticiadosvales<\/a> e Instagram <a rel=\"noreferrer noopener\" href=\"https:\/\/www.instagram.com\/aconteceunovale\" target=\"_blank\">@aconteceunovale<\/a>.<\/p>\n","protected":false},"excerpt":{"rendered":"<p>A Prefeitura de Capelinha (MG) informou, na noite desta quinta-feira (26\/03\/2020), o resultado do exame do primeiro caso suspeito de coronav\u00edrus (Covid-19) no munic\u00edpio. Segundo a Administra\u00e7\u00e3o Municipal, o paciente testou negativo para a doen\u00e7a. A cidade, localizada no Alto Jequitinhonha, tem outras 11 notifica\u00e7\u00f5es de infec\u00e7\u00e3o humana pelo v\u00edrus. Leia a nota da prefeitura: [&hellip;]<\/p>\n","protected":false},"author":1,"featured_media":159647,"comment_status":"open","ping_status":"closed","sticky":false,"template":"","format":"standard","meta":{"amp_status":"","footnotes":""},"categories":[120],"tags":[218197,132,218004,218200,217642,218179,218006,218193,218178,218180,218181,218198,218201,218196,65998,218182,218177,218199,218183,218185,218195,218194,218184],"class_list":["post-160071","post","type-post","status-publish","format-standard","has-post-thumbnail","hentry","category-jequi","tag-alto-jequitinhonha-tem-mais-de-420-mil-habitantes-e-apenas-30-leitos-de-uti","tag-capelinha","tag-capelinha-coronavirus","tag-capelinha-registra-morte-suspeita-por-coronavirus","tag-coronavirus-capelinha","tag-coronavirus-em-capelinha","tag-covid-19-capelinha","tag-empresa-de-turismo-desmente-boatos-sobre-transporte-de-passageiros-para-capelinha","tag-entradas-de-capelinha","tag-fechamento-das-entradas-de-capelinha","tag-fechamento-dos-acessos-a-capelinha","tag-morte-por-coronavirus-em-capelinha","tag-obito-por-coronavirus-em-capelinha","tag-onibus-para-capelinha","tag-prefeitura-de-capelinha","tag-prefeitura-de-capelinha-interdita-area-de-convivencia-da-praca-do-povo","tag-prefeitura-de-capelinha-montara-barreiras-nas-entradas-da-cidade","tag-primeira-morte-por-coronavirus-em-capelinha","tag-secretaria-de-saude-de-capelinha-divulga-contatos-dos-postos-de-saude-e-plantao-24h","tag-telefone-posto-de-saude-capelinha","tag-transcap-capelinha","tag-transcap-nova-serrana","tag-whatsapp-posto-de-saude-capelinha"],"_links":{"self":[{"href":"https:\/\/aconteceunovale.com.br\/portal\/index.php?rest_route=\/wp\/v2\/posts\/160071","targetHints":{"allow":["GET"]}}],"collection":[{"href":"https:\/\/aconteceunovale.com.br\/portal\/index.php?rest_route=\/wp\/v2\/posts"}],"about":[{"href":"https:\/\/aconteceunovale.com.br\/portal\/index.php?rest_route=\/wp\/v2\/types\/post"}],"author":[{"embeddable":true,"href":"https:\/\/aconteceunovale.com.br\/portal\/index.php?rest_route=\/wp\/v2\/users\/1"}],"replies":[{"embeddable":true,"href":"https:\/\/aconteceunovale.com.br\/portal\/index.php?rest_route=%2Fwp%2Fv2%2Fcomments&post=160071"}],"version-history":[{"count":2,"href":"https:\/\/aconteceunovale.com.br\/portal\/index.php?rest_route=\/wp\/v2\/posts\/160071\/revisions"}],"predecessor-version":[{"id":160077,"href":"https:\/\/aconteceunovale.com.br\/portal\/index.php?rest_route=\/wp\/v2\/posts\/160071\/revisions\/160077"}],"wp:featuredmedia":[{"embeddable":true,"href":"https:\/\/aconteceunovale.com.br\/portal\/index.php?rest_route=\/wp\/v2\/media\/159647"}],"wp:attachment":[{"href":"https:\/\/aconteceunovale.com.br\/portal\/index.php?rest_route=%2Fwp%2Fv2%2Fmedia&parent=160071"}],"wp:term":[{"taxonomy":"category","embeddable":true,"href":"https:\/\/aconteceunovale.com.br\/portal\/index.php?rest_route=%2Fwp%2Fv2%2Fcategories&post=160071"},{"taxonomy":"post_tag","embeddable":true,"href":"https:\/\/aconteceunovale.com.br\/portal\/index.php?rest_route=%2Fwp%2Fv2%2Ftags&post=160071"}],"curies":[{"name":"wp","href":"https:\/\/api.w.org\/{rel}","templated":true}]}}