{"id":160050,"date":"2020-03-26T13:45:18","date_gmt":"2020-03-26T16:45:18","guid":{"rendered":"http:\/\/aconteceunovale.com.br\/portal\/?p=160050"},"modified":"2020-03-26T14:01:38","modified_gmt":"2020-03-26T17:01:38","slug":"coronavirus-em-26-de-marco-municipios-do-norte-de-minas-tem-331-casos-suspeitos","status":"publish","type":"post","link":"https:\/\/aconteceunovale.com.br\/portal\/?p=160050","title":{"rendered":"Coronav\u00edrus em 26 de mar\u00e7o: Munic\u00edpios do Norte de Minas t\u00eam 331 casos suspeitos"},"content":{"rendered":"\n<p>O Boletim Informativo Di\u00e1rio da Secretaria de Estado de Sa\u00fade de Minas Gerais (SES-MG), disponibilizado nesta quinta-feira (26\/03\/2020), revela que as regionais de Janu\u00e1ria, Montes Claros e Pirapora possuem 332 notifica\u00e7\u00f5es de infec\u00e7\u00e3o humana pelo novo coronav\u00edrus (Covid-19). Do total, um caso foi descartado e 331 est\u00e3o em investiga\u00e7\u00e3o como suspeitos.<\/p>\n\n\n\n<p>Foram notificados casos suspeitos de Covid-19 nos munic\u00edpios de: <\/p>\n\n\n\n<p><strong>Regional de Sa\u00fade de Janu\u00e1ria<\/strong><\/p>\n\n\n\n<ul class=\"wp-block-list\"><li>S\u00e3o Francisco (30 notifica\u00e7\u00f5es)<\/li><li>Japonvar (23 notifica\u00e7\u00f5es)<\/li><li>Varzel\u00e2ndia (17 notifica\u00e7\u00f5es)<\/li><li>Janu\u00e1ria (15 notifica\u00e7\u00f5es)<\/li><li>Bras\u00edlia de Minas (14 notifica\u00e7\u00f5es)<\/li><li>Urucuia (6 notifica\u00e7\u00f5es)<\/li><li>Itacarambi (4 notifica\u00e7\u00f5es)<\/li><li>Uba\u00ed (4 notifica\u00e7\u00f5es)<\/li><li>Lontra (3 notifica\u00e7\u00f5es)<\/li><li>Manga (3 notifica\u00e7\u00f5es)<\/li><li>Pint\u00f3polis (3 notifica\u00e7\u00f5es)<\/li><li>Icara\u00ed de Minas (2 notifica\u00e7\u00f5es)<\/li><li>Montalv\u00e2nia (2 notifica\u00e7\u00f5es)<\/li><li>Ibiracatu (1 notifica\u00e7\u00e3o)<\/li><li>Juven\u00edlia (1 notifica\u00e7\u00e3o)<\/li><li>Luisl\u00e2ndia (1 notifica\u00e7\u00e3o)<\/li><li>S\u00e3o Jo\u00e3o da Ponte (1 notifica\u00e7\u00e3o)<\/li><li>S\u00e3o Jo\u00e3o das Miss\u00f5es (1 notifica\u00e7\u00e3o)<ul><li><strong>Total na Regional de Janu\u00e1ria: 131 notifica\u00e7\u00f5es<\/strong><\/li><\/ul><\/li><\/ul>\n\n\n\n<p><strong>Regional de Sa\u00fade de Montes Claros<\/strong><\/p>\n\n\n\n<ul class=\"wp-block-list\"><li>Montes Claros (69 notifica\u00e7\u00f5es \/ 1 decartada)<\/li><li>Jana\u00faba (23 notifica\u00e7\u00f5es)<\/li><li>Bocaiuva (19 notifica\u00e7\u00f5es)<\/li><li>Porteirinha (10 notifica\u00e7\u00f5es)<\/li><li>Ja\u00edba (7 notifica\u00e7\u00f5es)<\/li><li>Indaiabira (5 notifica\u00e7\u00f5es)<\/li><li>Monte Azul (5 notifica\u00e7\u00f5es)<\/li><li>Taiobeiras (5 notifica\u00e7\u00f5es)<\/li><li>Nova Porteirinha (3 notifica\u00e7\u00f5es)<\/li><li>Capit\u00e3o En\u00e9as (2 notifica\u00e7\u00f5es)<\/li><li>Cora\u00e7\u00e3o de Jesus (2 notifica\u00e7\u00f5es)<\/li><li>Francisco Dumont (2 notifica\u00e7\u00f5es)<\/li><li>Jequita\u00ed (2 notifica\u00e7\u00f5es)<\/li><li>Mato Verde (2 notifica\u00e7\u00f5es)<\/li><li>Mirabela (2 notifica\u00e7\u00f5es)<\/li><li>Rio Pardo de Minas (2 notifica\u00e7\u00f5es)<\/li><li>Salinas (2 notifica\u00e7\u00f5es)<\/li><li>Gr\u00e3o Mogol (1 notifica\u00e7\u00e3o)<\/li><li>Guaraciama (1 notifica\u00e7\u00e3o)<\/li><li>Joaquim Fel\u00edcio (1 notifica\u00e7\u00e3o)<\/li><li>Mamonas (1 notifica\u00e7\u00e3o)<\/li><li>Ninheira (1 notifica\u00e7\u00e3o)<\/li><li>Pai Pedro (1 notifica\u00e7\u00e3o)<\/li><li>Rubelita (1 notifica\u00e7\u00e3o)<\/li><li>S\u00e3o Jo\u00e3o do Para\u00edso (1 notifica\u00e7\u00e3o)<\/li><li>Vargem Grande do Rio Pardo (1 notifica\u00e7\u00e3o)<ul><li><strong>Total na Regional de Montes Claros: 170 notifica\u00e7\u00f5es \/ 1 caso descartado<\/strong><\/li><\/ul><\/li><\/ul>\n\n\n\n<p><strong>Regional de Sa\u00fade de Pirapora<\/strong><\/p>\n\n\n\n<ul class=\"wp-block-list\"><li>Pirapora (14 notifica\u00e7\u00f5es)<\/li><li>V\u00e1rzea da Palma (9 notifica\u00e7\u00f5es)<\/li><li>Buritizeiro (5 notifica\u00e7\u00f5es)<\/li><li>Santa F\u00e9 de Minas (2 notifica\u00e7\u00f5es)<ul><li><strong>Total na Regional de Pirapora: 30 notifica\u00e7\u00f5es<\/strong><\/li><\/ul><\/li><\/ul>\n\n\n\n<h2 class=\"has-text-align-center wp-block-heading\"> <strong><a rel=\"noreferrer noopener\" href=\"http:\/\/aconteceunovale.com.br\/portal\/?p=159949\" target=\"_blank\">Distribui\u00e7\u00e3o dos casos de COVID-19 em Minas Gerais (clique aqui)<\/a><\/strong> <\/h2>\n\n\n\n<p class=\"has-text-color has-background has-very-light-gray-color has-very-dark-gray-background-color\">Quer saber as not\u00edcias do <strong>Aconteceu no Vale<\/strong> em primeira m\u00e3o? Siga-nos no Facebook <a rel=\"noreferrer noopener\" href=\"http:\/\/facebook.com\/aconteceunovale\" target=\"_blank\">@aconteceunovale<\/a>, Twitter <a rel=\"noreferrer noopener\" href=\"https:\/\/twitter.com\/noticiadosvales\" target=\"_blank\">@noticiadosvales<\/a> e Instagram <a rel=\"noreferrer noopener\" href=\"https:\/\/www.instagram.com\/aconteceunovale\" target=\"_blank\">@aconteceunovale<\/a>.<\/p>\n","protected":false},"excerpt":{"rendered":"<p>O Boletim Informativo Di\u00e1rio da Secretaria de Estado de Sa\u00fade de Minas Gerais (SES-MG), disponibilizado nesta quinta-feira (26\/03\/2020), revela que as regionais de Janu\u00e1ria, Montes Claros e Pirapora possuem 332 notifica\u00e7\u00f5es de infec\u00e7\u00e3o humana pelo novo coronav\u00edrus (Covid-19). Do total, um caso foi descartado e 331 est\u00e3o em investiga\u00e7\u00e3o como suspeitos. Foram notificados casos suspeitos [&hellip;]<\/p>\n","protected":false},"author":1,"featured_media":160053,"comment_status":"open","ping_status":"closed","sticky":false,"template":"","format":"standard","meta":{"amp_status":"","footnotes":""},"categories":[40242],"tags":[645,218086,218402,218077,218080,218082,218081,217228,218083,218084,218161,218085,218078,218079,205,3058,3724,210,218076,3059,254,1522,218160,1340],"class_list":["post-160050","post","type-post","status-publish","format-standard","has-post-thumbnail","hentry","category-saude-2","tag-bocaiuva","tag-casos-de-coronavirus-em-montes-claros","tag-coronavirus-em-26-de-marco-municipios-do-norte-de-minas-tem-331-casos-suspeitos","tag-coronavirus-em-bocaiuva","tag-coronavirus-em-januaria","tag-coronavirus-em-japonvar","tag-coronavirus-em-jequitai","tag-coronavirus-em-montes-claros","tag-coronavirus-em-pai-pedro","tag-coronavirus-em-pirapora","tag-coronavirus-em-sao-francisco","tag-coronavirus-em-varzea-da-palma","tag-coronavirus-no-norte-de-minas","tag-covid-19-no-norte-de-minas","tag-januaria","tag-japonvar","tag-jequitai","tag-montes-claros","tag-norte-de-minas-investiga-28-casos-suspeitos-do-novo-coronavirus","tag-pai-pedro","tag-pirapora","tag-sao-francisco","tag-secretaria-de-saude-investiga-mais-de-50-casos-suspeitos-de-coronavirus-no-norte-de-minas","tag-varzea-da-palma"],"_links":{"self":[{"href":"https:\/\/aconteceunovale.com.br\/portal\/index.php?rest_route=\/wp\/v2\/posts\/160050","targetHints":{"allow":["GET"]}}],"collection":[{"href":"https:\/\/aconteceunovale.com.br\/portal\/index.php?rest_route=\/wp\/v2\/posts"}],"about":[{"href":"https:\/\/aconteceunovale.com.br\/portal\/index.php?rest_route=\/wp\/v2\/types\/post"}],"author":[{"embeddable":true,"href":"https:\/\/aconteceunovale.com.br\/portal\/index.php?rest_route=\/wp\/v2\/users\/1"}],"replies":[{"embeddable":true,"href":"https:\/\/aconteceunovale.com.br\/portal\/index.php?rest_route=%2Fwp%2Fv2%2Fcomments&post=160050"}],"version-history":[{"count":2,"href":"https:\/\/aconteceunovale.com.br\/portal\/index.php?rest_route=\/wp\/v2\/posts\/160050\/revisions"}],"predecessor-version":[{"id":160057,"href":"https:\/\/aconteceunovale.com.br\/portal\/index.php?rest_route=\/wp\/v2\/posts\/160050\/revisions\/160057"}],"wp:featuredmedia":[{"embeddable":true,"href":"https:\/\/aconteceunovale.com.br\/portal\/index.php?rest_route=\/wp\/v2\/media\/160053"}],"wp:attachment":[{"href":"https:\/\/aconteceunovale.com.br\/portal\/index.php?rest_route=%2Fwp%2Fv2%2Fmedia&parent=160050"}],"wp:term":[{"taxonomy":"category","embeddable":true,"href":"https:\/\/aconteceunovale.com.br\/portal\/index.php?rest_route=%2Fwp%2Fv2%2Fcategories&post=160050"},{"taxonomy":"post_tag","embeddable":true,"href":"https:\/\/aconteceunovale.com.br\/portal\/index.php?rest_route=%2Fwp%2Fv2%2Ftags&post=160050"}],"curies":[{"name":"wp","href":"https:\/\/api.w.org\/{rel}","templated":true}]}}