{"id":159921,"date":"2020-03-23T15:18:23","date_gmt":"2020-03-23T18:18:23","guid":{"rendered":"http:\/\/aconteceunovale.com.br\/portal\/?p=159921"},"modified":"2020-03-23T15:19:32","modified_gmt":"2020-03-23T18:19:32","slug":"prefeitura-de-capelinha-decreta-novas-medidas-de-enfrentamento-ao-coronavirus","status":"publish","type":"post","link":"https:\/\/aconteceunovale.com.br\/portal\/?p=159921","title":{"rendered":"Prefeitura de Capelinha decreta novas medidas de enfrentamento ao coronav\u00edrus"},"content":{"rendered":"\n<p>O prefeito de Capelinha (MG), Tadeu Filipe Fernandes de Abreu, assinou na tarde desta segunda-feira (23\/03\/2020) decreto com novas medidas sanit\u00e1rias de profilaxia para enfrentamento da pandemia do coronav\u00edrus (Covid-19).<br> <br> Leia a \u00edntegra do decreto n\u00ba 023\/2020:<\/p>\n\n\n\n<figure class=\"wp-block-image size-large\"><img decoding=\"async\" src=\"http:\/\/aconteceu.info\/pub\/decreto_cap_23_1.jpg\" alt=\"\"\/><\/figure>\n\n\n\n<figure class=\"wp-block-image size-large\"><img decoding=\"async\" src=\"http:\/\/aconteceu.info\/pub\/decreto_cap_23_2.jpg\" alt=\"\"\/><\/figure>\n\n\n\n<figure class=\"wp-block-image size-large\"><img decoding=\"async\" src=\"http:\/\/aconteceu.info\/pub\/decreto_cap_23_3.jpg\" alt=\"\"\/><\/figure>\n\n\n\n<figure class=\"wp-block-image size-large\"><img decoding=\"async\" src=\"http:\/\/aconteceu.info\/pub\/decreto_cap_23_4.jpg\" alt=\"\"\/><\/figure>\n\n\n\n<h4 class=\"wp-block-heading\"><a href=\"http:\/\/aconteceunovale.com.br\/portal\/wp-content\/uploads\/2020\/03\/decreto232020.pdf\" target=\"_blank\" rel=\"noreferrer noopener\" aria-label=\"Documento em PDF (fazer download - clique aqui) (abre numa nova aba)\">Documento em PDF (fazer download &#8211; clique aqui)<\/a><\/h4>\n\n\n\n<h2 class=\"wp-block-heading\">Pronunciamento do prefeito<\/h2>\n\n\n\n<iframe loading=\"lazy\" src=\"https:\/\/www.facebook.com\/plugins\/video.php?href=https%3A%2F%2Fwww.facebook.com%2Fprefeituramunicipaldecapelinha%2Fvideos%2F618836922297424%2F&#038;show_text=0&#038;width=560\" width=\"560\" height=\"315\" style=\"border:none;overflow:hidden\" scrolling=\"no\" frameborder=\"0\" allowTransparency=\"true\" allowFullScreen=\"true\"><\/iframe>\n\n\n\n<h2 class=\"wp-block-heading\">Entenda as mudan\u00e7as<\/h2>\n\n\n\n<figure class=\"wp-block-image size-large\"><img decoding=\"async\" src=\"http:\/\/www.aconteceu.info\/pub\/decreto_cap_23_5.jpg\" alt=\"\"\/><\/figure>\n\n\n\n<figure class=\"wp-block-image size-large\"><img decoding=\"async\" src=\"http:\/\/www.aconteceu.info\/pub\/decreto_cap_23_6.jpg\" alt=\"\"\/><\/figure>\n\n\n\n<figure class=\"wp-block-image size-large\"><img decoding=\"async\" src=\"http:\/\/www.aconteceu.info\/pub\/decreto_cap_23_7.jpg\" alt=\"\"\/><\/figure>\n\n\n\n<figure class=\"wp-block-image size-large\"><img decoding=\"async\" src=\"http:\/\/www.aconteceu.info\/pub\/decreto_cap_23_8.jpg\" alt=\"\"\/><\/figure>\n\n\n\n<p class=\"has-text-color has-background has-very-light-gray-color has-very-dark-gray-background-color\">Quer saber as not\u00edcias do <strong>Aconteceu no Vale<\/strong> em primeira m\u00e3o? Siga-nos no Facebook <a rel=\"noreferrer noopener\" href=\"http:\/\/facebook.com\/aconteceunovale\" target=\"_blank\">@aconteceunovale<\/a>, Twitter <a rel=\"noreferrer noopener\" href=\"https:\/\/twitter.com\/noticiadosvales\" target=\"_blank\">@noticiadosvales<\/a> e Instagram <a rel=\"noreferrer noopener\" href=\"https:\/\/www.instagram.com\/aconteceunovale\" target=\"_blank\">@aconteceunovale<\/a>.<\/p>\n","protected":false},"excerpt":{"rendered":"<p>O prefeito de Capelinha (MG), Tadeu Filipe Fernandes de Abreu, assinou na tarde desta segunda-feira (23\/03\/2020) decreto com novas medidas sanit\u00e1rias de profilaxia para enfrentamento da pandemia do coronav\u00edrus (Covid-19). Leia a \u00edntegra do decreto n\u00ba 023\/2020: Documento em PDF (fazer download &#8211; clique aqui) Pronunciamento do prefeito Entenda as mudan\u00e7as Quer saber as not\u00edcias [&hellip;]<\/p>\n","protected":false},"author":1,"featured_media":159923,"comment_status":"open","ping_status":"closed","sticky":false,"template":"","format":"standard","meta":{"amp_status":"","footnotes":""},"categories":[120],"tags":[218197,132,218004,218200,218235,217642,218179,218006,218193,218178,218180,218181,218198,218201,218196,65998,218236,218182,218177,218199,218183,218185,218195,218194,218184],"class_list":["post-159921","post","type-post","status-publish","format-standard","has-post-thumbnail","hentry","category-jequi","tag-alto-jequitinhonha-tem-mais-de-420-mil-habitantes-e-apenas-30-leitos-de-uti","tag-capelinha","tag-capelinha-coronavirus","tag-capelinha-registra-morte-suspeita-por-coronavirus","tag-capelinhenses-que-moram-em-outros-estados-e-no-exterior-insistem-em-vir-ao-municipio","tag-coronavirus-capelinha","tag-coronavirus-em-capelinha","tag-covid-19-capelinha","tag-empresa-de-turismo-desmente-boatos-sobre-transporte-de-passageiros-para-capelinha","tag-entradas-de-capelinha","tag-fechamento-das-entradas-de-capelinha","tag-fechamento-dos-acessos-a-capelinha","tag-morte-por-coronavirus-em-capelinha","tag-obito-por-coronavirus-em-capelinha","tag-onibus-para-capelinha","tag-prefeitura-de-capelinha","tag-prefeitura-de-capelinha-decreta-novas-medidas-de-enfrentamento-ao-coronavirus","tag-prefeitura-de-capelinha-interdita-area-de-convivencia-da-praca-do-povo","tag-prefeitura-de-capelinha-montara-barreiras-nas-entradas-da-cidade","tag-primeira-morte-por-coronavirus-em-capelinha","tag-secretaria-de-saude-de-capelinha-divulga-contatos-dos-postos-de-saude-e-plantao-24h","tag-telefone-posto-de-saude-capelinha","tag-transcap-capelinha","tag-transcap-nova-serrana","tag-whatsapp-posto-de-saude-capelinha"],"_links":{"self":[{"href":"https:\/\/aconteceunovale.com.br\/portal\/index.php?rest_route=\/wp\/v2\/posts\/159921","targetHints":{"allow":["GET"]}}],"collection":[{"href":"https:\/\/aconteceunovale.com.br\/portal\/index.php?rest_route=\/wp\/v2\/posts"}],"about":[{"href":"https:\/\/aconteceunovale.com.br\/portal\/index.php?rest_route=\/wp\/v2\/types\/post"}],"author":[{"embeddable":true,"href":"https:\/\/aconteceunovale.com.br\/portal\/index.php?rest_route=\/wp\/v2\/users\/1"}],"replies":[{"embeddable":true,"href":"https:\/\/aconteceunovale.com.br\/portal\/index.php?rest_route=%2Fwp%2Fv2%2Fcomments&post=159921"}],"version-history":[{"count":1,"href":"https:\/\/aconteceunovale.com.br\/portal\/index.php?rest_route=\/wp\/v2\/posts\/159921\/revisions"}],"predecessor-version":[{"id":159924,"href":"https:\/\/aconteceunovale.com.br\/portal\/index.php?rest_route=\/wp\/v2\/posts\/159921\/revisions\/159924"}],"wp:featuredmedia":[{"embeddable":true,"href":"https:\/\/aconteceunovale.com.br\/portal\/index.php?rest_route=\/wp\/v2\/media\/159923"}],"wp:attachment":[{"href":"https:\/\/aconteceunovale.com.br\/portal\/index.php?rest_route=%2Fwp%2Fv2%2Fmedia&parent=159921"}],"wp:term":[{"taxonomy":"category","embeddable":true,"href":"https:\/\/aconteceunovale.com.br\/portal\/index.php?rest_route=%2Fwp%2Fv2%2Fcategories&post=159921"},{"taxonomy":"post_tag","embeddable":true,"href":"https:\/\/aconteceunovale.com.br\/portal\/index.php?rest_route=%2Fwp%2Fv2%2Ftags&post=159921"}],"curies":[{"name":"wp","href":"https:\/\/api.w.org\/{rel}","templated":true}]}}