{"id":159867,"date":"2020-03-21T14:08:55","date_gmt":"2020-03-21T17:08:55","guid":{"rendered":"http:\/\/aconteceunovale.com.br\/portal\/?p=159867"},"modified":"2020-03-21T14:17:55","modified_gmt":"2020-03-21T17:17:55","slug":"turmalina-notifica-caso-suspeito-de-coronavirus","status":"publish","type":"post","link":"https:\/\/aconteceunovale.com.br\/portal\/?p=159867","title":{"rendered":"Turmalina notifica caso suspeito de coronav\u00edrus"},"content":{"rendered":"\n<p>A Prefeitura de Turmalina (MG) informou no in\u00edcio da tarde deste s\u00e1bado (21\/03\/2020) que a cidade possui um caso suspeito do novo coronav\u00edrus (Covid-19). Segundo o comunicado publicado, o paciente deu entrada no Hospital S\u00e3o Vicente de Paula na noite de ontem (20) e est\u00e1 em isolamento, sendo acompanhado pela equipe de sa\u00fade.<\/p>\n\n\n\n<p>A Prefeitura de Turmalina tamb\u00e9m divulgou\numa s\u00e9rie de medidas para conter a dissemina\u00e7\u00e3o do v\u00edrus. Entre elas,\ndestaca-se o Decreto Municipal n\u00ba 26, de 21 de mar\u00e7o de 2020, que determina o\nisolamento domiciliar e social.<\/p>\n\n\n\n<p>A Administra\u00e7\u00e3o Municipal tamb\u00e9m suspendeu todas as atividades comerciais com atendimento ao p\u00fablico, permitindo apenas os servi\u00e7os de entrega de estabelecimentos que comercializem bens essenciais \u00e0 sa\u00fade, higiene e alimenta\u00e7\u00e3o (padarias, a\u00e7ougues, sacol\u00e3o, supermercados, restaurantes, farm\u00e1cias, mercearias, etc.). Os moradores dever\u00e3o solicitar os seus produtos por telefone ou outros meios disponibilizados.<\/p>\n\n\n\n<p><strong>Decreto<\/strong><\/p>\n\n\n\n<figure class=\"wp-block-image size-large\"><img decoding=\"async\" src=\"http:\/\/aconteceu.info\/pub\/decreto_turmalina_1.jpg\" alt=\"\"\/><\/figure>\n\n\n\n<figure class=\"wp-block-image size-large\"><img decoding=\"async\" src=\"http:\/\/aconteceu.info\/pub\/decreto_turmalina_2.jpg\" alt=\"\"\/><\/figure>\n\n\n\n<p class=\"has-text-color has-background has-very-light-gray-color has-very-dark-gray-background-color\">Quer saber as not\u00edcias do <strong>Aconteceu no Vale<\/strong> em primeira m\u00e3o? Siga-nos no Facebook <a rel=\"noreferrer noopener\" href=\"http:\/\/facebook.com\/aconteceunovale\" target=\"_blank\">@aconteceunovale<\/a>, Twitter <a rel=\"noreferrer noopener\" href=\"https:\/\/twitter.com\/noticiadosvales\" target=\"_blank\">@noticiadosvales<\/a> e Instagram <a rel=\"noreferrer noopener\" href=\"https:\/\/www.instagram.com\/aconteceunovale\" target=\"_blank\">@aconteceunovale<\/a>.<\/p>\n","protected":false},"excerpt":{"rendered":"<p>A Prefeitura de Turmalina (MG) informou no in\u00edcio da tarde deste s\u00e1bado (21\/03\/2020) que a cidade possui um caso suspeito do novo coronav\u00edrus (Covid-19). Segundo o comunicado publicado, o paciente deu entrada no Hospital S\u00e3o Vicente de Paula na noite de ontem (20) e est\u00e1 em isolamento, sendo acompanhado pela equipe de sa\u00fade. A Prefeitura [&hellip;]<\/p>\n","protected":false},"author":1,"featured_media":49523,"comment_status":"open","ping_status":"closed","sticky":false,"template":"","format":"standard","meta":{"amp_status":"","footnotes":""},"categories":[120],"tags":[218187,218191,214884,218189,216498,218190,218192,218186,178,218188],"class_list":["post-159867","post","type-post","status-publish","format-standard","has-post-thumbnail","hentry","category-jequi","tag-caso-de-coronavirus-em-turmalina","tag-comercio-fechado-em-turmalina","tag-coronavirus","tag-coronavirus-em-turmalina","tag-covid-19","tag-covid-19-em-turmalina","tag-fechamento-do-comercio-em-turmalina","tag-notificacao-de-coronavirus-em-turmalina","tag-turmalina","tag-turmalina-notifica-caso-suspeito-de-coronavirus"],"_links":{"self":[{"href":"https:\/\/aconteceunovale.com.br\/portal\/index.php?rest_route=\/wp\/v2\/posts\/159867","targetHints":{"allow":["GET"]}}],"collection":[{"href":"https:\/\/aconteceunovale.com.br\/portal\/index.php?rest_route=\/wp\/v2\/posts"}],"about":[{"href":"https:\/\/aconteceunovale.com.br\/portal\/index.php?rest_route=\/wp\/v2\/types\/post"}],"author":[{"embeddable":true,"href":"https:\/\/aconteceunovale.com.br\/portal\/index.php?rest_route=\/wp\/v2\/users\/1"}],"replies":[{"embeddable":true,"href":"https:\/\/aconteceunovale.com.br\/portal\/index.php?rest_route=%2Fwp%2Fv2%2Fcomments&post=159867"}],"version-history":[{"count":1,"href":"https:\/\/aconteceunovale.com.br\/portal\/index.php?rest_route=\/wp\/v2\/posts\/159867\/revisions"}],"predecessor-version":[{"id":159868,"href":"https:\/\/aconteceunovale.com.br\/portal\/index.php?rest_route=\/wp\/v2\/posts\/159867\/revisions\/159868"}],"wp:featuredmedia":[{"embeddable":true,"href":"https:\/\/aconteceunovale.com.br\/portal\/index.php?rest_route=\/wp\/v2\/media\/49523"}],"wp:attachment":[{"href":"https:\/\/aconteceunovale.com.br\/portal\/index.php?rest_route=%2Fwp%2Fv2%2Fmedia&parent=159867"}],"wp:term":[{"taxonomy":"category","embeddable":true,"href":"https:\/\/aconteceunovale.com.br\/portal\/index.php?rest_route=%2Fwp%2Fv2%2Fcategories&post=159867"},{"taxonomy":"post_tag","embeddable":true,"href":"https:\/\/aconteceunovale.com.br\/portal\/index.php?rest_route=%2Fwp%2Fv2%2Ftags&post=159867"}],"curies":[{"name":"wp","href":"https:\/\/api.w.org\/{rel}","templated":true}]}}