{"id":159859,"date":"2020-03-21T12:51:15","date_gmt":"2020-03-21T15:51:15","guid":{"rendered":"http:\/\/aconteceunovale.com.br\/portal\/?p=159859"},"modified":"2020-03-21T12:52:22","modified_gmt":"2020-03-21T15:52:22","slug":"prefeitura-de-capelinha-interdita-area-de-convivencia-da-praca-do-povo","status":"publish","type":"post","link":"https:\/\/aconteceunovale.com.br\/portal\/?p=159859","title":{"rendered":"Prefeitura de Capelinha interdita \u00e1rea de conviv\u00eancia da Pra\u00e7a do Povo"},"content":{"rendered":"\n<p>A Prefeitura de Capelinha (MG) interditou na manh\u00e3 deste s\u00e1bado (21\/03\/2020) a \u00e1rea de conviv\u00eancia da Pra\u00e7a do Povo, no Centro da cidade, para evitar aglomera\u00e7\u00e3o de pessoas no local. <\/p>\n\n\n\n<p><em>\u201cJ\u00e1 que muita gente, mesmo com todo o perigo anunciado, continuou frequentando espa\u00e7os p\u00fablicos de conviv\u00eancia, como a Pra\u00e7a do Povo, a Prefeitura de Capelinha precisou interditar o local.\u201d<\/em>, informou o munic\u00edpio.<\/p>\n\n\n\n<p><em>\u201cPopula\u00e7\u00e3o, s\u00f3 saia de casa em caso de extrema necessidade. Ligue no supermercado, na farm\u00e1cia, no restaurante, estes com\u00e9rcios fazem entrega, n\u00e3o precisa voc\u00ea sair de casa. O coronav\u00edrus n\u00e3o \u00e9 brincadeira, gente! O que mais precisa ser dito? Tenham consci\u00eancia. Preservem suas vidas e as vidas das demais pessoas.\u201d<\/em>, alertou a Prefeitura.<\/p>\n\n\n\n<p><em>\u201cPe\u00e7a ao seu familiar para n\u00e3o vir para Capelinha. Nossa cidade (como a maioria das cidades brasileiras) n\u00e3o tem estrutura para uma epidemia de coronav\u00edrus. Essa luta \u00e9 de todos. N\u00c3O SAIA DE CASA.\u201d<\/em>, finalizou.<\/p>\n\n\n\n<figure class=\"wp-block-gallery columns-1 is-cropped wp-block-gallery-1 is-layout-flex wp-block-gallery-is-layout-flex\"><ul class=\"blocks-gallery-grid\"><li class=\"blocks-gallery-item\"><figure><img loading=\"lazy\" decoding=\"async\" width=\"678\" height=\"381\" src=\"http:\/\/aconteceunovale.com.br\/portal\/wp-content\/uploads\/2020\/03\/praca_povo_cap_2.jpg\" alt=\"\" data-id=\"159860\" data-full-url=\"http:\/\/aconteceunovale.com.br\/portal\/wp-content\/uploads\/2020\/03\/praca_povo_cap_2.jpg\" data-link=\"http:\/\/aconteceunovale.com.br\/portal\/?attachment_id=159860\" class=\"wp-image-159860\" srcset=\"https:\/\/aconteceunovale.com.br\/portal\/wp-content\/uploads\/2020\/03\/praca_povo_cap_2.jpg 678w, https:\/\/aconteceunovale.com.br\/portal\/wp-content\/uploads\/2020\/03\/praca_povo_cap_2-300x169.jpg 300w\" sizes=\"auto, (max-width: 678px) 100vw, 678px\" \/><figcaption class=\"blocks-gallery-item__caption\"><em>Foto: Divulga\u00e7\u00e3o\/Prefeitura de Capelinha<\/em><\/figcaption><\/figure><\/li><li class=\"blocks-gallery-item\"><figure><img loading=\"lazy\" decoding=\"async\" width=\"678\" height=\"381\" src=\"http:\/\/aconteceunovale.com.br\/portal\/wp-content\/uploads\/2020\/03\/praca_povo_cap_1.jpg\" alt=\"\" data-id=\"159861\" data-full-url=\"http:\/\/aconteceunovale.com.br\/portal\/wp-content\/uploads\/2020\/03\/praca_povo_cap_1.jpg\" data-link=\"http:\/\/aconteceunovale.com.br\/portal\/?attachment_id=159861\" class=\"wp-image-159861\" srcset=\"https:\/\/aconteceunovale.com.br\/portal\/wp-content\/uploads\/2020\/03\/praca_povo_cap_1.jpg 678w, https:\/\/aconteceunovale.com.br\/portal\/wp-content\/uploads\/2020\/03\/praca_povo_cap_1-300x169.jpg 300w\" sizes=\"auto, (max-width: 678px) 100vw, 678px\" \/><figcaption class=\"blocks-gallery-item__caption\"> <em>Foto: Divulga\u00e7\u00e3o\/Prefeitura de Capelinha<\/em> <\/figcaption><\/figure><\/li><\/ul><\/figure>\n\n\n\n<p class=\"has-text-color has-background has-very-light-gray-color has-very-dark-gray-background-color\">Quer saber as not\u00edcias do <strong>Aconteceu no Vale<\/strong> em primeira m\u00e3o? Siga-nos no Facebook <a rel=\"noreferrer noopener\" href=\"http:\/\/facebook.com\/aconteceunovale\" target=\"_blank\">@aconteceunovale<\/a>, Twitter <a rel=\"noreferrer noopener\" href=\"https:\/\/twitter.com\/noticiadosvales\" target=\"_blank\">@noticiadosvales<\/a> e Instagram <a rel=\"noreferrer noopener\" href=\"https:\/\/www.instagram.com\/aconteceunovale\" target=\"_blank\">@aconteceunovale<\/a>.<\/p>\n","protected":false},"excerpt":{"rendered":"<p>A Prefeitura de Capelinha (MG) interditou na manh\u00e3 deste s\u00e1bado (21\/03\/2020) a \u00e1rea de conviv\u00eancia da Pra\u00e7a do Povo, no Centro da cidade, para evitar aglomera\u00e7\u00e3o de pessoas no local. \u201cJ\u00e1 que muita gente, mesmo com todo o perigo anunciado, continuou frequentando espa\u00e7os p\u00fablicos de conviv\u00eancia, como a Pra\u00e7a do Povo, a Prefeitura de Capelinha [&hellip;]<\/p>\n","protected":false},"author":1,"featured_media":159860,"comment_status":"open","ping_status":"closed","sticky":false,"template":"","format":"standard","meta":{"amp_status":"","footnotes":""},"categories":[120],"tags":[132,218004,217642,218179,218006,218178,218180,218181,65998,218182,218177],"class_list":["post-159859","post","type-post","status-publish","format-standard","has-post-thumbnail","hentry","category-jequi","tag-capelinha","tag-capelinha-coronavirus","tag-coronavirus-capelinha","tag-coronavirus-em-capelinha","tag-covid-19-capelinha","tag-entradas-de-capelinha","tag-fechamento-das-entradas-de-capelinha","tag-fechamento-dos-acessos-a-capelinha","tag-prefeitura-de-capelinha","tag-prefeitura-de-capelinha-interdita-area-de-convivencia-da-praca-do-povo","tag-prefeitura-de-capelinha-montara-barreiras-nas-entradas-da-cidade"],"_links":{"self":[{"href":"https:\/\/aconteceunovale.com.br\/portal\/index.php?rest_route=\/wp\/v2\/posts\/159859","targetHints":{"allow":["GET"]}}],"collection":[{"href":"https:\/\/aconteceunovale.com.br\/portal\/index.php?rest_route=\/wp\/v2\/posts"}],"about":[{"href":"https:\/\/aconteceunovale.com.br\/portal\/index.php?rest_route=\/wp\/v2\/types\/post"}],"author":[{"embeddable":true,"href":"https:\/\/aconteceunovale.com.br\/portal\/index.php?rest_route=\/wp\/v2\/users\/1"}],"replies":[{"embeddable":true,"href":"https:\/\/aconteceunovale.com.br\/portal\/index.php?rest_route=%2Fwp%2Fv2%2Fcomments&post=159859"}],"version-history":[{"count":1,"href":"https:\/\/aconteceunovale.com.br\/portal\/index.php?rest_route=\/wp\/v2\/posts\/159859\/revisions"}],"predecessor-version":[{"id":159862,"href":"https:\/\/aconteceunovale.com.br\/portal\/index.php?rest_route=\/wp\/v2\/posts\/159859\/revisions\/159862"}],"wp:featuredmedia":[{"embeddable":true,"href":"https:\/\/aconteceunovale.com.br\/portal\/index.php?rest_route=\/wp\/v2\/media\/159860"}],"wp:attachment":[{"href":"https:\/\/aconteceunovale.com.br\/portal\/index.php?rest_route=%2Fwp%2Fv2%2Fmedia&parent=159859"}],"wp:term":[{"taxonomy":"category","embeddable":true,"href":"https:\/\/aconteceunovale.com.br\/portal\/index.php?rest_route=%2Fwp%2Fv2%2Fcategories&post=159859"},{"taxonomy":"post_tag","embeddable":true,"href":"https:\/\/aconteceunovale.com.br\/portal\/index.php?rest_route=%2Fwp%2Fv2%2Ftags&post=159859"}],"curies":[{"name":"wp","href":"https:\/\/api.w.org\/{rel}","templated":true}]}}