{"id":159710,"date":"2020-03-16T22:57:35","date_gmt":"2020-03-17T01:57:35","guid":{"rendered":"http:\/\/aconteceunovale.com.br\/portal\/?p=159710"},"modified":"2020-03-16T22:59:45","modified_gmt":"2020-03-17T01:59:45","slug":"ifnmg-suspende-atividades-letivas-presenciais-por-tempo-indeterminado","status":"publish","type":"post","link":"https:\/\/aconteceunovale.com.br\/portal\/?p=159710","title":{"rendered":"IFNMG suspende atividades letivas presenciais por tempo indeterminado"},"content":{"rendered":"\n<p>O Instituto Federal do Norte de Minas Gerais (IFNMG) informou\nno in\u00edcio da noite desta segunda-feira (18\/03\/2020) que decidiu pela suspens\u00e3o\ndas aulas e demais atividades letivas presenciais por tempo indeterminado. A medida\nfoi tomada como forma de preven\u00e7\u00e3o \u00e0 dissemina\u00e7\u00e3o do\nnovo coronav\u00edrus (Covid-19).<\/p>\n\n\n\n<p>Leia a nota na \u00edntegra:<\/p>\n\n\n\n<p class=\"has-background has-very-light-gray-background-color\"><em>Como forma de preven\u00e7\u00e3o \u00e0 dissemina\u00e7\u00e3o do novo coronav\u00edrus (Covid-19), o Instituto Federal do Norte de Minas Gerais (IFNMG) decidiu pela suspens\u00e3o das aulas e demais atividades letivas presenciais por tempo indeterminado em todos os onze campi a partir desta quarta-feira, dia 18 de mar\u00e7o. Nos campi Diamantina, Jana\u00faba e Porteirinha as aulas j\u00e1 est\u00e3o suspensas desde hoje, dia 16.<br><\/em><br><em>Reuni\u00f5es, inclusive a dos conselhos, \u00f3rg\u00e3os colegiados e comiss\u00f5es, est\u00e3o temporariamente suspensos, assim como todo evento que implicaria aglomera\u00e7\u00e3o de pessoas, como semin\u00e1rios, palestras, atividades esportivas, entre outros. As aulas que s\u00e3o realizadas na modalidade a dist\u00e2ncia est\u00e3o mantidas.<br><\/em><br><em>A decis\u00e3o foi tomada na tarde desta segunda-feira pelo Comit\u00ea de Crise do IFNMG, institu\u00eddo pela Portaria Reitor n\u00ba 99\/2020, em conson\u00e2ncia com as diretrizes do F\u00f3rum das Institui\u00e7\u00f5es P\u00fablicas de Ensino Superior de Minas Gerais (Foripes-MG), do\u00a0Comit\u00ea Operativo de Emerg\u00eancia (COE) do Minist\u00e9rio da Educa\u00e7\u00e3o (MEC) e das secretarias de sa\u00fade dos munic\u00edpios em que o IFNMG est\u00e1 situado. Nova reuni\u00e3o do Comit\u00ea est\u00e1 marcada para esta ter\u00e7a-feira para tra\u00e7ar estrat\u00e9gias para a organiza\u00e7\u00e3o e manuten\u00e7\u00e3o das atividades administrativas em conson\u00e2ncia com a Instru\u00e7\u00e3o Normativa n\u00b0 19\/2020 da Secretaria de Gest\u00e3o e Desempenho de Pessoal.<br><\/em><br><em>Embora ainda n\u00e3o haja casos confirmados de coronav\u00edrus nas cidades em que o Instituto possui unidades presenciais, as autoridades v\u00eam alertando para a import\u00e2ncia de se evitar atividades que re\u00fanam muitas pessoas, como forma de mitigar o avan\u00e7o da pandemia do Covid-19.<br><\/em><br><em>Mesmo antes das suspens\u00e3o das aulas, o IFNMG vem atuando para conscientizar estudantes, servidores e comunidade em geral para tomarem cuidados b\u00e1sicos de higiene e de conv\u00edvio social, tendo em vista que o cont\u00e1gio se d\u00e1 por meio de part\u00edculas de secre\u00e7\u00f5es respirat\u00f3rias.<br><\/em><br><em>Assim que forem tomadas novas decis\u00f5es, o Instituto ir\u00e1 divulgar em seu portal e redes oficiais.<\/em><\/p>\n\n\n\n<p class=\"has-text-color has-background has-very-light-gray-color has-very-dark-gray-background-color\">Quer saber as not\u00edcias do <strong>Aconteceu no Vale<\/strong> em primeira m\u00e3o? Siga-nos no Facebook <a rel=\"noreferrer noopener\" href=\"http:\/\/facebook.com\/aconteceunovale\" target=\"_blank\">@aconteceunovale<\/a>, Twitter <a rel=\"noreferrer noopener\" href=\"https:\/\/twitter.com\/noticiadosvales\" target=\"_blank\">@noticiadosvales<\/a> e Instagram <a rel=\"noreferrer noopener\" href=\"https:\/\/www.instagram.com\/aconteceunovale\" target=\"_blank\">@aconteceunovale<\/a>.<\/p>\n","protected":false},"excerpt":{"rendered":"<p>O Instituto Federal do Norte de Minas Gerais (IFNMG) informou no in\u00edcio da noite desta segunda-feira (18\/03\/2020) que decidiu pela suspens\u00e3o das aulas e demais atividades letivas presenciais por tempo indeterminado. A medida foi tomada como forma de preven\u00e7\u00e3o \u00e0 dissemina\u00e7\u00e3o do novo coronav\u00edrus (Covid-19). Leia a nota na \u00edntegra: Como forma de preven\u00e7\u00e3o \u00e0 [&hellip;]<\/p>\n","protected":false},"author":1,"featured_media":155784,"comment_status":"open","ping_status":"closed","sticky":false,"template":"","format":"standard","meta":{"amp_status":"","footnotes":""},"categories":[40238,1236],"tags":[217852,217840,217297,752,217285,24358,194,1017,217036,217370,215670,132,217641,217743,217738,217369,215651,215649,217543,217229,217643,217493,188052,217300,30594,216496,34856,217301,217299,217886,214884,217035,217642,214886,215396,215652,217870,217741,217542,217228,217033,217888,216497,216984,215716,215394,217876,1524,216498,217742,217739,217875,217298,1018,216985,217850,217837,217871,217855,204275,217866,23046,217887,217885,217884,217847,217833,214882,217830,217844,201,217360,217740,217302,185976,34858,217851,217839,131,217737,217034,215650,215648,34259,210,217227,215654,215653,214885,217032,217845,217831,23476,215791,217289,217848,217834,65998,217869,217296,217838,27380,217224,217736,217849,217835,217827,217842,217878,217872,217368,215655,217832,217846,217828,217841,217877,217854,217853,217792,217836,217883,217829,217843,763,217873,217874,217226,217225,217223,214883,214887,185806],"class_list":["post-159710","post","type-post","status-publish","format-standard","has-post-thumbnail","hentry","category-educacao-2","category-norte_de_minas","tag-alcool-gel-coronavirus","tag-alcool-gel-covid-19","tag-alcool-gel-e-eficaz-na-prevencao-ao-coronavirus","tag-almg","tag-arquidioceses-e-dioceses-recomendam-evitar-contato-em-missas-para-prevenir-coronavirus","tag-assembleia-legislativa-de-minas-gerais","tag-belo-horizonte","tag-bh","tag-brasil-confirma-primeiro-caso-de-coronavirus","tag-brasil-confirma-segundo-caso-de-coronavirus","tag-brasil-tem-nove-casos-suspeitos-de-coronavirus","tag-capelinha","tag-capelinha-esta-em-alerta-contra-o-novo-coronavirus","tag-caso-confirmado-de-coronavirus-em-ipatinga","tag-caso-confirmado-de-coronavirus-em-minas-gerais","tag-caso-confirmado-de-coronavirus-no-brasil","tag-caso-de-coronavirus-em-belo-horizonte","tag-caso-de-coronavirus-em-bh","tag-caso-de-coronavirus-em-minas-gerais","tag-caso-de-coronavirus-em-montes-claros","tag-caso-suspeito-de-coronavirus-em-capelinha","tag-casos-confirmados-do-novo-coronavirus-sobem-para-19-no-brasil","tag-celia-pecanha-de-oliveira","tag-cfq","tag-china","tag-china-tem-1-770-mortes-por-coronavirus","tag-codigo-de-defesa-do-consumidor","tag-combate-fake-news-coronavirus","tag-conselho-federal-de-quimica","tag-convid-19-ifnmg","tag-coronavirus","tag-coronavirus-balanca-economia-mundial","tag-coronavirus-capelinha","tag-coronavirus-china","tag-coronavirus-em-belo-horizonte","tag-coronavirus-em-bh","tag-coronavirus-em-coronel-fabriciano","tag-coronavirus-em-ipatinga","tag-coronavirus-em-minas-gerais","tag-coronavirus-em-montes-claros","tag-coronavirus-hospital-israelita-albert-einstein","tag-coronavirus-ifnmg","tag-coronavirus-ja-matou-1-770-pessoas-na-china","tag-coronavirus-ja-matou-mais-de-2-600-pessoas-na-china","tag-coronavirus-ja-matou-mais-de-200-pessoas-na-china","tag-coronavirus-no-brasil","tag-coronavirus-unimontes","tag-coronel-fabriciano","tag-covid-19","tag-covid-19-em-ipatinga","tag-covid-19-em-minas-gerais","tag-covid-19-unimontes","tag-desmentindo-fake-news-coronavirus","tag-destaque","tag-diamond-princess","tag-duracao-da-pandemia-de-coronavirus","tag-duracao-da-pandemia-de-covid-19","tag-fabriciano","tag-governo-de-minas-gerais-suspende-aulas-da-rede-estadual","tag-henrique-mandetta","tag-hospitais-de-ipatinga-e-itabira-suspendem-visitas-por-tempo-indeterminado","tag-hospital-israelita-albert-einstein","tag-ifnmg-convid-19","tag-ifnmg-coronavirus","tag-ifnmg-suspende-atividades-letivas-presenciais-por-tempo-indeterminado","tag-incubacao-do-coronavirus","tag-incubacao-do-covid-19","tag-infectados-com-novo-virus-na-china","tag-informacoes-sobre-o-covid-19","tag-informacoes-sobre-o-novo-coronavirus","tag-ipatinga","tag-ipatinga-monitora-dois-casos-suspeitos-de-coronavirus","tag-ipatinga-tem-o-primeiro-caso-de-coronavirus-confirmado","tag-jose-de-ribamar-oliveira-filho","tag-luiz-henrique-mandetta","tag-marcelo-barbosa","tag-mascaras-coronavirus","tag-mascaras-covid-19","tag-minas-gerais","tag-minas-gerais-tem-o-segundo-caso-de-coronavirus-confirmado","tag-ministerio-da-saude-monitora-caso-suspeito-de-coronavirus","tag-ministerio-da-saude-monitora-caso-suspeito-de-coronavirus-em-belo-horizonte","tag-ministerio-da-saude-monitora-caso-suspeito-de-coronavirus-em-bh","tag-ministro-da-saude","tag-montes-claros","tag-montes-claros-monitora-caso-suspeito-do-novo-coronavirus","tag-ncov-2019","tag-novo-coronavirus","tag-novo-virus-na-china","tag-numero-de-mortes-causadas-pelo-coronavirus-chega-a-2-715-na-china","tag-o-que-e-coronavirus","tag-o-que-e-covid-19","tag-oms","tag-organizacao-mundial-da-saude-confirma-11-953-casos-de-coronavirus","tag-organizacao-mundial-da-saude-eleva-grau-de-risco-de-disseminacao-do-coronavirus-para-muito-alto","tag-periodo-de-incubacao-do-coronavirus","tag-periodo-de-incubacao-do-covid-19","tag-prefeitura-de-capelinha","tag-prefeitura-de-coronel-fabriciano-confirma-primeiro-caso-de-coronavirus-no-municipio","tag-prevencao-ao-coronavirus","tag-prevencao-ao-covid-19","tag-procon-da-almg","tag-procon-da-almg-coronavirus","tag-procon-mg-coronavirus","tag-publico-vulneravel-ao-coronavirus","tag-publico-vulneravel-ao-covid-19","tag-saiba-tudo-sobre-o-covid-19","tag-saiba-tudo-sobre-o-novo-coronavirus","tag-secretaria-da-saude-confirma-seis-casos-de-coronavirus-em-minas-gerais","tag-secretaria-de-educacao-de-capelinha-suspende-aulas-na-rede-municipal","tag-segundo-caso-de-coronavirus-no-brasil","tag-sintomas-do-coronavirus","tag-sintomas-do-covid-19","tag-sintomas-do-novo-coronavirus","tag-sobe-para-176-o-numero-de-casos-confirmados-do-covid-19-no-brasil","tag-sobe-para-176-o-numero-de-casos-confirmados-do-novo-coronavirus-no-brasil","tag-sobe-para-6-o-numero-de-casos-confirmados-do-novo-coronavirus-em-minas-gerais","tag-suspensao-de-aulas-em-minas-gerais","tag-suspensao-de-aulas-na-rede-estadual-de-minas-gerais","tag-transmissao-do-coronavirus","tag-transmissao-do-covid-19","tag-tre-mg-suspende-atendimento-presencial-ao-eleitor-e-agendamento-ate-o-dia-31-de-marco","tag-tudo-sobre-o-covid-19","tag-tudo-sobre-o-novo-coronavirus","tag-unimontes","tag-unimontes-coronavirus","tag-unimontes-covid-19","tag-viagem-cancelada-coronavirus","tag-viagem-cancelada-por-causa-do-coronavirus","tag-viagem-cancelada-por-causa-do-coronavirus-nao-pode-ter-multa","tag-virus-da-china","tag-virus-de-origem-chinesa-pode-ter-infectado-mais-de-mil-de-pessoas","tag-wuhan"],"_links":{"self":[{"href":"https:\/\/aconteceunovale.com.br\/portal\/index.php?rest_route=\/wp\/v2\/posts\/159710","targetHints":{"allow":["GET"]}}],"collection":[{"href":"https:\/\/aconteceunovale.com.br\/portal\/index.php?rest_route=\/wp\/v2\/posts"}],"about":[{"href":"https:\/\/aconteceunovale.com.br\/portal\/index.php?rest_route=\/wp\/v2\/types\/post"}],"author":[{"embeddable":true,"href":"https:\/\/aconteceunovale.com.br\/portal\/index.php?rest_route=\/wp\/v2\/users\/1"}],"replies":[{"embeddable":true,"href":"https:\/\/aconteceunovale.com.br\/portal\/index.php?rest_route=%2Fwp%2Fv2%2Fcomments&post=159710"}],"version-history":[{"count":1,"href":"https:\/\/aconteceunovale.com.br\/portal\/index.php?rest_route=\/wp\/v2\/posts\/159710\/revisions"}],"predecessor-version":[{"id":159711,"href":"https:\/\/aconteceunovale.com.br\/portal\/index.php?rest_route=\/wp\/v2\/posts\/159710\/revisions\/159711"}],"wp:featuredmedia":[{"embeddable":true,"href":"https:\/\/aconteceunovale.com.br\/portal\/index.php?rest_route=\/wp\/v2\/media\/155784"}],"wp:attachment":[{"href":"https:\/\/aconteceunovale.com.br\/portal\/index.php?rest_route=%2Fwp%2Fv2%2Fmedia&parent=159710"}],"wp:term":[{"taxonomy":"category","embeddable":true,"href":"https:\/\/aconteceunovale.com.br\/portal\/index.php?rest_route=%2Fwp%2Fv2%2Fcategories&post=159710"},{"taxonomy":"post_tag","embeddable":true,"href":"https:\/\/aconteceunovale.com.br\/portal\/index.php?rest_route=%2Fwp%2Fv2%2Ftags&post=159710"}],"curies":[{"name":"wp","href":"https:\/\/api.w.org\/{rel}","templated":true}]}}