{"id":159684,"date":"2020-03-15T23:02:36","date_gmt":"2020-03-16T02:02:36","guid":{"rendered":"http:\/\/aconteceunovale.com.br\/portal\/?p=159684"},"modified":"2020-03-15T23:05:35","modified_gmt":"2020-03-16T02:05:35","slug":"hospitais-de-ipatinga-e-itabira-suspendem-visitas-por-tempo-indeterminado","status":"publish","type":"post","link":"https:\/\/aconteceunovale.com.br\/portal\/?p=159684","title":{"rendered":"Hospitais de Ipatinga e Itabira suspendem visitas por tempo indeterminado"},"content":{"rendered":"\n<p>Os hospitais M\u00e1rcio Cunha (HMC), em Ipatinga, e o Carlos Chagas (HMCC), em Itabira, manter\u00e3o suspensas, por tempo indeterminado, as visitas aos enfermos. A medida preventiva tem o objetivo de minimizar a exposi\u00e7\u00e3o ao Coronav\u00edrus (Covid-19) e come\u00e7ou a valer neste domingo (15\/03\/2020).<\/p>\n\n\n\n<p>Segundo a Funda\u00e7\u00e3o S\u00e3o Francisco Xavier (FSFX), mantenedora dos\ndois hospitais, a restri\u00e7\u00e3o n\u00e3o se aplica aos acompanhantes\nnos casos previstos em lei, que continuar\u00e3o sendo recebidos normalmente.<\/p>\n\n\n\n<p>\u201cDiante da situa\u00e7\u00e3o do Coronav\u00edrus, a Funda\u00e7\u00e3o S\u00e3o Francisco Xavier est\u00e1 preparada, com equipes orientadas, e segue todos os protocolos estabelecidos para a situa\u00e7\u00e3o, conforme orienta\u00e7\u00e3o do Minist\u00e9rio da Sa\u00fade.\u201d, diz o comunicado.<\/p>\n\n\n\n<h4 class=\"wp-block-heading\"><strong>Fique atento aos cuidados para a preven\u00e7\u00e3o:<\/strong><\/h4>\n\n\n\n<ul class=\"wp-block-list\"><li><em>Frequente higieniza\u00e7\u00e3o das m\u00e3os;<\/em><\/li><li><em>Mantenha os ambientes arejados por ventila\u00e7\u00e3o natural (portas e janelas abertas);<\/em><\/li><li><em>Evite locais com aglomera\u00e7\u00e3o de pessoas e fechados;<\/em><\/li><li><em>Evite andar em carros com vidros fechados<\/em>;<\/li><li><em>Cubra nariz e boca com a parte de dentro do cotovelo quando tossir ou espirrar;<\/em><\/li><li><em>Utilize len\u00e7o descart\u00e1vel para higiene nasal, lavando as m\u00e3os ap\u00f3s;<\/em><\/li><li><em>Cubra nariz e boca com len\u00e7o de papel quando espirrar ou tossir, jogue os len\u00e7os no lixo e higienize as m\u00e3os ap\u00f3s;<\/em><\/li><li><em>Evite tocar olhos, nariz e boca;<\/em><\/li><li><em>N\u00e3o compartilhe objetos;<\/em><\/li><li><em>Evite beijos e cumprimentos com as m\u00e3os;<\/em><\/li><li><em>Reavalie viagens a passeio com seus familiares em fun\u00e7\u00e3o da pandemia \u2013 quando poss\u00edvel cancele deslocamentos;<\/em><\/li><li><em>Tenha aten\u00e7\u00e3o especial na higieniza\u00e7\u00e3o de objetos pessoais como celulares, computadores, bolsas, mochilas, \u00f3culos, canetas, cadernos. Use sua pr\u00f3pria garrafinha de \u00e1gua e copo de caf\u00e9 individual<\/em>;<\/li><li><em>Muito cuidado ao tocar superf\u00edcies em qualquer local<\/em>;<\/li><li><em>Redobre a aten\u00e7\u00e3o com a higieniza\u00e7\u00e3o, e lave as m\u00e3os com \u00e1gua e sab\u00e3o ap\u00f3s utilizar equipamentos que exijam toques em superf\u00edcies, como bebedouros, catracas, controles remotos, mesas etc<\/em>;<\/li><li><em>Mantenha seus locais bem limpos.<\/em><\/li><\/ul>\n\n\n\n<p class=\"has-text-color has-background has-very-light-gray-color has-very-dark-gray-background-color\">Quer saber as not\u00edcias do <strong>Aconteceu no Vale<\/strong> em primeira m\u00e3o? Siga-nos no Facebook <a rel=\"noreferrer noopener\" href=\"http:\/\/facebook.com\/aconteceunovale\" target=\"_blank\">@aconteceunovale<\/a>, Twitter <a rel=\"noreferrer noopener\" href=\"https:\/\/twitter.com\/noticiadosvales\" target=\"_blank\">@noticiadosvales<\/a> e Instagram <a rel=\"noreferrer noopener\" href=\"https:\/\/www.instagram.com\/aconteceunovale\" target=\"_blank\">@aconteceunovale<\/a>.<\/p>\n","protected":false},"excerpt":{"rendered":"<p>Os hospitais M\u00e1rcio Cunha (HMC), em Ipatinga, e o Carlos Chagas (HMCC), em Itabira, manter\u00e3o suspensas, por tempo indeterminado, as visitas aos enfermos. A medida preventiva tem o objetivo de minimizar a exposi\u00e7\u00e3o ao Coronav\u00edrus (Covid-19) e come\u00e7ou a valer neste domingo (15\/03\/2020). Segundo a Funda\u00e7\u00e3o S\u00e3o Francisco Xavier (FSFX), mantenedora dos dois hospitais, a [&hellip;]<\/p>\n","protected":false},"author":1,"featured_media":159685,"comment_status":"open","ping_status":"closed","sticky":false,"template":"","format":"standard","meta":{"amp_status":"","footnotes":""},"categories":[121,40242],"tags":[217852,217840,217297,752,217285,24358,194,1017,217036,217370,215670,132,217641,217743,217738,217369,215651,215649,217543,217229,217643,217493,188052,217300,30594,216496,34856,217301,217299,214884,217035,217642,214886,215396,215652,217741,217542,217228,217033,216497,216984,215716,215394,216498,217742,217739,217298,1018,216985,217850,217837,217855,204275,217866,23046,217847,217833,214882,217830,217844,201,217360,217740,217302,185976,34858,217851,217839,131,217737,217034,215650,215648,34259,210,217227,215654,215653,214885,217032,217845,217831,23476,215791,217289,217848,217834,65998,217296,217838,27380,217224,217736,217849,217835,217827,217842,217368,215655,217832,217846,217828,217841,217854,217853,217792,217836,217829,217843,217226,217225,217223,214883,214887,185806],"class_list":["post-159684","post","type-post","status-publish","format-standard","has-post-thumbnail","hentry","category-leste","category-saude-2","tag-alcool-gel-coronavirus","tag-alcool-gel-covid-19","tag-alcool-gel-e-eficaz-na-prevencao-ao-coronavirus","tag-almg","tag-arquidioceses-e-dioceses-recomendam-evitar-contato-em-missas-para-prevenir-coronavirus","tag-assembleia-legislativa-de-minas-gerais","tag-belo-horizonte","tag-bh","tag-brasil-confirma-primeiro-caso-de-coronavirus","tag-brasil-confirma-segundo-caso-de-coronavirus","tag-brasil-tem-nove-casos-suspeitos-de-coronavirus","tag-capelinha","tag-capelinha-esta-em-alerta-contra-o-novo-coronavirus","tag-caso-confirmado-de-coronavirus-em-ipatinga","tag-caso-confirmado-de-coronavirus-em-minas-gerais","tag-caso-confirmado-de-coronavirus-no-brasil","tag-caso-de-coronavirus-em-belo-horizonte","tag-caso-de-coronavirus-em-bh","tag-caso-de-coronavirus-em-minas-gerais","tag-caso-de-coronavirus-em-montes-claros","tag-caso-suspeito-de-coronavirus-em-capelinha","tag-casos-confirmados-do-novo-coronavirus-sobem-para-19-no-brasil","tag-celia-pecanha-de-oliveira","tag-cfq","tag-china","tag-china-tem-1-770-mortes-por-coronavirus","tag-codigo-de-defesa-do-consumidor","tag-combate-fake-news-coronavirus","tag-conselho-federal-de-quimica","tag-coronavirus","tag-coronavirus-balanca-economia-mundial","tag-coronavirus-capelinha","tag-coronavirus-china","tag-coronavirus-em-belo-horizonte","tag-coronavirus-em-bh","tag-coronavirus-em-ipatinga","tag-coronavirus-em-minas-gerais","tag-coronavirus-em-montes-claros","tag-coronavirus-hospital-israelita-albert-einstein","tag-coronavirus-ja-matou-1-770-pessoas-na-china","tag-coronavirus-ja-matou-mais-de-2-600-pessoas-na-china","tag-coronavirus-ja-matou-mais-de-200-pessoas-na-china","tag-coronavirus-no-brasil","tag-covid-19","tag-covid-19-em-ipatinga","tag-covid-19-em-minas-gerais","tag-desmentindo-fake-news-coronavirus","tag-destaque","tag-diamond-princess","tag-duracao-da-pandemia-de-coronavirus","tag-duracao-da-pandemia-de-covid-19","tag-governo-de-minas-gerais-suspende-aulas-da-rede-estadual","tag-henrique-mandetta","tag-hospitais-de-ipatinga-e-itabira-suspendem-visitas-por-tempo-indeterminado","tag-hospital-israelita-albert-einstein","tag-incubacao-do-coronavirus","tag-incubacao-do-covid-19","tag-infectados-com-novo-virus-na-china","tag-informacoes-sobre-o-covid-19","tag-informacoes-sobre-o-novo-coronavirus","tag-ipatinga","tag-ipatinga-monitora-dois-casos-suspeitos-de-coronavirus","tag-ipatinga-tem-o-primeiro-caso-de-coronavirus-confirmado","tag-jose-de-ribamar-oliveira-filho","tag-luiz-henrique-mandetta","tag-marcelo-barbosa","tag-mascaras-coronavirus","tag-mascaras-covid-19","tag-minas-gerais","tag-minas-gerais-tem-o-segundo-caso-de-coronavirus-confirmado","tag-ministerio-da-saude-monitora-caso-suspeito-de-coronavirus","tag-ministerio-da-saude-monitora-caso-suspeito-de-coronavirus-em-belo-horizonte","tag-ministerio-da-saude-monitora-caso-suspeito-de-coronavirus-em-bh","tag-ministro-da-saude","tag-montes-claros","tag-montes-claros-monitora-caso-suspeito-do-novo-coronavirus","tag-ncov-2019","tag-novo-coronavirus","tag-novo-virus-na-china","tag-numero-de-mortes-causadas-pelo-coronavirus-chega-a-2-715-na-china","tag-o-que-e-coronavirus","tag-o-que-e-covid-19","tag-oms","tag-organizacao-mundial-da-saude-confirma-11-953-casos-de-coronavirus","tag-organizacao-mundial-da-saude-eleva-grau-de-risco-de-disseminacao-do-coronavirus-para-muito-alto","tag-periodo-de-incubacao-do-coronavirus","tag-periodo-de-incubacao-do-covid-19","tag-prefeitura-de-capelinha","tag-prevencao-ao-coronavirus","tag-prevencao-ao-covid-19","tag-procon-da-almg","tag-procon-da-almg-coronavirus","tag-procon-mg-coronavirus","tag-publico-vulneravel-ao-coronavirus","tag-publico-vulneravel-ao-covid-19","tag-saiba-tudo-sobre-o-covid-19","tag-saiba-tudo-sobre-o-novo-coronavirus","tag-segundo-caso-de-coronavirus-no-brasil","tag-sintomas-do-coronavirus","tag-sintomas-do-covid-19","tag-sintomas-do-novo-coronavirus","tag-sobe-para-176-o-numero-de-casos-confirmados-do-covid-19-no-brasil","tag-sobe-para-176-o-numero-de-casos-confirmados-do-novo-coronavirus-no-brasil","tag-suspensao-de-aulas-em-minas-gerais","tag-suspensao-de-aulas-na-rede-estadual-de-minas-gerais","tag-transmissao-do-coronavirus","tag-transmissao-do-covid-19","tag-tudo-sobre-o-covid-19","tag-tudo-sobre-o-novo-coronavirus","tag-viagem-cancelada-coronavirus","tag-viagem-cancelada-por-causa-do-coronavirus","tag-viagem-cancelada-por-causa-do-coronavirus-nao-pode-ter-multa","tag-virus-da-china","tag-virus-de-origem-chinesa-pode-ter-infectado-mais-de-mil-de-pessoas","tag-wuhan"],"_links":{"self":[{"href":"https:\/\/aconteceunovale.com.br\/portal\/index.php?rest_route=\/wp\/v2\/posts\/159684","targetHints":{"allow":["GET"]}}],"collection":[{"href":"https:\/\/aconteceunovale.com.br\/portal\/index.php?rest_route=\/wp\/v2\/posts"}],"about":[{"href":"https:\/\/aconteceunovale.com.br\/portal\/index.php?rest_route=\/wp\/v2\/types\/post"}],"author":[{"embeddable":true,"href":"https:\/\/aconteceunovale.com.br\/portal\/index.php?rest_route=\/wp\/v2\/users\/1"}],"replies":[{"embeddable":true,"href":"https:\/\/aconteceunovale.com.br\/portal\/index.php?rest_route=%2Fwp%2Fv2%2Fcomments&post=159684"}],"version-history":[{"count":2,"href":"https:\/\/aconteceunovale.com.br\/portal\/index.php?rest_route=\/wp\/v2\/posts\/159684\/revisions"}],"predecessor-version":[{"id":159687,"href":"https:\/\/aconteceunovale.com.br\/portal\/index.php?rest_route=\/wp\/v2\/posts\/159684\/revisions\/159687"}],"wp:featuredmedia":[{"embeddable":true,"href":"https:\/\/aconteceunovale.com.br\/portal\/index.php?rest_route=\/wp\/v2\/media\/159685"}],"wp:attachment":[{"href":"https:\/\/aconteceunovale.com.br\/portal\/index.php?rest_route=%2Fwp%2Fv2%2Fmedia&parent=159684"}],"wp:term":[{"taxonomy":"category","embeddable":true,"href":"https:\/\/aconteceunovale.com.br\/portal\/index.php?rest_route=%2Fwp%2Fv2%2Fcategories&post=159684"},{"taxonomy":"post_tag","embeddable":true,"href":"https:\/\/aconteceunovale.com.br\/portal\/index.php?rest_route=%2Fwp%2Fv2%2Ftags&post=159684"}],"curies":[{"name":"wp","href":"https:\/\/api.w.org\/{rel}","templated":true}]}}