{"id":159682,"date":"2020-03-15T22:45:54","date_gmt":"2020-03-16T01:45:54","guid":{"rendered":"http:\/\/aconteceunovale.com.br\/portal\/?p=159682"},"modified":"2020-03-15T22:47:00","modified_gmt":"2020-03-16T01:47:00","slug":"tres-homens-morrem-em-acidentes-nos-vales-do-jequitinhonha-e-mucuri","status":"publish","type":"post","link":"https:\/\/aconteceunovale.com.br\/portal\/?p=159682","title":{"rendered":"Tr\u00eas homens morrem em acidentes nos Vales do Jequitinhonha e Mucuri"},"content":{"rendered":"\n<p>Um jovem de 25 anos morreu ap\u00f3s bater em uma \u00e9gua\nque atravessava a BR-367, em Itaobim (MG), na noite de s\u00e1bado (14\/03\/2020).\nSegundo informa\u00e7\u00f5es da Pol\u00edcia Militar Rodovi\u00e1ria (PMRv), Allax Roque Dias\nAguilar seguia no sentido Itinga, colidiu contra o animal na altura do\nquil\u00f4metro 216 e foi arremessado por cerca de 35 metros.<\/p>\n\n\n\n<p>Equipes do SAMU (Servi\u00e7o de Atendimento M\u00f3vel de\nUrg\u00eancia) estiveram no local e constatam o \u00f3bito de Allax. O corpo da v\u00edtima\nfoi encaminhado ao Instituto M\u00e9dico Legal (IML) de Te\u00f3filo Otoni.<\/p>\n\n\n\n<p>Ainda de acordo com a PMRv, a moto estava com o licenciamento vencido e foi apreendida. A \u00e9gua morreu no local e o seu propriet\u00e1rio ainda n\u00e3o foi identificado.<\/p>\n\n\n\n<h4 class=\"wp-block-heading\"><strong>ACIDENTES NO VALE DO MUCURI<\/strong><\/h4>\n\n\n\n<p><strong>Carlos Chagas<\/strong><\/p>\n\n\n\n<p>Em Carlos Chagas, no Vale do Mucuri, um homem de 62 anos\nmorreu ap\u00f3s perder o controle do moto que conduzia enquanto descia um morro\n\u00edngreme. Segundo a Pol\u00edcia Militar, a v\u00edtima e a motocicleta ca\u00edram em um\nbarranco de aproximadamente cinco metros de altura na rua Dois Irm\u00e3os, no\nbairro Ju\u00e1.<\/p>\n\n\n\n<p>Testemunhas informaram \u00e0 pol\u00edcia que Noedison Gon\u00e7alves Franco pode ter se desequilibrado em um peda\u00e7o de madeira que sinalizava um buraco na via. O corpo foi encaminhado ao Instituto M\u00e9dico Legal (IML) de Te\u00f3filo Otoni.<\/p>\n\n\n\n<p><strong>Nanuque<\/strong><\/p>\n\n\n\n<p>No bairro Nossa Senhora de F\u00e1tima, em Nanuque, um\nhomem de 41 anos tamb\u00e9m morreu em um acidente com motocicleta. Segundo a\nPol\u00edcia Militar, uma equipe do Samu constatou o \u00f3bito da v\u00edtima \u00c9lson Brand\u00e3o\ndos Santos. <\/p>\n\n\n\n<p>A din\u00e2mica e a motiva\u00e7\u00e3o do acidente n\u00e3o foram\ninformados. A per\u00edcia esteve no local e constatou que a v\u00edtima estava com\nfratura exposta nos punhos, escoria\u00e7\u00f5es pelo t\u00f3rax e pequenas les\u00f5es na cabe\u00e7a.<\/p>\n\n\n\n<p>O corpo foi encaminhado ao IML de Te\u00f3filo Otoni.<\/p>\n\n\n\n<p class=\"has-text-color has-background has-very-light-gray-color has-very-dark-gray-background-color\">Quer saber as not\u00edcias do <strong>Aconteceu no Vale<\/strong> em primeira m\u00e3o? Siga-nos no Facebook <a rel=\"noreferrer noopener\" href=\"http:\/\/facebook.com\/aconteceunovale\" target=\"_blank\">@aconteceunovale<\/a>, Twitter <a rel=\"noreferrer noopener\" href=\"https:\/\/twitter.com\/noticiadosvales\" target=\"_blank\">@noticiadosvales<\/a> e Instagram <a rel=\"noreferrer noopener\" href=\"https:\/\/www.instagram.com\/aconteceunovale\" target=\"_blank\">@aconteceunovale<\/a>.<\/p>\n","protected":false},"excerpt":{"rendered":"<p>Um jovem de 25 anos morreu ap\u00f3s bater em uma \u00e9gua que atravessava a BR-367, em Itaobim (MG), na noite de s\u00e1bado (14\/03\/2020). Segundo informa\u00e7\u00f5es da Pol\u00edcia Militar Rodovi\u00e1ria (PMRv), Allax Roque Dias Aguilar seguia no sentido Itinga, colidiu contra o animal na altura do quil\u00f4metro 216 e foi arremessado por cerca de 35 metros. [&hellip;]<\/p>\n","protected":false},"author":1,"featured_media":151866,"comment_status":"open","ping_status":"closed","sticky":false,"template":"","format":"standard","meta":{"amp_status":"","footnotes":""},"categories":[120,122],"tags":[217858,217860,217863,216448,51545,47353,48694,217861,217856,2016,1175,217857,217859,217864,391,189,252,217862,164,217865],"class_list":["post-159682","post","type-post","status-publish","format-standard","has-post-thumbnail","hentry","category-jequi","category-mucuri","tag-acidente-com-egua-em-itaobim","tag-acidente-com-moto-em-carlos-chagas","tag-acidente-com-moto-em-itaobim","tag-acidente-com-moto-em-nanuque","tag-acidente-em-carlos-chagas","tag-acidente-em-itaobim","tag-acidente-em-nanuque","tag-acidentes-no-vale-do-mucuri","tag-allax-roque-dias-aguilar","tag-br-367","tag-carlos-chagas","tag-colisao-contra-animal-em-itaobim","tag-colisao-contra-animal-na-br-367","tag-elson-brandao-dos-santos","tag-itaobim","tag-itinga","tag-nanuque","tag-noedison-goncalves-franco","tag-teofilo-otoni","tag-tres-homens-morrem-em-acidentes-nos-vales-do-jequitinhonha-e-mucuri"],"_links":{"self":[{"href":"https:\/\/aconteceunovale.com.br\/portal\/index.php?rest_route=\/wp\/v2\/posts\/159682","targetHints":{"allow":["GET"]}}],"collection":[{"href":"https:\/\/aconteceunovale.com.br\/portal\/index.php?rest_route=\/wp\/v2\/posts"}],"about":[{"href":"https:\/\/aconteceunovale.com.br\/portal\/index.php?rest_route=\/wp\/v2\/types\/post"}],"author":[{"embeddable":true,"href":"https:\/\/aconteceunovale.com.br\/portal\/index.php?rest_route=\/wp\/v2\/users\/1"}],"replies":[{"embeddable":true,"href":"https:\/\/aconteceunovale.com.br\/portal\/index.php?rest_route=%2Fwp%2Fv2%2Fcomments&post=159682"}],"version-history":[{"count":1,"href":"https:\/\/aconteceunovale.com.br\/portal\/index.php?rest_route=\/wp\/v2\/posts\/159682\/revisions"}],"predecessor-version":[{"id":159683,"href":"https:\/\/aconteceunovale.com.br\/portal\/index.php?rest_route=\/wp\/v2\/posts\/159682\/revisions\/159683"}],"wp:featuredmedia":[{"embeddable":true,"href":"https:\/\/aconteceunovale.com.br\/portal\/index.php?rest_route=\/wp\/v2\/media\/151866"}],"wp:attachment":[{"href":"https:\/\/aconteceunovale.com.br\/portal\/index.php?rest_route=%2Fwp%2Fv2%2Fmedia&parent=159682"}],"wp:term":[{"taxonomy":"category","embeddable":true,"href":"https:\/\/aconteceunovale.com.br\/portal\/index.php?rest_route=%2Fwp%2Fv2%2Fcategories&post=159682"},{"taxonomy":"post_tag","embeddable":true,"href":"https:\/\/aconteceunovale.com.br\/portal\/index.php?rest_route=%2Fwp%2Fv2%2Ftags&post=159682"}],"curies":[{"name":"wp","href":"https:\/\/api.w.org\/{rel}","templated":true}]}}