{"id":159679,"date":"2020-03-15T21:48:08","date_gmt":"2020-03-16T00:48:08","guid":{"rendered":"http:\/\/aconteceunovale.com.br\/portal\/?p=159679"},"modified":"2020-03-15T21:50:23","modified_gmt":"2020-03-16T00:50:23","slug":"governo-de-minas-gerais-suspende-aulas-da-rede-estadual","status":"publish","type":"post","link":"https:\/\/aconteceunovale.com.br\/portal\/?p=159679","title":{"rendered":"Governo de Minas Gerais suspende aulas da rede estadual"},"content":{"rendered":"\n<p>O governador&nbsp;Romeu Zema&nbsp;publicou decreto, neste domingo (15\/3\/2020), que cria o Comit\u00ea Gestor do Plano de Preven\u00e7\u00e3o e Contingenciamento em Sa\u00fade do COVID-19 e amplia as a\u00e7\u00f5es de preven\u00e7\u00e3o e combate ao coronav\u00edrus em \u00f3rg\u00e3os e entidades da administra\u00e7\u00e3o estadual.<\/p>\n\n\n\n<p>O Executivo decidiu implementar recesso escolar para a pr\u00f3xima quarta-feira (18\/3) em todas as escolas da rede estadual. A medida vale at\u00e9 o dia 22 de mar\u00e7o. Sendo assim, as unidades de ensino estar\u00e3o com suas atividades paralisadas at\u00e9 o dia 22 de mar\u00e7o.<\/p>\n\n\n\n<p>J\u00e1 existe movimento de paralisa\u00e7\u00e3o, em decorr\u00eancia do coronav\u00edrus, em unidades federais e particulares.<\/p>\n\n\n\n<p>O intuito da paralisa\u00e7\u00e3o de atividades \u00e9 o de concentrar esfor\u00e7os no di\u00e1logo com as unidades e na elabora\u00e7\u00e3o de medidas adicionais, sempre monitorando a evolu\u00e7\u00e3o da transmiss\u00e3o. A retomada das aulas ser\u00e1 no dia 23 de mar\u00e7o, conforme orienta\u00e7\u00e3o da Secretaria de Sa\u00fade. O Governo ressalta que n\u00e3o existe situa\u00e7\u00e3o de cont\u00e1gio comunit\u00e1rio em Minas Gerais at\u00e9 o momento e todas as medidas s\u00e3o no sentido de minimizar os impactos futuros da pandemia.<\/p>\n\n\n\n<p>A medida est\u00e1 em sintonia com as determina\u00e7\u00f5es do Minist\u00e9rio da Sa\u00fade para combater a dissemina\u00e7\u00e3o do Covid-19 no pa\u00eds.<\/p>\n\n\n\n<p><strong>Decreto<\/strong><\/p>\n\n\n\n<p>Foi publicado neste domingo decreto do governador Romeu Zema, contendo medidas adicionais para lidar com a pandemia. Entre as medidas est\u00e3o o impedimento de retorno ao trabalho de servidores que estiveram em localidades com alto \u00edndice de transmiss\u00e3o comunit\u00e1ria do v\u00edrus. O impedimento vale por 14 dias, caso o servidor apresente sintomas da doen\u00e7a, ou por sete dias, caso n\u00e3o haja sintomas. Nesse per\u00edodo, recomenda-se que o profissional permane\u00e7a em casa e em trabalho remoto, se houver condi\u00e7\u00f5es. Se n\u00e3o for poss\u00edvel, as faltas ser\u00e3o abonadas. Em ambos os casos, n\u00e3o haver\u00e1 perda no aux\u00edlio-refei\u00e7\u00e3o ou alimenta\u00e7\u00e3o.&nbsp;<\/p>\n\n\n\n<p>O governador Romeu Zema ressalta que n\u00e3o h\u00e1 motivo para p\u00e2nico e que as medidas adotadas at\u00e9 o momento s\u00e3o preventivas.<\/p>\n\n\n\n<p>&#8220;Tudo isso faz parte de um conjunto de a\u00e7\u00f5es para resguardar a sa\u00fade de todos os mineiros e proteger nossos cidad\u00e3os. Preven\u00e7\u00e3o sempre ser\u00e1 o melhor rem\u00e9dio&#8221;, disse.<\/p>\n\n\n\n<p>No \u00faltimo s\u00e1bado (14\/3), o governador j\u00e1 havia decretado a suspens\u00e3o de eventos oficiais com mais de cem pessoas pelos pr\u00f3ximos 30 dias. A recomenda\u00e7\u00e3o \u00e9 que a medida, que ser\u00e1 revista semanalmente, tamb\u00e9m seja adotada por organiza\u00e7\u00f5es da iniciativa privada.<\/p>\n\n\n\n<p>&#8220;Evitando aglomera\u00e7\u00f5es, conseguimos conter a propaga\u00e7\u00e3o do v\u00edrus de forma mais eficiente, com o objetivo de que a epidemia n\u00e3o se alastre em Minas Gerais e contamine, principalmente, quem est\u00e1 no grupo de risco&#8221;, afirmou.<\/p>\n\n\n\n<p>A gest\u00e3o estadual esclarece que continuar\u00e1&nbsp; empenhando todos os esfor\u00e7os para evitar que a pandemia do Covid-19 atinja a popula\u00e7\u00e3o mineira e conta com a contribui\u00e7\u00e3o e compreens\u00e3o de todos.<\/p>\n\n\n\n<p>Veja abaixo outros pontos do decreto publicado neste domingo:<\/p>\n\n\n\n<ul class=\"wp-block-list\"><li>\u00d3rg\u00e3os e entidades implementar\u00e3o a\u00e7\u00f5es recomendadas por \u00f3rg\u00e3os de Sa\u00fade p\u00fablica, como medidas de profilaxia, assepsia, sanit\u00e1rias e de informa\u00e7\u00e3o em rela\u00e7\u00e3o ao coronav\u00edrus;<\/li><li>Recomenda\u00e7\u00e3o de realiza\u00e7\u00e3o de reuni\u00f5es virtuais ou, n\u00e3o sendo poss\u00edvel, que estas sejam realizadas exclusivamente com a participa\u00e7\u00e3o das pessoas indispens\u00e1veis;<\/li><li>Suspens\u00e3o por 30 dias de atividades de capacita\u00e7\u00e3o, treinamento ou outros eventos realizados pelos \u00f3rg\u00e3os, autarquias e funda\u00e7\u00f5es que impliquem aglomera\u00e7\u00e3o de mais de 100 pessoas. Esse prazo poder\u00e1 ser prorrogado;<\/li><li>Suspens\u00e3o por 30 dias de viagens oficiais de servidores do Poder Executivo estadual que tenham como origem ou destino localidade com caso confirmado de infec\u00e7\u00e3o pelo coronav\u00edrus (COVID-19).&nbsp;Esse prazo poder\u00e1 ser prorrogado;<\/li><li>O servidor que apresentar sintomas caracter\u00edsticos da doen\u00e7a fica dispensado de comparecer \u00e0 unidade pericial, hip\u00f3tese em que a licen\u00e7a para tratamento de sa\u00fade poder\u00e1 ser concedida mediante homologa\u00e7\u00e3o, ou seja, envio de documenta\u00e7\u00e3o comprobat\u00f3ria para an\u00e1lise e deferimento pela per\u00edcia m\u00e9dica;<\/li><li>O prazo para recadastramento anual de inativos e pensionistas do Poder Executivo do Estado fica suspenso, enquanto perdurar a Situa\u00e7\u00e3o de Emerg\u00eancia em virtude do coronav\u00edrus, sem implicar na suspens\u00e3o da remunera\u00e7\u00e3o durante esse per\u00edodo.<\/li><\/ul>\n\n\n\n<p>Veja \u00edntegra do decreto clicando&nbsp;<a href=\"http:\/\/agenciaminas.mg.gov.br\/ckeditor_assets\/attachments\/7565\/caderno1_2020-03-15.pdf\" target=\"_blank\" rel=\"noreferrer noopener\" aria-label=\" (abre numa nova aba)\">aqui<\/a>.<\/p>\n\n\n\n<p><strong>Situa\u00e7\u00e3o de emerg\u00eancia<\/strong><\/p>\n\n\n\n<p>Na \u00faltima sexta-feira (13\/3), a&nbsp;Secretaria de Estado de Sa\u00fade (SES-MG)&nbsp;decretou Situa\u00e7\u00e3o de Emerg\u00eancia em Sa\u00fade P\u00fablica no estado como uma das a\u00e7\u00f5es de prepara\u00e7\u00e3o para assist\u00eancia a pacientes com coronav\u00edrus. Entre as medidas previstas est\u00e1 a dispensa de licita\u00e7\u00e3o para compra de insumos, medicamentos e aparatos m\u00e9dicos, al\u00e9m da contrata\u00e7\u00e3o de profissionais.<\/p>\n\n\n\n<p>O decreto tamb\u00e9m oficializa a instala\u00e7\u00e3o do Centro de Opera\u00e7\u00f5es de Emerg\u00eancia em Sa\u00fade (Coes-Minas), coordenado pela SES-MG, para monitoramento e estudo dos casos, al\u00e9m da atua\u00e7\u00e3o na tomada de decis\u00f5es e organiza\u00e7\u00e3o das a\u00e7\u00f5es de enfrentamento.<\/p>\n\n\n\n<p class=\"has-text-color has-background has-very-light-gray-color has-very-dark-gray-background-color\">Quer saber as not\u00edcias do <strong>Aconteceu no Vale<\/strong> em primeira m\u00e3o? Siga-nos no Facebook <a rel=\"noreferrer noopener\" href=\"http:\/\/facebook.com\/aconteceunovale\" target=\"_blank\">@aconteceunovale<\/a>, Twitter <a rel=\"noreferrer noopener\" href=\"https:\/\/twitter.com\/noticiadosvales\" target=\"_blank\">@noticiadosvales<\/a> e Instagram <a rel=\"noreferrer noopener\" href=\"https:\/\/www.instagram.com\/aconteceunovale\" target=\"_blank\">@aconteceunovale<\/a>.<\/p>\n","protected":false},"excerpt":{"rendered":"<p>O governador&nbsp;Romeu Zema&nbsp;publicou decreto, neste domingo (15\/3\/2020), que cria o Comit\u00ea Gestor do Plano de Preven\u00e7\u00e3o e Contingenciamento em Sa\u00fade do COVID-19 e amplia as a\u00e7\u00f5es de preven\u00e7\u00e3o e combate ao coronav\u00edrus em \u00f3rg\u00e3os e entidades da administra\u00e7\u00e3o estadual. O Executivo decidiu implementar recesso escolar para a pr\u00f3xima quarta-feira (18\/3) em todas as escolas da [&hellip;]<\/p>\n","protected":false},"author":1,"featured_media":114832,"comment_status":"open","ping_status":"closed","sticky":false,"template":"","format":"standard","meta":{"amp_status":"","footnotes":""},"categories":[40238,123],"tags":[217852,217840,217297,752,217285,24358,194,1017,217036,217370,215670,132,217641,217743,217738,217369,215651,215649,217543,217229,217643,217493,188052,217300,30594,216496,34856,217301,217299,214884,217035,217642,214886,215396,215652,217741,217542,217228,217033,216497,216984,215716,215394,216498,217742,217739,217298,1018,216985,217850,217837,217855,204275,23046,217847,217833,214882,217830,217844,201,217360,217740,217302,185976,34858,217851,217839,131,217737,217034,215650,215648,34259,210,217227,215654,215653,214885,217032,217845,217831,23476,215791,217289,217848,217834,65998,217296,217838,27380,217224,217736,217849,217835,217827,217842,217368,215655,217832,217846,217828,217841,217854,217853,217792,217836,217829,217843,217226,217225,217223,214883,214887,185806],"class_list":["post-159679","post","type-post","status-publish","format-standard","has-post-thumbnail","hentry","category-educacao-2","category-gerais","tag-alcool-gel-coronavirus","tag-alcool-gel-covid-19","tag-alcool-gel-e-eficaz-na-prevencao-ao-coronavirus","tag-almg","tag-arquidioceses-e-dioceses-recomendam-evitar-contato-em-missas-para-prevenir-coronavirus","tag-assembleia-legislativa-de-minas-gerais","tag-belo-horizonte","tag-bh","tag-brasil-confirma-primeiro-caso-de-coronavirus","tag-brasil-confirma-segundo-caso-de-coronavirus","tag-brasil-tem-nove-casos-suspeitos-de-coronavirus","tag-capelinha","tag-capelinha-esta-em-alerta-contra-o-novo-coronavirus","tag-caso-confirmado-de-coronavirus-em-ipatinga","tag-caso-confirmado-de-coronavirus-em-minas-gerais","tag-caso-confirmado-de-coronavirus-no-brasil","tag-caso-de-coronavirus-em-belo-horizonte","tag-caso-de-coronavirus-em-bh","tag-caso-de-coronavirus-em-minas-gerais","tag-caso-de-coronavirus-em-montes-claros","tag-caso-suspeito-de-coronavirus-em-capelinha","tag-casos-confirmados-do-novo-coronavirus-sobem-para-19-no-brasil","tag-celia-pecanha-de-oliveira","tag-cfq","tag-china","tag-china-tem-1-770-mortes-por-coronavirus","tag-codigo-de-defesa-do-consumidor","tag-combate-fake-news-coronavirus","tag-conselho-federal-de-quimica","tag-coronavirus","tag-coronavirus-balanca-economia-mundial","tag-coronavirus-capelinha","tag-coronavirus-china","tag-coronavirus-em-belo-horizonte","tag-coronavirus-em-bh","tag-coronavirus-em-ipatinga","tag-coronavirus-em-minas-gerais","tag-coronavirus-em-montes-claros","tag-coronavirus-hospital-israelita-albert-einstein","tag-coronavirus-ja-matou-1-770-pessoas-na-china","tag-coronavirus-ja-matou-mais-de-2-600-pessoas-na-china","tag-coronavirus-ja-matou-mais-de-200-pessoas-na-china","tag-coronavirus-no-brasil","tag-covid-19","tag-covid-19-em-ipatinga","tag-covid-19-em-minas-gerais","tag-desmentindo-fake-news-coronavirus","tag-destaque","tag-diamond-princess","tag-duracao-da-pandemia-de-coronavirus","tag-duracao-da-pandemia-de-covid-19","tag-governo-de-minas-gerais-suspende-aulas-da-rede-estadual","tag-henrique-mandetta","tag-hospital-israelita-albert-einstein","tag-incubacao-do-coronavirus","tag-incubacao-do-covid-19","tag-infectados-com-novo-virus-na-china","tag-informacoes-sobre-o-covid-19","tag-informacoes-sobre-o-novo-coronavirus","tag-ipatinga","tag-ipatinga-monitora-dois-casos-suspeitos-de-coronavirus","tag-ipatinga-tem-o-primeiro-caso-de-coronavirus-confirmado","tag-jose-de-ribamar-oliveira-filho","tag-luiz-henrique-mandetta","tag-marcelo-barbosa","tag-mascaras-coronavirus","tag-mascaras-covid-19","tag-minas-gerais","tag-minas-gerais-tem-o-segundo-caso-de-coronavirus-confirmado","tag-ministerio-da-saude-monitora-caso-suspeito-de-coronavirus","tag-ministerio-da-saude-monitora-caso-suspeito-de-coronavirus-em-belo-horizonte","tag-ministerio-da-saude-monitora-caso-suspeito-de-coronavirus-em-bh","tag-ministro-da-saude","tag-montes-claros","tag-montes-claros-monitora-caso-suspeito-do-novo-coronavirus","tag-ncov-2019","tag-novo-coronavirus","tag-novo-virus-na-china","tag-numero-de-mortes-causadas-pelo-coronavirus-chega-a-2-715-na-china","tag-o-que-e-coronavirus","tag-o-que-e-covid-19","tag-oms","tag-organizacao-mundial-da-saude-confirma-11-953-casos-de-coronavirus","tag-organizacao-mundial-da-saude-eleva-grau-de-risco-de-disseminacao-do-coronavirus-para-muito-alto","tag-periodo-de-incubacao-do-coronavirus","tag-periodo-de-incubacao-do-covid-19","tag-prefeitura-de-capelinha","tag-prevencao-ao-coronavirus","tag-prevencao-ao-covid-19","tag-procon-da-almg","tag-procon-da-almg-coronavirus","tag-procon-mg-coronavirus","tag-publico-vulneravel-ao-coronavirus","tag-publico-vulneravel-ao-covid-19","tag-saiba-tudo-sobre-o-covid-19","tag-saiba-tudo-sobre-o-novo-coronavirus","tag-segundo-caso-de-coronavirus-no-brasil","tag-sintomas-do-coronavirus","tag-sintomas-do-covid-19","tag-sintomas-do-novo-coronavirus","tag-sobe-para-176-o-numero-de-casos-confirmados-do-covid-19-no-brasil","tag-sobe-para-176-o-numero-de-casos-confirmados-do-novo-coronavirus-no-brasil","tag-suspensao-de-aulas-em-minas-gerais","tag-suspensao-de-aulas-na-rede-estadual-de-minas-gerais","tag-transmissao-do-coronavirus","tag-transmissao-do-covid-19","tag-tudo-sobre-o-covid-19","tag-tudo-sobre-o-novo-coronavirus","tag-viagem-cancelada-coronavirus","tag-viagem-cancelada-por-causa-do-coronavirus","tag-viagem-cancelada-por-causa-do-coronavirus-nao-pode-ter-multa","tag-virus-da-china","tag-virus-de-origem-chinesa-pode-ter-infectado-mais-de-mil-de-pessoas","tag-wuhan"],"_links":{"self":[{"href":"https:\/\/aconteceunovale.com.br\/portal\/index.php?rest_route=\/wp\/v2\/posts\/159679","targetHints":{"allow":["GET"]}}],"collection":[{"href":"https:\/\/aconteceunovale.com.br\/portal\/index.php?rest_route=\/wp\/v2\/posts"}],"about":[{"href":"https:\/\/aconteceunovale.com.br\/portal\/index.php?rest_route=\/wp\/v2\/types\/post"}],"author":[{"embeddable":true,"href":"https:\/\/aconteceunovale.com.br\/portal\/index.php?rest_route=\/wp\/v2\/users\/1"}],"replies":[{"embeddable":true,"href":"https:\/\/aconteceunovale.com.br\/portal\/index.php?rest_route=%2Fwp%2Fv2%2Fcomments&post=159679"}],"version-history":[{"count":2,"href":"https:\/\/aconteceunovale.com.br\/portal\/index.php?rest_route=\/wp\/v2\/posts\/159679\/revisions"}],"predecessor-version":[{"id":159681,"href":"https:\/\/aconteceunovale.com.br\/portal\/index.php?rest_route=\/wp\/v2\/posts\/159679\/revisions\/159681"}],"wp:featuredmedia":[{"embeddable":true,"href":"https:\/\/aconteceunovale.com.br\/portal\/index.php?rest_route=\/wp\/v2\/media\/114832"}],"wp:attachment":[{"href":"https:\/\/aconteceunovale.com.br\/portal\/index.php?rest_route=%2Fwp%2Fv2%2Fmedia&parent=159679"}],"wp:term":[{"taxonomy":"category","embeddable":true,"href":"https:\/\/aconteceunovale.com.br\/portal\/index.php?rest_route=%2Fwp%2Fv2%2Fcategories&post=159679"},{"taxonomy":"post_tag","embeddable":true,"href":"https:\/\/aconteceunovale.com.br\/portal\/index.php?rest_route=%2Fwp%2Fv2%2Ftags&post=159679"}],"curies":[{"name":"wp","href":"https:\/\/api.w.org\/{rel}","templated":true}]}}