{"id":159627,"date":"2020-03-12T22:44:36","date_gmt":"2020-03-13T01:44:36","guid":{"rendered":"http:\/\/aconteceunovale.com.br\/portal\/?p=159627"},"modified":"2020-03-12T22:44:53","modified_gmt":"2020-03-13T01:44:53","slug":"detentos-fazem-motim-no-presidio-de-resplendor","status":"publish","type":"post","link":"https:\/\/aconteceunovale.com.br\/portal\/?p=159627","title":{"rendered":"Detentos fazem motim no pres\u00eddio de Resplendor"},"content":{"rendered":"\n<p>O pres\u00eddio de Resplendor, no Vale do Rio Doce, foi palco de um\nmotim nessa quarta-feira (11\/03\/2020). V\u00e1rios detentos participaram do tumulto,\nque durou cerca de quatro horas. A motiva\u00e7\u00e3o n\u00e3o foi divulgada pelas\nautoridades locais.<\/p>\n\n\n\n<p>Segundo informou a\nSecretaria de Estado de Justi\u00e7a e Seguran\u00e7a P\u00fablica (Sejusp), o tumulto come\u00e7ou\npor volta das 17h30, quando os presos come\u00e7aram a quebrar algumas celas. Em\nimagens que circulam nas redes sociais \u00e9 poss\u00edvel ver que um detento subiu no\ntelhado do pr\u00e9dio.<\/p>\n\n\n\n<p>O motim foi controlado\n\u00e0s 21h40, com o apoio de agentes penitenci\u00e1rios de cidades vizinhas e das\nPol\u00edcias Militar e Civil. Durante a conten\u00e7\u00e3o, dois presos se feriram sem\ngravidade e foram encaminhados ao Hospital de Resplendor. Eles j\u00e1 foram\nliberados e retornaram para a unidade prisional.<\/p>\n\n\n\n<p>Ainda segundo a Sejusp, a dire\u00e7\u00e3o geral instaurou um procedimento interno para apurar as circunst\u00e2ncias do ocorrido e poss\u00edveis danos ao patrim\u00f4nio.<\/p>\n\n\n\n<figure class=\"wp-block-gallery columns-1 is-cropped wp-block-gallery-1 is-layout-flex wp-block-gallery-is-layout-flex\"><ul class=\"blocks-gallery-grid\"><li class=\"blocks-gallery-item\"><figure><img loading=\"lazy\" decoding=\"async\" width=\"678\" height=\"381\" src=\"http:\/\/aconteceunovale.com.br\/portal\/wp-content\/uploads\/2020\/03\/motim_resplendor.jpeg\" alt=\"\" data-id=\"159628\" class=\"wp-image-159628\" srcset=\"https:\/\/aconteceunovale.com.br\/portal\/wp-content\/uploads\/2020\/03\/motim_resplendor.jpeg 678w, https:\/\/aconteceunovale.com.br\/portal\/wp-content\/uploads\/2020\/03\/motim_resplendor-300x169.jpeg 300w\" sizes=\"auto, (max-width: 678px) 100vw, 678px\" \/><figcaption class=\"blocks-gallery-item__caption\"><em> Foto: Reprodu\u00e7\u00e3o\/Redes Sociais<\/em><\/figcaption><\/figure><\/li><\/ul><\/figure>\n\n\n\n<p class=\"has-text-color has-background has-very-light-gray-color has-very-dark-gray-background-color\">Quer saber as not\u00edcias do <strong>Aconteceu no Vale<\/strong> em primeira m\u00e3o? Siga-nos no Facebook <a rel=\"noreferrer noopener\" href=\"http:\/\/facebook.com\/aconteceunovale\" target=\"_blank\">@aconteceunovale<\/a>, Twitter <a rel=\"noreferrer noopener\" href=\"https:\/\/twitter.com\/noticiadosvales\" target=\"_blank\">@noticiadosvales<\/a> e Instagram <a rel=\"noreferrer noopener\" href=\"https:\/\/www.instagram.com\/aconteceunovale\" target=\"_blank\">@aconteceunovale<\/a>.<\/p>\n","protected":false},"excerpt":{"rendered":"<p>O pres\u00eddio de Resplendor, no Vale do Rio Doce, foi palco de um motim nessa quarta-feira (11\/03\/2020). V\u00e1rios detentos participaram do tumulto, que durou cerca de quatro horas. A motiva\u00e7\u00e3o n\u00e3o foi divulgada pelas autoridades locais. Segundo informou a Secretaria de Estado de Justi\u00e7a e Seguran\u00e7a P\u00fablica (Sejusp), o tumulto come\u00e7ou por volta das 17h30, [&hellip;]<\/p>\n","protected":false},"author":1,"featured_media":159628,"comment_status":"open","ping_status":"closed","sticky":false,"template":"","format":"standard","meta":{"amp_status":"","footnotes":""},"categories":[121],"tags":[217746,217748,217749,217747,309],"class_list":["post-159627","post","type-post","status-publish","format-standard","has-post-thumbnail","hentry","category-leste","tag-detentos-fazem-motim-no-presidio-de-resplendor","tag-motim-em-resplendor","tag-motim-no-presidio-de-resplendor","tag-presidio-de-resplendor","tag-resplendor"],"_links":{"self":[{"href":"https:\/\/aconteceunovale.com.br\/portal\/index.php?rest_route=\/wp\/v2\/posts\/159627","targetHints":{"allow":["GET"]}}],"collection":[{"href":"https:\/\/aconteceunovale.com.br\/portal\/index.php?rest_route=\/wp\/v2\/posts"}],"about":[{"href":"https:\/\/aconteceunovale.com.br\/portal\/index.php?rest_route=\/wp\/v2\/types\/post"}],"author":[{"embeddable":true,"href":"https:\/\/aconteceunovale.com.br\/portal\/index.php?rest_route=\/wp\/v2\/users\/1"}],"replies":[{"embeddable":true,"href":"https:\/\/aconteceunovale.com.br\/portal\/index.php?rest_route=%2Fwp%2Fv2%2Fcomments&post=159627"}],"version-history":[{"count":1,"href":"https:\/\/aconteceunovale.com.br\/portal\/index.php?rest_route=\/wp\/v2\/posts\/159627\/revisions"}],"predecessor-version":[{"id":159629,"href":"https:\/\/aconteceunovale.com.br\/portal\/index.php?rest_route=\/wp\/v2\/posts\/159627\/revisions\/159629"}],"wp:featuredmedia":[{"embeddable":true,"href":"https:\/\/aconteceunovale.com.br\/portal\/index.php?rest_route=\/wp\/v2\/media\/159628"}],"wp:attachment":[{"href":"https:\/\/aconteceunovale.com.br\/portal\/index.php?rest_route=%2Fwp%2Fv2%2Fmedia&parent=159627"}],"wp:term":[{"taxonomy":"category","embeddable":true,"href":"https:\/\/aconteceunovale.com.br\/portal\/index.php?rest_route=%2Fwp%2Fv2%2Fcategories&post=159627"},{"taxonomy":"post_tag","embeddable":true,"href":"https:\/\/aconteceunovale.com.br\/portal\/index.php?rest_route=%2Fwp%2Fv2%2Ftags&post=159627"}],"curies":[{"name":"wp","href":"https:\/\/api.w.org\/{rel}","templated":true}]}}