{"id":159624,"date":"2020-03-12T22:35:06","date_gmt":"2020-03-13T01:35:06","guid":{"rendered":"http:\/\/aconteceunovale.com.br\/portal\/?p=159624"},"modified":"2020-03-12T22:36:17","modified_gmt":"2020-03-13T01:36:17","slug":"jovem-e-preso-com-grande-quantidade-de-maconha-em-governador-valadares","status":"publish","type":"post","link":"https:\/\/aconteceunovale.com.br\/portal\/?p=159624","title":{"rendered":"Jovem \u00e9 preso com grande quantidade de maconha em Governador Valadares"},"content":{"rendered":"\n<p>Um jovem de 25 anos foi preso com 13 tabletes de maconha no\nbairro Vila Rica, em Governador Valadares (MG), nesta quinta-feira\n(12\/03\/2020). O suspeito estava em um Chevrolet Prisma e foi abordado na Rua do\nProgresso. <\/p>\n\n\n\n<p>De acordo com a Pol\u00edcia Militar (PM), 13 tabletes de\nmaconha, pesando mais de 7 kg, dois celulares e R$ 994,00 foram encontrados em\numa sacola no banco traseiro do carro.<\/p>\n\n\n\n<p>A PM informou ainda que o suspeito assumiu ser o propriet\u00e1rio da droga e que pagou a quantia de R$ 1 mil por cada barra. Ele foi preso e conduzido \u00e0 Delegacia de Pol\u00edcia Civil em Governador Valadares.<\/p>\n\n\n\n<figure class=\"wp-block-gallery columns-1 is-cropped wp-block-gallery-1 is-layout-flex wp-block-gallery-is-layout-flex\"><ul class=\"blocks-gallery-grid\"><li class=\"blocks-gallery-item\"><figure><img loading=\"lazy\" decoding=\"async\" width=\"638\" height=\"450\" src=\"http:\/\/aconteceunovale.com.br\/portal\/wp-content\/uploads\/2020\/03\/maconha_gv.jpeg\" alt=\"\" data-id=\"159625\" data-full-url=\"http:\/\/aconteceunovale.com.br\/portal\/wp-content\/uploads\/2020\/03\/maconha_gv.jpeg\" data-link=\"http:\/\/aconteceunovale.com.br\/portal\/?attachment_id=159625\" class=\"wp-image-159625\" srcset=\"https:\/\/aconteceunovale.com.br\/portal\/wp-content\/uploads\/2020\/03\/maconha_gv.jpeg 638w, https:\/\/aconteceunovale.com.br\/portal\/wp-content\/uploads\/2020\/03\/maconha_gv-300x212.jpeg 300w, https:\/\/aconteceunovale.com.br\/portal\/wp-content\/uploads\/2020\/03\/maconha_gv-100x70.jpeg 100w, https:\/\/aconteceunovale.com.br\/portal\/wp-content\/uploads\/2020\/03\/maconha_gv-595x420.jpeg 595w\" sizes=\"auto, (max-width: 638px) 100vw, 638px\" \/><figcaption class=\"blocks-gallery-item__caption\"><em> Foto: Pol\u00edcia Militar\/Divulga\u00e7\u00e3o <\/em><\/figcaption><\/figure><\/li><\/ul><\/figure>\n\n\n\n<p class=\"has-text-color has-background has-very-light-gray-color has-very-dark-gray-background-color\">Quer saber as not\u00edcias do <strong>Aconteceu no Vale<\/strong> em primeira m\u00e3o? Siga-nos no Facebook <a rel=\"noreferrer noopener\" href=\"http:\/\/facebook.com\/aconteceunovale\" target=\"_blank\">@aconteceunovale<\/a>, Twitter <a rel=\"noreferrer noopener\" href=\"https:\/\/twitter.com\/noticiadosvales\" target=\"_blank\">@noticiadosvales<\/a> e Instagram <a rel=\"noreferrer noopener\" href=\"https:\/\/www.instagram.com\/aconteceunovale\" target=\"_blank\">@aconteceunovale<\/a>.<\/p>\n","protected":false},"excerpt":{"rendered":"<p>Um jovem de 25 anos foi preso com 13 tabletes de maconha no bairro Vila Rica, em Governador Valadares (MG), nesta quinta-feira (12\/03\/2020). O suspeito estava em um Chevrolet Prisma e foi abordado na Rua do Progresso. De acordo com a Pol\u00edcia Militar (PM), 13 tabletes de maconha, pesando mais de 7 kg, dois celulares [&hellip;]<\/p>\n","protected":false},"author":1,"featured_media":159625,"comment_status":"open","ping_status":"closed","sticky":false,"template":"","format":"standard","meta":{"amp_status":"","footnotes":""},"categories":[121],"tags":[217745,247,217744,57236,206213,48901,152699,190563,139803,76857,62424],"class_list":["post-159624","post","type-post","status-publish","format-standard","has-post-thumbnail","hentry","category-leste","tag-apreensao-de-maconha-me-governador-valadares","tag-governador-valadares","tag-jovem-e-preso-com-grande-quantidade-de-maconha-em-governador-valadares","tag-maconha-apreendida-em-governador-valadares","tag-pm-de-governador-valadares","tag-policia-militar-de-governador-valadares","tag-preso-com-droga-em-governador-valadares","tag-preso-com-maconha-em-governador-valadares","tag-preso-por-trafico-em-governador-valadares","tag-traficante-preso-em-governador-valadares","tag-trafico-em-governador-valadares"],"_links":{"self":[{"href":"https:\/\/aconteceunovale.com.br\/portal\/index.php?rest_route=\/wp\/v2\/posts\/159624","targetHints":{"allow":["GET"]}}],"collection":[{"href":"https:\/\/aconteceunovale.com.br\/portal\/index.php?rest_route=\/wp\/v2\/posts"}],"about":[{"href":"https:\/\/aconteceunovale.com.br\/portal\/index.php?rest_route=\/wp\/v2\/types\/post"}],"author":[{"embeddable":true,"href":"https:\/\/aconteceunovale.com.br\/portal\/index.php?rest_route=\/wp\/v2\/users\/1"}],"replies":[{"embeddable":true,"href":"https:\/\/aconteceunovale.com.br\/portal\/index.php?rest_route=%2Fwp%2Fv2%2Fcomments&post=159624"}],"version-history":[{"count":1,"href":"https:\/\/aconteceunovale.com.br\/portal\/index.php?rest_route=\/wp\/v2\/posts\/159624\/revisions"}],"predecessor-version":[{"id":159626,"href":"https:\/\/aconteceunovale.com.br\/portal\/index.php?rest_route=\/wp\/v2\/posts\/159624\/revisions\/159626"}],"wp:featuredmedia":[{"embeddable":true,"href":"https:\/\/aconteceunovale.com.br\/portal\/index.php?rest_route=\/wp\/v2\/media\/159625"}],"wp:attachment":[{"href":"https:\/\/aconteceunovale.com.br\/portal\/index.php?rest_route=%2Fwp%2Fv2%2Fmedia&parent=159624"}],"wp:term":[{"taxonomy":"category","embeddable":true,"href":"https:\/\/aconteceunovale.com.br\/portal\/index.php?rest_route=%2Fwp%2Fv2%2Fcategories&post=159624"},{"taxonomy":"post_tag","embeddable":true,"href":"https:\/\/aconteceunovale.com.br\/portal\/index.php?rest_route=%2Fwp%2Fv2%2Ftags&post=159624"}],"curies":[{"name":"wp","href":"https:\/\/api.w.org\/{rel}","templated":true}]}}