{"id":159601,"date":"2020-03-12T17:04:17","date_gmt":"2020-03-12T20:04:17","guid":{"rendered":"http:\/\/aconteceunovale.com.br\/portal\/?p=159601"},"modified":"2020-03-12T17:04:40","modified_gmt":"2020-03-12T20:04:40","slug":"governo-de-minas-gerais-nomeia-mais-mil-professores-aprovados-em-concurso-publico","status":"publish","type":"post","link":"https:\/\/aconteceunovale.com.br\/portal\/?p=159601","title":{"rendered":"Governo de Minas Gerais nomeia mais mil professores aprovados em concurso p\u00fablico"},"content":{"rendered":"\n<p>O\u00a0Governo de Minas, por meio da\u00a0Secretaria de Estado de Educa\u00e7\u00e3o (SEE), nomeou, nesta quinta-feira (12\/3), mais mil professores aprovados em concurso p\u00fablico para atuarem na rede estadual de ensino. Este \u00e9 o primeiro lote de nomea\u00e7\u00f5es publicadas em 2020, todas para o cargo de Professor de Educa\u00e7\u00e3o B\u00e1sica (PEB), de diferentes disciplinas.\u00a0<\/p>\n\n\n\n<p>As nomea\u00e7\u00f5es s\u00e3o referentes ao Edital n\u00ba 07\/2017 e contemplam vagas em munic\u00edpios de todas as 47 Superintend\u00eancias Regionais de Ensino de Minas Gerais (SREs). A rela\u00e7\u00e3o pode ser consultada no&nbsp;<a href=\"http:\/\/www.jornalminasgerais.mg.gov.br\/?dataJornal=2020-03-12\" target=\"_blank\" rel=\"noreferrer noopener\">Di\u00e1rio Oficial Minas Gerais desta quinta-feira<\/a>.<\/p>\n\n\n\n<p>Dentro da pol\u00edtica de valoriza\u00e7\u00e3o profissional, com a publica\u00e7\u00e3o dessa nova listagem, a SEE j\u00e1 alcan\u00e7a mais de 3,9 mil&nbsp;nomea\u00e7\u00f5es de novos servidores efetivos, desde o in\u00edcio desta gest\u00e3o, para atuarem na rede estadual.<\/p>\n\n\n\n<p>No ano passado, foram publicados tr\u00eas lotes de nomea\u00e7\u00f5es. O primeiro deles em agosto de 2019, com mil pessoas. Em outubro, outras duas listagens de chamamento dos aprovados em concurso foram publicadas no Di\u00e1rio Oficial.<\/p>\n\n\n\n<p>Essas nomea\u00e7\u00f5es fazem parte do cronograma pactuado entre a SEE e a\u00a0Secretaria de Estado de Planejamento e Gest\u00e3o (Seplag)\u00a0de nomear, at\u00e9 julho de 2020, 8 mil novos servidores na rede estadual de ensino.\u00a0<\/p>\n\n\n\n<p>A secret\u00e1ria de Educa\u00e7\u00e3o Julia Sant\u2019Anna comemora a publica\u00e7\u00e3o e destaca o compromisso assumido com a categoria. \u201cCom essas nomea\u00e7\u00f5es, cumprimos metade da nossa meta que \u00e9 nomear 8 mil novos servidores para a Educa\u00e7\u00e3o at\u00e9 o fim do primeiro semestre de 2020. Essas medidas fazem parte da nossa pol\u00edtica da valoriza\u00e7\u00e3o do profissional da Educa\u00e7\u00e3o\u201d, afirma.&nbsp;<\/p>\n\n\n\n<p>Dentro das a\u00e7\u00f5es, Julia ainda lembra que o Estado retomou o pagamento do Adicional de Valoriza\u00e7\u00e3o da Educa\u00e7\u00e3o B\u00e1sica (Adveb) para 9 mil servidores.<\/p>\n\n\n\n<p class=\"has-text-color has-background has-very-light-gray-color has-very-dark-gray-background-color\">Quer saber as not\u00edcias do <strong>Aconteceu no Vale<\/strong> em primeira m\u00e3o? Siga-nos no Facebook <a rel=\"noreferrer noopener\" href=\"http:\/\/facebook.com\/aconteceunovale\" target=\"_blank\">@aconteceunovale<\/a>, Twitter <a rel=\"noreferrer noopener\" href=\"https:\/\/twitter.com\/noticiadosvales\" target=\"_blank\">@noticiadosvales<\/a> e Instagram <a rel=\"noreferrer noopener\" href=\"https:\/\/www.instagram.com\/aconteceunovale\" target=\"_blank\">@aconteceunovale<\/a>.<\/p>\n","protected":false},"excerpt":{"rendered":"<p>O\u00a0Governo de Minas, por meio da\u00a0Secretaria de Estado de Educa\u00e7\u00e3o (SEE), nomeou, nesta quinta-feira (12\/3), mais mil professores aprovados em concurso p\u00fablico para atuarem na rede estadual de ensino. Este \u00e9 o primeiro lote de nomea\u00e7\u00f5es publicadas em 2020, todas para o cargo de Professor de Educa\u00e7\u00e3o B\u00e1sica (PEB), de diferentes disciplinas.\u00a0 As nomea\u00e7\u00f5es s\u00e3o [&hellip;]<\/p>\n","protected":false},"author":1,"featured_media":159602,"comment_status":"open","ping_status":"closed","sticky":false,"template":"","format":"standard","meta":{"amp_status":"","footnotes":""},"categories":[40238,123],"tags":[164502,176686,217712,190220,178207,190226,133841,217462],"class_list":["post-159601","post","type-post","status-publish","format-standard","has-post-thumbnail","hentry","category-educacao-2","category-gerais","tag-concurso-educacao-minas-gerais","tag-contratacao-de-professores-em-minas-gerais","tag-governo-de-minas-gerais-nomeia-mais-mil-professores-aprovados-em-concurso-publico","tag-julia-santanna","tag-romeu-zema","tag-secretaria-de-educacao-julia-santanna","tag-see-mg","tag-zema-anuncia-nomeacao-de-mil-professores-aprovados-em-concurso"],"_links":{"self":[{"href":"https:\/\/aconteceunovale.com.br\/portal\/index.php?rest_route=\/wp\/v2\/posts\/159601","targetHints":{"allow":["GET"]}}],"collection":[{"href":"https:\/\/aconteceunovale.com.br\/portal\/index.php?rest_route=\/wp\/v2\/posts"}],"about":[{"href":"https:\/\/aconteceunovale.com.br\/portal\/index.php?rest_route=\/wp\/v2\/types\/post"}],"author":[{"embeddable":true,"href":"https:\/\/aconteceunovale.com.br\/portal\/index.php?rest_route=\/wp\/v2\/users\/1"}],"replies":[{"embeddable":true,"href":"https:\/\/aconteceunovale.com.br\/portal\/index.php?rest_route=%2Fwp%2Fv2%2Fcomments&post=159601"}],"version-history":[{"count":1,"href":"https:\/\/aconteceunovale.com.br\/portal\/index.php?rest_route=\/wp\/v2\/posts\/159601\/revisions"}],"predecessor-version":[{"id":159603,"href":"https:\/\/aconteceunovale.com.br\/portal\/index.php?rest_route=\/wp\/v2\/posts\/159601\/revisions\/159603"}],"wp:featuredmedia":[{"embeddable":true,"href":"https:\/\/aconteceunovale.com.br\/portal\/index.php?rest_route=\/wp\/v2\/media\/159602"}],"wp:attachment":[{"href":"https:\/\/aconteceunovale.com.br\/portal\/index.php?rest_route=%2Fwp%2Fv2%2Fmedia&parent=159601"}],"wp:term":[{"taxonomy":"category","embeddable":true,"href":"https:\/\/aconteceunovale.com.br\/portal\/index.php?rest_route=%2Fwp%2Fv2%2Fcategories&post=159601"},{"taxonomy":"post_tag","embeddable":true,"href":"https:\/\/aconteceunovale.com.br\/portal\/index.php?rest_route=%2Fwp%2Fv2%2Ftags&post=159601"}],"curies":[{"name":"wp","href":"https:\/\/api.w.org\/{rel}","templated":true}]}}