{"id":159596,"date":"2020-03-12T14:46:06","date_gmt":"2020-03-12T17:46:06","guid":{"rendered":"http:\/\/aconteceunovale.com.br\/portal\/?p=159596"},"modified":"2020-03-12T14:46:57","modified_gmt":"2020-03-12T17:46:57","slug":"policia-civil-prende-homem-suspeito-de-tentativa-de-roubo-na-zona-rural-de-capelinha","status":"publish","type":"post","link":"https:\/\/aconteceunovale.com.br\/portal\/?p=159596","title":{"rendered":"Pol\u00edcia Civil prende homem suspeito de tentativa de roubo na zona rural de Capelinha"},"content":{"rendered":"\n<p>A Pol\u00edcia Civil de Minas Gerais, por meio da Delegacia de Repress\u00e3o a Crimes Contra o Patrim\u00f4nio de Capelinha, cumpriu nesta quinta-feira (12\/03\/2020), na localidade de Fazenda Ribeir\u00e3o dos Vales, um mandado de pris\u00e3o preventiva em desfavor de um homem em virtude de tentativa de roubo naquela regi\u00e3o. <\/p>\n\n\n\n<p>Segundo a PC, <em>\u201cas investiga\u00e7\u00f5es apontaram que no dia\n10\/01\/2020, o homem estaria na companhia de outro suspeito e, diante disso, ao\nperceberem que a v\u00edtima estava contando dinheiro em seu estabelecimento\ncomercial, adentraram o local e com o uso de viol\u00eancia tentaram subtrair aquela\nquantia. O roubo n\u00e3o se consumou em raz\u00e3o da rea\u00e7\u00e3o da v\u00edtima. Dessa forma,\nap\u00f3s intenso trabalho investigativo e diante das provas produzidas no\ninqu\u00e9rito, a Autoridade Policial respons\u00e1vel pelas investiga\u00e7\u00f5es, representou\npelas pris\u00f5es dos investigados, que foi atendida pela Justi\u00e7a P\u00fablica de\nCapelinha.\u201d<\/em><\/p>\n\n\n\n<p>O suspeito localizado hoje foi conduzido \u00e0 Delegacia de Pol\u00edcia Civil de Capelinha e, ap\u00f3s ter sua pris\u00e3o formalizada, foi recolhido no Sistema Prisional. As investiga\u00e7\u00f5es continuam com o intuito de prender todos os envolvidos no crime.<\/p>\n\n\n\n<figure class=\"wp-block-gallery columns-1 is-cropped wp-block-gallery-1 is-layout-flex wp-block-gallery-is-layout-flex\"><ul class=\"blocks-gallery-grid\"><li class=\"blocks-gallery-item\"><figure><img loading=\"lazy\" decoding=\"async\" width=\"600\" height=\"450\" src=\"http:\/\/aconteceunovale.com.br\/portal\/wp-content\/uploads\/2020\/03\/preso_capelinha.jpg\" alt=\"\" data-id=\"159597\" class=\"wp-image-159597\" srcset=\"https:\/\/aconteceunovale.com.br\/portal\/wp-content\/uploads\/2020\/03\/preso_capelinha.jpg 600w, https:\/\/aconteceunovale.com.br\/portal\/wp-content\/uploads\/2020\/03\/preso_capelinha-300x225.jpg 300w, https:\/\/aconteceunovale.com.br\/portal\/wp-content\/uploads\/2020\/03\/preso_capelinha-80x60.jpg 80w, https:\/\/aconteceunovale.com.br\/portal\/wp-content\/uploads\/2020\/03\/preso_capelinha-265x198.jpg 265w, https:\/\/aconteceunovale.com.br\/portal\/wp-content\/uploads\/2020\/03\/preso_capelinha-560x420.jpg 560w\" sizes=\"auto, (max-width: 600px) 100vw, 600px\" \/><figcaption class=\"blocks-gallery-item__caption\"><em>Foto: Pol\u00edcia Civil \/ Divulga\u00e7\u00e3o<\/em><\/figcaption><\/figure><\/li><\/ul><\/figure>\n\n\n\n<p class=\"has-text-color has-background has-very-light-gray-color has-very-dark-gray-background-color\">Quer saber as not\u00edcias do <strong>Aconteceu no Vale<\/strong> em primeira m\u00e3o? Siga-nos no Facebook <a rel=\"noreferrer noopener\" href=\"http:\/\/facebook.com\/aconteceunovale\" target=\"_blank\">@aconteceunovale<\/a>, Twitter <a rel=\"noreferrer noopener\" href=\"https:\/\/twitter.com\/noticiadosvales\" target=\"_blank\">@noticiadosvales<\/a> e Instagram <a rel=\"noreferrer noopener\" href=\"https:\/\/www.instagram.com\/aconteceunovale\" target=\"_blank\">@aconteceunovale<\/a>.<\/p>\n","protected":false},"excerpt":{"rendered":"<p>A Pol\u00edcia Civil de Minas Gerais, por meio da Delegacia de Repress\u00e3o a Crimes Contra o Patrim\u00f4nio de Capelinha, cumpriu nesta quinta-feira (12\/03\/2020), na localidade de Fazenda Ribeir\u00e3o dos Vales, um mandado de pris\u00e3o preventiva em desfavor de um homem em virtude de tentativa de roubo naquela regi\u00e3o. Segundo a PC, \u201cas investiga\u00e7\u00f5es apontaram que [&hellip;]<\/p>\n","protected":false},"author":1,"featured_media":159597,"comment_status":"open","ping_status":"closed","sticky":false,"template":"","format":"standard","meta":{"amp_status":"","footnotes":""},"categories":[120],"tags":[132,217711,217710,2681,217709,29046,198868,56699,217708],"class_list":["post-159596","post","type-post","status-publish","format-standard","has-post-thumbnail","hentry","category-jequi","tag-capelinha","tag-delegacia-de-repressao-a-crimes-contra-o-patrimonio-de-capelinha","tag-pcmg-capelinha","tag-policia-civil-de-capelinha","tag-policia-civil-prende-homem-suspeito-de-tentativa-de-roubo-na-zona-rural-de-capelinha","tag-preso-em-capelinha","tag-preso-por-roubo-em-capelinha","tag-roubo-em-capelinha","tag-tentativa-de-roubo-em-capelinha"],"_links":{"self":[{"href":"https:\/\/aconteceunovale.com.br\/portal\/index.php?rest_route=\/wp\/v2\/posts\/159596","targetHints":{"allow":["GET"]}}],"collection":[{"href":"https:\/\/aconteceunovale.com.br\/portal\/index.php?rest_route=\/wp\/v2\/posts"}],"about":[{"href":"https:\/\/aconteceunovale.com.br\/portal\/index.php?rest_route=\/wp\/v2\/types\/post"}],"author":[{"embeddable":true,"href":"https:\/\/aconteceunovale.com.br\/portal\/index.php?rest_route=\/wp\/v2\/users\/1"}],"replies":[{"embeddable":true,"href":"https:\/\/aconteceunovale.com.br\/portal\/index.php?rest_route=%2Fwp%2Fv2%2Fcomments&post=159596"}],"version-history":[{"count":1,"href":"https:\/\/aconteceunovale.com.br\/portal\/index.php?rest_route=\/wp\/v2\/posts\/159596\/revisions"}],"predecessor-version":[{"id":159598,"href":"https:\/\/aconteceunovale.com.br\/portal\/index.php?rest_route=\/wp\/v2\/posts\/159596\/revisions\/159598"}],"wp:featuredmedia":[{"embeddable":true,"href":"https:\/\/aconteceunovale.com.br\/portal\/index.php?rest_route=\/wp\/v2\/media\/159597"}],"wp:attachment":[{"href":"https:\/\/aconteceunovale.com.br\/portal\/index.php?rest_route=%2Fwp%2Fv2%2Fmedia&parent=159596"}],"wp:term":[{"taxonomy":"category","embeddable":true,"href":"https:\/\/aconteceunovale.com.br\/portal\/index.php?rest_route=%2Fwp%2Fv2%2Fcategories&post=159596"},{"taxonomy":"post_tag","embeddable":true,"href":"https:\/\/aconteceunovale.com.br\/portal\/index.php?rest_route=%2Fwp%2Fv2%2Ftags&post=159596"}],"curies":[{"name":"wp","href":"https:\/\/api.w.org\/{rel}","templated":true}]}}