{"id":159593,"date":"2020-03-12T11:57:15","date_gmt":"2020-03-12T14:57:15","guid":{"rendered":"http:\/\/aconteceunovale.com.br\/portal\/?p=159593"},"modified":"2020-03-12T11:59:20","modified_gmt":"2020-03-12T14:59:20","slug":"acidente-deixa-dois-mortos-em-leme-do-prado-no-vale-do-jequitinhonha","status":"publish","type":"post","link":"https:\/\/aconteceunovale.com.br\/portal\/?p=159593","title":{"rendered":"Acidente deixa dois mortos em Leme do Prado, no Vale do Jequitinhonha"},"content":{"rendered":"\n<p>Duas pessoas morreram e outras tr\u00eas ficaram feridas ap\u00f3s um grave acidente envolvendo um micro-\u00f4nibus, um trator e uma caminhonete na LMG-677, no munic\u00edpio de Leme do Prado (MG), na noite dessa quarta-feira (11\/03\/2020). A trag\u00e9dia aconteceu pr\u00f3ximo ao distrito de Acau\u00e3 de Minas. <\/p>\n\n\n\n<p>Segundo informa\u00e7\u00f5es da Pol\u00edcia Militar Rodovi\u00e1ria, o micro-\u00f4nibus\n\u00e9 de propriedade da Prefeitura de Leme do Prado e realizava o transporte de\npacientes do Tratamento Fora de Domic\u00edlio (TFD). O condutor do ve\u00edculo deparou\ncom o trator no sentido BR-367\/Leme do Prado e ainda tentou desviar, mas n\u00e3o conseguiu\nevitar o acidente. <\/p>\n\n\n\n<p>Ap\u00f3s a batida traseira, o trator rodou na pista e ficou\nposicionado no sentido oposto da rodovia. Logo em seguida, conforme a\nocorr\u00eancia, o motorista de uma caminhonete Chevrolet D20 n\u00e3o conseguiu desviar\ne se envolveu no acidente. <\/p>\n\n\n\n<p>O condutor do trator, identificado como Jos\u00e9 Alves Gomes, de\n61 anos, morreu no local. Tr\u00eas passageiros do micro-\u00f4nibus e o motorista da\ncaminhonete foram encaminhados aos hospitais de Turmalina e Leme do Prado. A v\u00edtima\nMaria de Lourdes Santos Nascimento, de 54 anos, n\u00e3o resistiu aos ferimentos e veio\na \u00f3bito durante o socorro. Os outros tr\u00eas pacientes tiveram ferimentos leves.<\/p>\n\n\n\n<p>Os corpos de Jos\u00e9 Alves e Maria de Lourdes foram encaminhados ao Instituto M\u00e9dico Legal (IML) de Capelinha. As causas do acidente ser\u00e3o investigadas.<\/p>\n\n\n\n<figure class=\"wp-block-gallery columns-1 is-cropped wp-block-gallery-1 is-layout-flex wp-block-gallery-is-layout-flex\"><ul class=\"blocks-gallery-grid\"><li class=\"blocks-gallery-item\"><figure><img loading=\"lazy\" decoding=\"async\" width=\"678\" height=\"382\" src=\"http:\/\/aconteceunovale.com.br\/portal\/wp-content\/uploads\/2020\/03\/acidente_leme_do_prado.jpg\" alt=\"\" data-id=\"159594\" class=\"wp-image-159594\" srcset=\"https:\/\/aconteceunovale.com.br\/portal\/wp-content\/uploads\/2020\/03\/acidente_leme_do_prado.jpg 678w, https:\/\/aconteceunovale.com.br\/portal\/wp-content\/uploads\/2020\/03\/acidente_leme_do_prado-300x169.jpg 300w\" sizes=\"auto, (max-width: 678px) 100vw, 678px\" \/><figcaption class=\"blocks-gallery-item__caption\"><em>Foto: Reprodu\u00e7\u00e3o \/ WhatsApp<\/em><\/figcaption><\/figure><\/li><\/ul><\/figure>\n\n\n\n<p class=\"has-text-color has-background has-very-light-gray-color has-very-dark-gray-background-color\">Quer saber as not\u00edcias do <strong>Aconteceu no Vale<\/strong> em primeira m\u00e3o? Siga-nos no Facebook <a rel=\"noreferrer noopener\" href=\"http:\/\/facebook.com\/aconteceunovale\" target=\"_blank\">@aconteceunovale<\/a>, Twitter <a rel=\"noreferrer noopener\" href=\"https:\/\/twitter.com\/noticiadosvales\" target=\"_blank\">@noticiadosvales<\/a> e Instagram <a rel=\"noreferrer noopener\" href=\"https:\/\/www.instagram.com\/aconteceunovale\" target=\"_blank\">@aconteceunovale<\/a>.<\/p>\n","protected":false},"excerpt":{"rendered":"<p>Duas pessoas morreram e outras tr\u00eas ficaram feridas ap\u00f3s um grave acidente envolvendo um micro-\u00f4nibus, um trator e uma caminhonete na LMG-677, no munic\u00edpio de Leme do Prado (MG), na noite dessa quarta-feira (11\/03\/2020). A trag\u00e9dia aconteceu pr\u00f3ximo ao distrito de Acau\u00e3 de Minas. Segundo informa\u00e7\u00f5es da Pol\u00edcia Militar Rodovi\u00e1ria, o micro-\u00f4nibus \u00e9 de propriedade [&hellip;]<\/p>\n","protected":false},"author":1,"featured_media":159594,"comment_status":"open","ping_status":"closed","sticky":false,"template":"","format":"standard","meta":{"amp_status":"","footnotes":""},"categories":[120],"tags":[208974,217699,217698,217702,217700,60544,217703,217704,217705,217701,132,1018,217706,480,217707,178],"class_list":["post-159593","post","type-post","status-publish","format-standard","has-post-thumbnail","hentry","category-jequi","tag-acaua-de-minas","tag-acidente-com-micro-onibus-da-prefeitura-de-leme-do-prado","tag-acidente-com-pacientes-de-leme-do-prado","tag-acidente-com-pacientes-do-municipio-de-leme-do-prado","tag-acidente-deixa-dois-mortos-em-leme-do-prado","tag-acidente-em-leme-do-prado","tag-acidente-na-lmg-677-em-leme-do-prado","tag-acidente-perto-de-acaua-de-minas","tag-acidente-perto-de-leme-do-prado","tag-acidente-prefeitura-de-leme-do-prado","tag-capelinha","tag-destaque","tag-jose-alves-gomes","tag-leme-do-prado","tag-maria-de-lourdes-santos-nascimento","tag-turmalina"],"_links":{"self":[{"href":"https:\/\/aconteceunovale.com.br\/portal\/index.php?rest_route=\/wp\/v2\/posts\/159593","targetHints":{"allow":["GET"]}}],"collection":[{"href":"https:\/\/aconteceunovale.com.br\/portal\/index.php?rest_route=\/wp\/v2\/posts"}],"about":[{"href":"https:\/\/aconteceunovale.com.br\/portal\/index.php?rest_route=\/wp\/v2\/types\/post"}],"author":[{"embeddable":true,"href":"https:\/\/aconteceunovale.com.br\/portal\/index.php?rest_route=\/wp\/v2\/users\/1"}],"replies":[{"embeddable":true,"href":"https:\/\/aconteceunovale.com.br\/portal\/index.php?rest_route=%2Fwp%2Fv2%2Fcomments&post=159593"}],"version-history":[{"count":1,"href":"https:\/\/aconteceunovale.com.br\/portal\/index.php?rest_route=\/wp\/v2\/posts\/159593\/revisions"}],"predecessor-version":[{"id":159595,"href":"https:\/\/aconteceunovale.com.br\/portal\/index.php?rest_route=\/wp\/v2\/posts\/159593\/revisions\/159595"}],"wp:featuredmedia":[{"embeddable":true,"href":"https:\/\/aconteceunovale.com.br\/portal\/index.php?rest_route=\/wp\/v2\/media\/159594"}],"wp:attachment":[{"href":"https:\/\/aconteceunovale.com.br\/portal\/index.php?rest_route=%2Fwp%2Fv2%2Fmedia&parent=159593"}],"wp:term":[{"taxonomy":"category","embeddable":true,"href":"https:\/\/aconteceunovale.com.br\/portal\/index.php?rest_route=%2Fwp%2Fv2%2Fcategories&post=159593"},{"taxonomy":"post_tag","embeddable":true,"href":"https:\/\/aconteceunovale.com.br\/portal\/index.php?rest_route=%2Fwp%2Fv2%2Ftags&post=159593"}],"curies":[{"name":"wp","href":"https:\/\/api.w.org\/{rel}","templated":true}]}}