{"id":159590,"date":"2020-03-12T09:21:10","date_gmt":"2020-03-12T12:21:10","guid":{"rendered":"http:\/\/aconteceunovale.com.br\/portal\/?p=159590"},"modified":"2020-03-12T09:21:40","modified_gmt":"2020-03-12T12:21:40","slug":"edital-de-convocacao-para-assembleia-geral-ordinaria-da-cooperativa-dos-apicultores-do-vale-do-jequitinhonha-cooapivaje-2","status":"publish","type":"post","link":"https:\/\/aconteceunovale.com.br\/portal\/?p=159590","title":{"rendered":"Edital de Convoca\u00e7\u00e3o para Assembleia Geral Ordin\u00e1ria da Cooperativa dos Apicultores do Vale do Jequitinhonha &#8211; COOAPIVAJE"},"content":{"rendered":"\n<p>CNPJ: 11.894.415\/0001-72<br>N.I.R.E: 3140005203-8<\/p>\n\n\n\n<p>EDITAL DE CONVOCA\u00c7\u00c3O<\/p>\n\n\n\n<p>Os associados, Jos\u00e9 Aleixo Grig\u00f3rio, Wellington Jos\u00e9 de Sousa Passos, Jovenilson Silva, Ad\u00e3o do Ros\u00e1rio Pereira, Jos\u00e9 Sirino Machado, no uso de suas atribui\u00e7\u00f5es que lhes confere o art. 38 da Lei 5.764\/71, convocam os s\u00f3cios, que nesta data somam 32 (Trinta e dois), para reunirem-se em Assembleia Geral Ordin\u00e1ria a ser realizada no dia 28 de mar\u00e7o de 2020, no Sal\u00e3o da FETAEMG, rua S\u00e3o Pedro, 74, Vila Nova, Turmalina \u2013 Minas Gerais \u00e0s 08:00hs em primeira convoca\u00e7\u00e3o, necessitando a presen\u00e7a de 2\/3 de seus associados; \u00e0s 09:00hs em segunda convoca\u00e7\u00e3o com a presen\u00e7a de metade mais um de seus associados e \u00e0s 10:00hs em terceira e \u00faltima convoca\u00e7\u00e3o com a presen\u00e7a de no m\u00ednimo 10 (dez) associados para deliberarem sobre as seguintes ordens do dia: <\/p>\n\n\n\n<ol class=\"wp-block-list\"><li>Presta\u00e7\u00e3o de contas (Art. 35, Inciso I do Estatuto); <\/li><li>Destina\u00e7\u00e3o das sobras\/rateio de perdas (Art. 35, Inciso II do Estatuto); <\/li><li>Elei\u00e7\u00e3o do Conselho Fiscal (Art.35, Inciso III do Estatuto).<\/li><\/ol>\n\n\n\n<p> NOTA 01 \u2013 Para efeito de qu\u00f3rum de instala\u00e7\u00e3o assembleia, o n\u00famero de associados \u00e9 de 32 (trinta e dois); <\/p>\n\n\n\n<p> Turmalina &#8211; MG, 12 de mar\u00e7o de 2020. <\/p>\n\n\n\n<p> Jos\u00e9 Aleixo Grig\u00f3rio<\/p>\n\n\n\n<p>Wellington Jos\u00e9 de Sousa Passos<\/p>\n\n\n\n<p>Ad\u00e3o do Ros\u00e1rio Pereira<\/p>\n\n\n\n<p>Jovenilson Silva <\/p>\n\n\n\n<p>Jos\u00e9 Sirino Machado <\/p>\n","protected":false},"excerpt":{"rendered":"<p>CNPJ: 11.894.415\/0001-72N.I.R.E: 3140005203-8 EDITAL DE CONVOCA\u00c7\u00c3O Os associados, Jos\u00e9 Aleixo Grig\u00f3rio, Wellington Jos\u00e9 de Sousa Passos, Jovenilson Silva, Ad\u00e3o do Ros\u00e1rio Pereira, Jos\u00e9 Sirino Machado, no uso de suas atribui\u00e7\u00f5es que lhes confere o art. 38 da Lei 5.764\/71, convocam os s\u00f3cios, que nesta data somam 32 (Trinta e dois), para reunirem-se em Assembleia Geral [&hellip;]<\/p>\n","protected":false},"author":1,"featured_media":159591,"comment_status":"open","ping_status":"closed","sticky":false,"template":"","format":"standard","meta":{"amp_status":"","footnotes":""},"categories":[155260,120],"tags":[210561,210557,207279,210554,210556,210555,210558,210553,210559,97549,210562,168822,178,210560],"class_list":["post-159590","post","type-post","status-publish","format-standard","has-post-thumbnail","hentry","category-editais","category-jequi","tag-assembleia-cooperativa-dos-apicultores-do-vale-do-jequitinhonha","tag-assembleia-geral-cooapivaje","tag-cav","tag-cooapivaje","tag-cooperativa-dos-apicultores-do-vale-do-jequitinhonha","tag-edital-cooapivaje","tag-edital-cooperativa-dos-apicultores-do-vale-do-jequitinhonha","tag-edital-de-convocacao-para-assembleia-geral-ordinaria-da-cooperativa-dos-apicultores-do-vale-do-jequitinhonha","tag-geilson-miranda-goncalves","tag-joao-gualberto-pereira","tag-jose-raimundo-alves-dos-reis","tag-jovenilson-silva","tag-turmalina","tag-wellington-jose-de-sousa-passos"],"_links":{"self":[{"href":"https:\/\/aconteceunovale.com.br\/portal\/index.php?rest_route=\/wp\/v2\/posts\/159590","targetHints":{"allow":["GET"]}}],"collection":[{"href":"https:\/\/aconteceunovale.com.br\/portal\/index.php?rest_route=\/wp\/v2\/posts"}],"about":[{"href":"https:\/\/aconteceunovale.com.br\/portal\/index.php?rest_route=\/wp\/v2\/types\/post"}],"author":[{"embeddable":true,"href":"https:\/\/aconteceunovale.com.br\/portal\/index.php?rest_route=\/wp\/v2\/users\/1"}],"replies":[{"embeddable":true,"href":"https:\/\/aconteceunovale.com.br\/portal\/index.php?rest_route=%2Fwp%2Fv2%2Fcomments&post=159590"}],"version-history":[{"count":1,"href":"https:\/\/aconteceunovale.com.br\/portal\/index.php?rest_route=\/wp\/v2\/posts\/159590\/revisions"}],"predecessor-version":[{"id":159592,"href":"https:\/\/aconteceunovale.com.br\/portal\/index.php?rest_route=\/wp\/v2\/posts\/159590\/revisions\/159592"}],"wp:featuredmedia":[{"embeddable":true,"href":"https:\/\/aconteceunovale.com.br\/portal\/index.php?rest_route=\/wp\/v2\/media\/159591"}],"wp:attachment":[{"href":"https:\/\/aconteceunovale.com.br\/portal\/index.php?rest_route=%2Fwp%2Fv2%2Fmedia&parent=159590"}],"wp:term":[{"taxonomy":"category","embeddable":true,"href":"https:\/\/aconteceunovale.com.br\/portal\/index.php?rest_route=%2Fwp%2Fv2%2Fcategories&post=159590"},{"taxonomy":"post_tag","embeddable":true,"href":"https:\/\/aconteceunovale.com.br\/portal\/index.php?rest_route=%2Fwp%2Fv2%2Ftags&post=159590"}],"curies":[{"name":"wp","href":"https:\/\/api.w.org\/{rel}","templated":true}]}}