{"id":159587,"date":"2020-03-11T23:53:56","date_gmt":"2020-03-12T02:53:56","guid":{"rendered":"http:\/\/aconteceunovale.com.br\/portal\/?p=159587"},"modified":"2020-03-11T23:54:24","modified_gmt":"2020-03-12T02:54:24","slug":"saiba-o-que-e-uma-pandemia","status":"publish","type":"post","link":"https:\/\/aconteceunovale.com.br\/portal\/?p=159587","title":{"rendered":"Saiba o que \u00e9 uma pandemia"},"content":{"rendered":"\n<p>A Organiza\u00e7\u00e3o Mundial da Sa\u00fade (OMS)\u00a0declarou hoje (11\/3\/2020)\u00a0pandemia para o Covid-19, infec\u00e7\u00e3o causada pelo novo coronav\u00edrus.<\/p>\n\n\n\n<p>Segundo a OMS, uma&nbsp;pandemia&nbsp;\u00e9 a dissemina\u00e7\u00e3o mundial de uma nova doen\u00e7a. O termo \u00e9 utilizado quando uma epidemia \u2013 grande surto que afeta uma regi\u00e3o \u2013 se espalha por diferentes continentes com transmiss\u00e3o sustentada de pessoa para pessoa. Atualmente,&nbsp;h\u00e1 mais de 115&nbsp;pa\u00edses com casos declarados da&nbsp;infec\u00e7\u00e3o.<\/p>\n\n\n\n<p>A quest\u00e3o da&nbsp;gravidade da doen\u00e7a&nbsp;n\u00e3o entra&nbsp;na defini\u00e7\u00e3o da OMS de pandemia que leva em considera\u00e7\u00e3o apenas a dissemina\u00e7\u00e3o geogr\u00e1fica r\u00e1pida que o v\u00edrus tem apresentado.<\/p>\n\n\n\n<p>&#8220;A OMS tem tratado da dissemina\u00e7\u00e3o [do Covid-19] em uma escala de tempo muito curta, e estamos muito preocupados com os n\u00edveis alarmantes de contamina\u00e7\u00e3o e, tamb\u00e9m, de falta de a\u00e7\u00e3o [dos governos]&#8221;, afirmou o diretor-geral da OMS, Tedros Adhanom, no painel que trata das atualiza\u00e7\u00f5es di\u00e1rias sobre a doen\u00e7a. &#8220;Por essa raz\u00e3o, consideramos que o Covid-19 pode ser caracterizado como uma pandemia&#8221;, explicou durante a confer\u00eancia de imprensa em Genebra.<\/p>\n\n\n\n<p>Ao caracterizar o Covid-19 como uma pandemia,&nbsp;Tedros Adhanom&nbsp;afirmou que o termo n\u00e3o deve ser usado&nbsp;de forma leviana.<\/p>\n\n\n\n<blockquote class=\"wp-block-quote is-layout-flow wp-block-quote-is-layout-flow\"><p>&#8220;Pandemia n\u00e3o \u00e9 uma palavra a ser usada de forma leviana ou descuidada. \u00c9 uma palavra que, se mal utilizada, pode causar medo irracional ou aceita\u00e7\u00e3o injustificada de que a luta acabou, levando a sofrimento e morte desnecess\u00e1rios&#8221;, declarou.&nbsp;<\/p><\/blockquote>\n\n\n\n<h2 class=\"wp-block-heading\">Recomenda\u00e7\u00f5es permanecem<\/h2>\n\n\n\n<p>O diretor-geral da OMS ressaltou que a declara\u00e7\u00e3o n\u00e3o significa a ado\u00e7\u00e3o de novas recomenda\u00e7\u00f5es no combate ao v\u00edrus.<\/p>\n\n\n\n<p>\u201cDescrever a situa\u00e7\u00e3o\u00a0como uma pandemia n\u00e3o altera a avalia\u00e7\u00e3o da OMS sobre a amea\u00e7a representada por esse coronav\u00edrus. N\u00e3o altera o que a OMS est\u00e1 fazendo nem o que os pa\u00edses devem fazer\u201d, disse Adhanon.<\/p>\n\n\n\n<p>Durante a confer\u00eancia, ele lembrou o que a OMS preconiza a todos pa\u00edses. \u201cLembro a todos os pa\u00edses que solicitamos: ativar e ampliar seus mecanismos de resposta a emerg\u00eancias, informar profissionais sobre riscos e como podem se proteger; encontrar, isolar, testar e tratar todos os casos de Covid-19, rastreando todos os contatos\u201d.<\/p>\n\n\n\n<blockquote class=\"wp-block-quote is-layout-flow wp-block-quote-is-layout-flow\"><p>&#8220;Todos os pa\u00edses devem encontrar um bom equil\u00edbrio entre proteger a sa\u00fade, minimizar disrup\u00e7\u00f5es econ\u00f4micas e sociais e respeitar os direitos humanos&#8221;, avaliou o diretor-geral.&nbsp;<\/p><\/blockquote>\n\n\n\n<h2 class=\"wp-block-heading\">Outras pandemias<\/h2>\n\n\n\n<p>A \u00faltima vez que a OMS declarou uma pandemia foi em 2009, para o\u00a0H1N1. Estima-se que a doen\u00e7a tenha infectado cerca de 1 bilh\u00e3o de pessoas\u00a0e matado\u00a0milhares no primeiro ano de detec\u00e7\u00e3o.<\/p>\n\n\n\n<p>Ainda segundo a OMS, uma pandemia de gripe ocorre quando um novo v\u00edrus emerge e se espalha pelo mundo, e a maioria das pessoas n\u00e3o tem imunidade.<\/p>\n\n\n\n<p>H\u00e1 100 anos, o mundo enfrentou uma outra pandemia, a de gripe espanhola.&nbsp;Estima-se que entre 50 e 100 milh\u00f5es de pessoas tenham morrido entre 1918 e 1920.&nbsp;<\/p>\n\n\n\n<h2 class=\"wp-block-heading\">Brasil est\u00e1 mais preparado<\/h2>\n\n\n\n<p>Na semana passada, em entrevista \u00e0\u00a0Ag\u00eancia Brasil, o m\u00e9dico infectologista Rivaldo Ven\u00e2ncio, coordenador de Vigil\u00e2ncia em Sa\u00fade e Laborat\u00f3rios de Refer\u00eancia da Funda\u00e7\u00e3o Oswaldo Cruz (Fiocruz), afirmou que o\u00a0Brasil est\u00e1 mais preparado para lidar com o Covid-19\u00a0do que estava, em 2009, para enfrentar a pandemia da gripe H1N1. Segundo ele,\u00a0a popula\u00e7\u00e3o precisa se manter informada, mas\u00a0n\u00e3o h\u00e1 raz\u00e3o para p\u00e2nico.<\/p>\n\n\n\n<p class=\"has-text-color has-background has-very-light-gray-color has-very-dark-gray-background-color\">Quer saber as not\u00edcias do <strong>Aconteceu no Vale<\/strong> em primeira m\u00e3o? Siga-nos no Facebook <a rel=\"noreferrer noopener\" href=\"http:\/\/facebook.com\/aconteceunovale\" target=\"_blank\">@aconteceunovale<\/a>, Twitter <a rel=\"noreferrer noopener\" href=\"https:\/\/twitter.com\/noticiadosvales\" target=\"_blank\">@noticiadosvales<\/a> e Instagram <a rel=\"noreferrer noopener\" href=\"https:\/\/www.instagram.com\/aconteceunovale\" target=\"_blank\">@aconteceunovale<\/a>.<\/p>\n","protected":false},"excerpt":{"rendered":"<p>A Organiza\u00e7\u00e3o Mundial da Sa\u00fade (OMS)\u00a0declarou hoje (11\/3\/2020)\u00a0pandemia para o Covid-19, infec\u00e7\u00e3o causada pelo novo coronav\u00edrus. Segundo a OMS, uma&nbsp;pandemia&nbsp;\u00e9 a dissemina\u00e7\u00e3o mundial de uma nova doen\u00e7a. O termo \u00e9 utilizado quando uma epidemia \u2013 grande surto que afeta uma regi\u00e3o \u2013 se espalha por diferentes continentes com transmiss\u00e3o sustentada de pessoa para pessoa. Atualmente,&nbsp;h\u00e1 [&hellip;]<\/p>\n","protected":false},"author":1,"featured_media":159588,"comment_status":"open","ping_status":"closed","sticky":false,"template":"","format":"standard","meta":{"amp_status":"","footnotes":""},"categories":[6,28848,40242],"tags":[217297,752,217285,24358,194,1017,217036,217370,215670,132,217641,217369,215651,215649,217543,217229,217643,217493,188052,217300,30594,216496,34856,217301,217299,214884,217035,217642,214886,215396,215652,217542,217228,217033,216497,216984,215716,215394,216498,217298,1018,216985,217695,204275,23046,214882,217360,217302,185976,34858,217034,215650,215648,34259,210,217227,215654,215653,214885,217032,23476,217691,217696,215791,217289,217694,217692,65998,217296,27380,217224,217693,217368,215655,217697,217226,217225,217223,214883,214887,185806],"class_list":["post-159587","post","type-post","status-publish","format-standard","has-post-thumbnail","hentry","category-br","category-mundo","category-saude-2","tag-alcool-gel-e-eficaz-na-prevencao-ao-coronavirus","tag-almg","tag-arquidioceses-e-dioceses-recomendam-evitar-contato-em-missas-para-prevenir-coronavirus","tag-assembleia-legislativa-de-minas-gerais","tag-belo-horizonte","tag-bh","tag-brasil-confirma-primeiro-caso-de-coronavirus","tag-brasil-confirma-segundo-caso-de-coronavirus","tag-brasil-tem-nove-casos-suspeitos-de-coronavirus","tag-capelinha","tag-capelinha-esta-em-alerta-contra-o-novo-coronavirus","tag-caso-confirmado-de-coronavirus-no-brasil","tag-caso-de-coronavirus-em-belo-horizonte","tag-caso-de-coronavirus-em-bh","tag-caso-de-coronavirus-em-minas-gerais","tag-caso-de-coronavirus-em-montes-claros","tag-caso-suspeito-de-coronavirus-em-capelinha","tag-casos-confirmados-do-novo-coronavirus-sobem-para-19-no-brasil","tag-celia-pecanha-de-oliveira","tag-cfq","tag-china","tag-china-tem-1-770-mortes-por-coronavirus","tag-codigo-de-defesa-do-consumidor","tag-combate-fake-news-coronavirus","tag-conselho-federal-de-quimica","tag-coronavirus","tag-coronavirus-balanca-economia-mundial","tag-coronavirus-capelinha","tag-coronavirus-china","tag-coronavirus-em-belo-horizonte","tag-coronavirus-em-bh","tag-coronavirus-em-minas-gerais","tag-coronavirus-em-montes-claros","tag-coronavirus-hospital-israelita-albert-einstein","tag-coronavirus-ja-matou-1-770-pessoas-na-china","tag-coronavirus-ja-matou-mais-de-2-600-pessoas-na-china","tag-coronavirus-ja-matou-mais-de-200-pessoas-na-china","tag-coronavirus-no-brasil","tag-covid-19","tag-desmentindo-fake-news-coronavirus","tag-destaque","tag-diamond-princess","tag-disseminacao-mundial-de-uma-nova-doenca","tag-henrique-mandetta","tag-hospital-israelita-albert-einstein","tag-infectados-com-novo-virus-na-china","tag-ipatinga-monitora-dois-casos-suspeitos-de-coronavirus","tag-jose-de-ribamar-oliveira-filho","tag-luiz-henrique-mandetta","tag-marcelo-barbosa","tag-ministerio-da-saude-monitora-caso-suspeito-de-coronavirus","tag-ministerio-da-saude-monitora-caso-suspeito-de-coronavirus-em-belo-horizonte","tag-ministerio-da-saude-monitora-caso-suspeito-de-coronavirus-em-bh","tag-ministro-da-saude","tag-montes-claros","tag-montes-claros-monitora-caso-suspeito-do-novo-coronavirus","tag-ncov-2019","tag-novo-coronavirus","tag-novo-virus-na-china","tag-numero-de-mortes-causadas-pelo-coronavirus-chega-a-2-715-na-china","tag-oms","tag-oms-declara-pandemia-de-coronavirus","tag-opas-declara-pandemia-de-coronavirus","tag-organizacao-mundial-da-saude-confirma-11-953-casos-de-coronavirus","tag-organizacao-mundial-da-saude-eleva-grau-de-risco-de-disseminacao-do-coronavirus-para-muito-alto","tag-pandemia-de-convid-19","tag-pandemia-de-coronavirus","tag-prefeitura-de-capelinha","tag-prevencao-ao-coronavirus","tag-procon-da-almg","tag-procon-da-almg-coronavirus","tag-saiba-o-que-e-uma-pandemia","tag-segundo-caso-de-coronavirus-no-brasil","tag-sintomas-do-coronavirus","tag-tedros-adhanom","tag-viagem-cancelada-coronavirus","tag-viagem-cancelada-por-causa-do-coronavirus","tag-viagem-cancelada-por-causa-do-coronavirus-nao-pode-ter-multa","tag-virus-da-china","tag-virus-de-origem-chinesa-pode-ter-infectado-mais-de-mil-de-pessoas","tag-wuhan"],"_links":{"self":[{"href":"https:\/\/aconteceunovale.com.br\/portal\/index.php?rest_route=\/wp\/v2\/posts\/159587","targetHints":{"allow":["GET"]}}],"collection":[{"href":"https:\/\/aconteceunovale.com.br\/portal\/index.php?rest_route=\/wp\/v2\/posts"}],"about":[{"href":"https:\/\/aconteceunovale.com.br\/portal\/index.php?rest_route=\/wp\/v2\/types\/post"}],"author":[{"embeddable":true,"href":"https:\/\/aconteceunovale.com.br\/portal\/index.php?rest_route=\/wp\/v2\/users\/1"}],"replies":[{"embeddable":true,"href":"https:\/\/aconteceunovale.com.br\/portal\/index.php?rest_route=%2Fwp%2Fv2%2Fcomments&post=159587"}],"version-history":[{"count":1,"href":"https:\/\/aconteceunovale.com.br\/portal\/index.php?rest_route=\/wp\/v2\/posts\/159587\/revisions"}],"predecessor-version":[{"id":159589,"href":"https:\/\/aconteceunovale.com.br\/portal\/index.php?rest_route=\/wp\/v2\/posts\/159587\/revisions\/159589"}],"wp:featuredmedia":[{"embeddable":true,"href":"https:\/\/aconteceunovale.com.br\/portal\/index.php?rest_route=\/wp\/v2\/media\/159588"}],"wp:attachment":[{"href":"https:\/\/aconteceunovale.com.br\/portal\/index.php?rest_route=%2Fwp%2Fv2%2Fmedia&parent=159587"}],"wp:term":[{"taxonomy":"category","embeddable":true,"href":"https:\/\/aconteceunovale.com.br\/portal\/index.php?rest_route=%2Fwp%2Fv2%2Fcategories&post=159587"},{"taxonomy":"post_tag","embeddable":true,"href":"https:\/\/aconteceunovale.com.br\/portal\/index.php?rest_route=%2Fwp%2Fv2%2Ftags&post=159587"}],"curies":[{"name":"wp","href":"https:\/\/api.w.org\/{rel}","templated":true}]}}