{"id":159583,"date":"2020-03-11T23:08:56","date_gmt":"2020-03-12T02:08:56","guid":{"rendered":"http:\/\/aconteceunovale.com.br\/portal\/?p=159583"},"modified":"2020-03-11T23:10:26","modified_gmt":"2020-03-12T02:10:26","slug":"assinado-contrato-de-r-881-milhoes-para-producao-de-energia-renovavel-em-pirapora","status":"publish","type":"post","link":"https:\/\/aconteceunovale.com.br\/portal\/?p=159583","title":{"rendered":"Assinado contrato de R$ 881 milh\u00f5es para produ\u00e7\u00e3o de energia renov\u00e1vel em Pirapora"},"content":{"rendered":"\n<p>O governador Romeu Zema participou, na tarde desta ter\u00e7a-feira (10\/3\/2020), da assinatura de um contrato de aquisi\u00e7\u00e3o de 70 megawatts m\u00e9dios de energia solar em Minas Gerais. A usina, que ser\u00e1 constru\u00edda na cidade de Pirapora, no Norte do estado, \u00e9 uma iniciativa do grupo Anglo American junto \u00e0 empresa Atlas Renewable Energy, e conta com investimentos de R$ 881 milh\u00f5es. O objetivo \u00e9 reduzir em at\u00e9 30% a emiss\u00e3o de CO\u00b2 lan\u00e7ado pela mineradora at\u00e9 2030.<\/p>\n\n\n\n<p>Al\u00e9m do ganho ambiental, o empreendimento \u2013 que tem capacidade para abastecer uma cidade de 1,4 milh\u00e3o de habitantes \u2013 deve gerar cerca de 3 mil novos postos de trabalho durante a constru\u00e7\u00e3o e aproximadamente 100 empregos diretos na opera\u00e7\u00e3o.<\/p>\n\n\n\n<p>Zema destacou a import\u00e2ncia do investimento em energia renov\u00e1vel para reduzir os custos de produ\u00e7\u00e3o no estado e atrair mais investimentos.<\/p>\n\n\n\n<p>\u201cPara n\u00f3s, \u00e9 motivo de orgulho assistir Minas despontar em primeir\u00edssimo lugar no Brasil em gera\u00e7\u00e3o de energia fotovoltaica. Muito se fala atualmente sobre a desindustrializa\u00e7\u00e3o no pa\u00eds e parte desse processo, que j\u00e1 dura algumas d\u00e9cadas, se deve aos custos ocultos que est\u00e3o diretamente ligados, tamb\u00e9m, a uma energia el\u00e9trica cara. Em Minas, j\u00e1 perdemos ind\u00fastrias por esse motivo e eu quero que o nosso estado, por meio da energia fotovoltaica, volte a oferecer pre\u00e7os competitivos de produ\u00e7\u00e3o\u201d, afirmou.<\/p>\n\n\n\n<figure class=\"wp-block-gallery columns-1 is-cropped wp-block-gallery-1 is-layout-flex wp-block-gallery-is-layout-flex\"><ul class=\"blocks-gallery-grid\"><li class=\"blocks-gallery-item\"><figure><img loading=\"lazy\" decoding=\"async\" width=\"678\" height=\"374\" src=\"http:\/\/aconteceunovale.com.br\/portal\/wp-content\/uploads\/2020\/03\/contrato_pirapora.jpg\" alt=\"\" data-id=\"159584\" class=\"wp-image-159584\" srcset=\"https:\/\/aconteceunovale.com.br\/portal\/wp-content\/uploads\/2020\/03\/contrato_pirapora.jpg 678w, https:\/\/aconteceunovale.com.br\/portal\/wp-content\/uploads\/2020\/03\/contrato_pirapora-300x165.jpg 300w\" sizes=\"auto, (max-width: 678px) 100vw, 678px\" \/><figcaption class=\"blocks-gallery-item__caption\"><em>Foto: Pedro Gontijo \/ Imprensa MG<\/em><\/figcaption><\/figure><\/li><\/ul><\/figure>\n\n\n\n<p><strong>Redu\u00e7\u00e3o do impacto ambiental<\/strong><\/p>\n\n\n\n<p>O governador tamb\u00e9m comemorou a redu\u00e7\u00e3o do impacto ambiental proporcionada pelo empreendimento e a gera\u00e7\u00e3o de novos postos de trabalho.<\/p>\n\n\n\n<p>\u201cPodemos mostrar que \u00e9 plenamente vi\u00e1vel termos minera\u00e7\u00e3o, termos empreendimentos e, ao mesmo tempo, agir com responsabilidade ambiental. Al\u00e9m disso, Minas precisa, mais do que tudo, de novos empregos. Estamos fazendo a li\u00e7\u00e3o de casa, enxugando custos, mas temos limites e, para viabilizarmos o Estado, vamos precisar realmente gerar mais renda e mais arrecada\u00e7\u00e3o, que \u00e9 o que est\u00e1 acontecendo hoje\u201d, disse.<\/p>\n\n\n\n<p><strong>Mix energ\u00e9tico<\/strong><\/p>\n\n\n\n<p>Para o CEO da Anglo American no Brasil, Wilfred Bruijn, o acordo reafirma a estrat\u00e9gia da empresa de criar um mix energ\u00e9tico inteligente que ajude a concretizar a expectativa de operar minas neutras em carbono para o fornecimento de metais e minerais de forma mais sustent\u00e1vel.<\/p>\n\n\n\n<p>\u201cAtrav\u00e9s de inova\u00e7\u00e3o, responsabilidade, seguran\u00e7a e tecnologia, n\u00f3s estamos avan\u00e7ando na busca para termos uma grade 100% renov\u00e1vel de energia el\u00e9trica at\u00e9 2022. Estamos nos esfor\u00e7ando na dire\u00e7\u00e3o de oferecer uma contribui\u00e7\u00e3o para o meio ambiente, n\u00e3o s\u00f3 mineiro como de todo o Brasil, contribuindo para um pa\u00eds e um estado mais limpos\u201d, destacou.<\/p>\n\n\n\n<p>O empreendimento, que ter\u00e1 mais de 800 mil pain\u00e9is e capacidade instalada de 330 MWp, deve come\u00e7ar a ser constru\u00eddo ainda neste ano e a expectativa \u00e9 que a planta entre em opera\u00e7\u00e3o em janeiro de 2022. O contrato tem dura\u00e7\u00e3o de 15 anos.<\/p>\n\n\n\n<p class=\"has-text-color has-background has-very-light-gray-color has-very-dark-gray-background-color\">Quer saber as not\u00edcias do <strong>Aconteceu no Vale<\/strong> em primeira m\u00e3o? Siga-nos no Facebook <a rel=\"noreferrer noopener\" href=\"http:\/\/facebook.com\/aconteceunovale\" target=\"_blank\">@aconteceunovale<\/a>, Twitter <a rel=\"noreferrer noopener\" href=\"https:\/\/twitter.com\/noticiadosvales\" target=\"_blank\">@noticiadosvales<\/a> e Instagram <a rel=\"noreferrer noopener\" href=\"https:\/\/www.instagram.com\/aconteceunovale\" target=\"_blank\">@aconteceunovale<\/a>.<\/p>\n","protected":false},"excerpt":{"rendered":"<p>O governador Romeu Zema participou, na tarde desta ter\u00e7a-feira (10\/3\/2020), da assinatura de um contrato de aquisi\u00e7\u00e3o de 70 megawatts m\u00e9dios de energia solar em Minas Gerais. A usina, que ser\u00e1 constru\u00edda na cidade de Pirapora, no Norte do estado, \u00e9 uma iniciativa do grupo Anglo American junto \u00e0 empresa Atlas Renewable Energy, e conta [&hellip;]<\/p>\n","protected":false},"author":1,"featured_media":159584,"comment_status":"open","ping_status":"closed","sticky":false,"template":"","format":"standard","meta":{"amp_status":"","footnotes":""},"categories":[123,1236,40240],"tags":[537,217690,217679,217680,217681,217682,217687,1018,217686,217683,254,217689,217684,217685,217688,208389],"class_list":["post-159583","post","type-post","status-publish","format-standard","has-post-thumbnail","hentry","category-gerais","category-norte_de_minas","category-politica-2","tag-anglo-american","tag-anglo-american-no-brasil","tag-assinado-contrato-de-r-881-milhoes-para-producao-de-energia-renovavel-em-pirapora","tag-assinado-contrato-de-r-881-milhoes-para-producao-de-energia-renovavel-no-norte-de-minas","tag-assinado-contrato-de-r-881-milhoes-para-producao-de-energia-solar-em-pirapora","tag-assinado-contrato-de-r-881-milhoes-para-producao-de-energia-solar-no-norte-de-minas","tag-atlas-renewable-energy","tag-destaque","tag-energia-fotovoltaica-em-pirapora","tag-energia-solar-em-pirapora","tag-pirapora","tag-pirapora-anglo-american","tag-usina-de-energia-solar-em-pirapora","tag-usina-solar-anglo-american","tag-usina-solar-pirapora-anglo-american","tag-wilfred-bruijn"],"_links":{"self":[{"href":"https:\/\/aconteceunovale.com.br\/portal\/index.php?rest_route=\/wp\/v2\/posts\/159583","targetHints":{"allow":["GET"]}}],"collection":[{"href":"https:\/\/aconteceunovale.com.br\/portal\/index.php?rest_route=\/wp\/v2\/posts"}],"about":[{"href":"https:\/\/aconteceunovale.com.br\/portal\/index.php?rest_route=\/wp\/v2\/types\/post"}],"author":[{"embeddable":true,"href":"https:\/\/aconteceunovale.com.br\/portal\/index.php?rest_route=\/wp\/v2\/users\/1"}],"replies":[{"embeddable":true,"href":"https:\/\/aconteceunovale.com.br\/portal\/index.php?rest_route=%2Fwp%2Fv2%2Fcomments&post=159583"}],"version-history":[{"count":2,"href":"https:\/\/aconteceunovale.com.br\/portal\/index.php?rest_route=\/wp\/v2\/posts\/159583\/revisions"}],"predecessor-version":[{"id":159586,"href":"https:\/\/aconteceunovale.com.br\/portal\/index.php?rest_route=\/wp\/v2\/posts\/159583\/revisions\/159586"}],"wp:featuredmedia":[{"embeddable":true,"href":"https:\/\/aconteceunovale.com.br\/portal\/index.php?rest_route=\/wp\/v2\/media\/159584"}],"wp:attachment":[{"href":"https:\/\/aconteceunovale.com.br\/portal\/index.php?rest_route=%2Fwp%2Fv2%2Fmedia&parent=159583"}],"wp:term":[{"taxonomy":"category","embeddable":true,"href":"https:\/\/aconteceunovale.com.br\/portal\/index.php?rest_route=%2Fwp%2Fv2%2Fcategories&post=159583"},{"taxonomy":"post_tag","embeddable":true,"href":"https:\/\/aconteceunovale.com.br\/portal\/index.php?rest_route=%2Fwp%2Fv2%2Ftags&post=159583"}],"curies":[{"name":"wp","href":"https:\/\/api.w.org\/{rel}","templated":true}]}}