{"id":159579,"date":"2020-03-11T22:47:33","date_gmt":"2020-03-12T01:47:33","guid":{"rendered":"http:\/\/aconteceunovale.com.br\/portal\/?p=159579"},"modified":"2020-03-11T22:58:05","modified_gmt":"2020-03-12T01:58:05","slug":"produtores-mineiros-de-queijo-artesanal-ganham-forca-com-criacao-de-associacao-estadual","status":"publish","type":"post","link":"https:\/\/aconteceunovale.com.br\/portal\/?p=159579","title":{"rendered":"Produtores mineiros de queijo artesanal ganham for\u00e7a com cria\u00e7\u00e3o de associa\u00e7\u00e3o estadual"},"content":{"rendered":"\n<p>A produ\u00e7\u00e3o de queijos artesanais em Minas Gerais ganhou uma nova aliada. Foi criada a Associa\u00e7\u00e3o Mineira dos Produtores de Queijo Artesanal (Amiqueijo). Inicialmente, a entidade ser\u00e1 composta por nove regi\u00f5es produtoras de Minas Gerais, que somam mais de 200 empreendedores: Arax\u00e1, Campo das Vertentes, Canastra, Cerrado, Mantiqueira, Serra Geral, Serra do Salitre, Serro e Tri\u00e2ngulo. Entretanto, o objetivo da entidade \u00e9 reunir todas as associa\u00e7\u00f5es e produtores do estado.&nbsp;<\/p>\n\n\n\n<p>O produtor rural de S\u00e3o Roque de Minas e presidente da Associa\u00e7\u00e3o dos Produtores de Queijo Canastra (Aprocan), Jo\u00e3o Carlos Leite, conhecido como Jo\u00e3ozinho da Canastra, foi eleito por unanimidade o primeiro presidente da Amiqueijo. Ele conta que j\u00e1 h\u00e1 alguns anos a categoria pretendia criar uma associa\u00e7\u00e3o estadual, mas, por existirem poucas entidades regionais de produtores de queijo, somente agora foi poss\u00edvel colocar a ideia em pr\u00e1tica.&nbsp;<\/p>\n\n\n\n<p>\u201cA Amiqueijo surgiu da necessidade de termos um representante legal dos produtores mineiros. O objetivo \u00e9 discutir as legisla\u00e7\u00f5es em torno do queijo artesanal, alterar os padr\u00f5es microbiol\u00f3gicos e viabilizar mecanismos de exporta\u00e7\u00e3o, entre outras coisas importantes. Minas \u00e9 o maior estado em produ\u00e7\u00e3o de leite e queijo e, por isso, cabe a n\u00f3s, tamb\u00e9m, liderar esse movimento\u201d, afirma.&nbsp;<\/p>\n\n\n\n<p>Passada a cria\u00e7\u00e3o e elei\u00e7\u00e3o de toda a diretoria, agora os envolvidos atuam para concluir a parte burocr\u00e1tica da funda\u00e7\u00e3o da associa\u00e7\u00e3o, que deve ser finalizada em, no m\u00e1ximo, dois meses. \u201cVamos discutir um planejamento estrat\u00e9gico para definirmos quais a\u00e7\u00f5es devem ser priorizadas. Depois, iremos dialogar com o mercado, firmar conv\u00eanios com institui\u00e7\u00f5es de pesquisa e buscar parceiros e recursos para viabilizar projetos de capacita\u00e7\u00e3o dos produtores\u201d, explica.<\/p>\n\n\n\n<p>Eleita vice-presidente da associa\u00e7\u00e3o, a produtora Mariana Resende, moradora de Coronel Xavier Chaves e presidente da Associa\u00e7\u00e3o do Queijo Minas Artesanal do Campo das Vertentes (AQMAV), destaca que sua regi\u00e3o tem uma tradi\u00e7\u00e3o de mais de 300 anos do queijo Minas artesanal, mas que, infelizmente, se perdeu ao longo dos anos. Por isso, os produtores do local se uniram para recuperar a pr\u00e1tica.<\/p>\n\n\n\n<p>\u201cEssa organiza\u00e7\u00e3o \u00e9 essencial para que possamos criar for\u00e7as e ter nossas demandas organizadas, com maior representatividade junto ao governo e demais entidades. Acredito que a cria\u00e7\u00e3o da Amiqueijo \u00e9 um marco para o queijo artesanal de Minas\u201d, pontua Mariana.&nbsp;<\/p>\n\n\n\n<p>A funda\u00e7\u00e3o da associa\u00e7\u00e3o ocorreu na sede do Minist\u00e9rio da Agricultura, Pecu\u00e1ria e Abastecimento (Mapa) em Belo Horizonte, e contou com a presen\u00e7a de representantes do \u00f3rg\u00e3o federal, da\u00a0Secretaria de Agricultura, Pecu\u00e1ria e Abastecimento (Seapa), da\u00a0Emater-MG, do Sebrae e da Federa\u00e7\u00e3o da Agricultura e Pecu\u00e1ria do Estado de Minas Gerais (Faemg), apoiadores da iniciativa, al\u00e9m dos presidentes e produtores das associa\u00e7\u00f5es regionais.\u00a0<\/p>\n\n\n\n<p><strong>Benef\u00edcios<\/strong><\/p>\n\n\n\n<p>A Seapa deu apoio \u00e0 iniciativa, e a Emater-MG, empresa vinculada \u00e0 pasta, atuou na assist\u00eancia t\u00e9cnica aos envolvidos. Al\u00e9m dos benef\u00edcios para os produtores de queijo artesanal \u2013 como melhoria da renda familiar, inser\u00e7\u00e3o no mercado formal e gera\u00e7\u00e3o de novas oportunidades para as fam\u00edlias do campo \u2013, a cria\u00e7\u00e3o da entidade traz vantagens tamb\u00e9m para o estado, conforme o superintendente de Abastecimento e Cooperativismo da Seapa, Gilson Sales.&nbsp;<\/p>\n\n\n\n<p>\u201cEstamos em um momento de regulamenta\u00e7\u00e3o e de incentivo a esse mercado. Com a associa\u00e7\u00e3o estadual ficar\u00e1 mais f\u00e1cil para o governo se relacionar e fazer consultas aos produtores sobre os projetos voltados para o setor, como na elabora\u00e7\u00e3o de atos normativos, por exemplo\u201d, defende.&nbsp;<\/p>\n\n\n\n<p>O Governo de Minas est\u00e1 prestes a concluir a regulamenta\u00e7\u00e3o da Lei 23.157\/18, que trata da produ\u00e7\u00e3o e da comercializa\u00e7\u00e3o dos queijos artesanais no estado. \u201cFizemos um processo muito longo de consulta aos produtores, a pesquisadores, e, tamb\u00e9m, \u00e0 Faemg. Agora, temos uma vers\u00e3o final, que certamente trar\u00e1 muitos benef\u00edcios para os produtores e para o estado\u201d, completa Sales.&nbsp;<\/p>\n\n\n\n<p>Para o analista da unidade de agroneg\u00f3cios do Sebrae, Ricardo Boscaro, o surgimento de uma associa\u00e7\u00e3o que represente os produtores de queijo artesanal em Minas fortalecer\u00e1 toda a classe dos trabalhadores do setor.&nbsp;<\/p>\n\n\n\n<p>\u201cA Amiqueijo vem refor\u00e7ar a import\u00e2ncia que o produtor tem na atividade. Eles s\u00e3o os protagonistas da hist\u00f3ria do queijo artesanal no estado. As demais institui\u00e7\u00f5es envolvidas s\u00e3o parceiras, t\u00eam que apoiar o trabalho, mas, com a associa\u00e7\u00e3o, os produtores ter\u00e3o voz para defender as suas bandeiras\u201d, conclui.\u00a0<\/p>\n\n\n\n<p class=\"has-text-color has-background has-very-light-gray-color has-very-dark-gray-background-color\">Quer saber as not\u00edcias do <strong>Aconteceu no Vale<\/strong> em primeira m\u00e3o? Siga-nos no Facebook <a rel=\"noreferrer noopener\" href=\"http:\/\/facebook.com\/aconteceunovale\" target=\"_blank\">@aconteceunovale<\/a>, Twitter <a rel=\"noreferrer noopener\" href=\"https:\/\/twitter.com\/noticiadosvales\" target=\"_blank\">@noticiadosvales<\/a> e Instagram <a rel=\"noreferrer noopener\" href=\"https:\/\/www.instagram.com\/aconteceunovale\" target=\"_blank\">@aconteceunovale<\/a>.<\/p>\n","protected":false},"excerpt":{"rendered":"<p>A produ\u00e7\u00e3o de queijos artesanais em Minas Gerais ganhou uma nova aliada. Foi criada a Associa\u00e7\u00e3o Mineira dos Produtores de Queijo Artesanal (Amiqueijo). Inicialmente, a entidade ser\u00e1 composta por nove regi\u00f5es produtoras de Minas Gerais, que somam mais de 200 empreendedores: Arax\u00e1, Campo das Vertentes, Canastra, Cerrado, Mantiqueira, Serra Geral, Serra do Salitre, Serro e [&hellip;]<\/p>\n","protected":false},"author":1,"featured_media":159580,"comment_status":"open","ping_status":"closed","sticky":false,"template":"","format":"standard","meta":{"amp_status":"","footnotes":""},"categories":[123],"tags":[217674,203930,217676,217678,203929,217673,1763,25775,203928,217675,217677,202862,3890,50433,107393,12268,176],"class_list":["post-159579","post","type-post","status-publish","format-standard","has-post-thumbnail","hentry","category-gerais","tag-amiqueijo","tag-aprocan","tag-aqmav","tag-associacao-do-queijo-minas-artesanal-do-campo-das-vertentes","tag-associacao-dos-produtores-de-queijo-canastra","tag-associacao-mineira-dos-produtores-de-queijo-artesanal","tag-coronel-xavier-chaves","tag-emater-mg","tag-joao-carlos-leite","tag-joaozinho-da-canastra","tag-mariana-resende","tag-producao-de-queijo-em-minas-gerais","tag-queijo-do-serro","tag-queijo-minas-artesanal","tag-ricardo-boscaro","tag-sao-roque-de-minas","tag-sebrae"],"_links":{"self":[{"href":"https:\/\/aconteceunovale.com.br\/portal\/index.php?rest_route=\/wp\/v2\/posts\/159579","targetHints":{"allow":["GET"]}}],"collection":[{"href":"https:\/\/aconteceunovale.com.br\/portal\/index.php?rest_route=\/wp\/v2\/posts"}],"about":[{"href":"https:\/\/aconteceunovale.com.br\/portal\/index.php?rest_route=\/wp\/v2\/types\/post"}],"author":[{"embeddable":true,"href":"https:\/\/aconteceunovale.com.br\/portal\/index.php?rest_route=\/wp\/v2\/users\/1"}],"replies":[{"embeddable":true,"href":"https:\/\/aconteceunovale.com.br\/portal\/index.php?rest_route=%2Fwp%2Fv2%2Fcomments&post=159579"}],"version-history":[{"count":1,"href":"https:\/\/aconteceunovale.com.br\/portal\/index.php?rest_route=\/wp\/v2\/posts\/159579\/revisions"}],"predecessor-version":[{"id":159581,"href":"https:\/\/aconteceunovale.com.br\/portal\/index.php?rest_route=\/wp\/v2\/posts\/159579\/revisions\/159581"}],"wp:featuredmedia":[{"embeddable":true,"href":"https:\/\/aconteceunovale.com.br\/portal\/index.php?rest_route=\/wp\/v2\/media\/159580"}],"wp:attachment":[{"href":"https:\/\/aconteceunovale.com.br\/portal\/index.php?rest_route=%2Fwp%2Fv2%2Fmedia&parent=159579"}],"wp:term":[{"taxonomy":"category","embeddable":true,"href":"https:\/\/aconteceunovale.com.br\/portal\/index.php?rest_route=%2Fwp%2Fv2%2Fcategories&post=159579"},{"taxonomy":"post_tag","embeddable":true,"href":"https:\/\/aconteceunovale.com.br\/portal\/index.php?rest_route=%2Fwp%2Fv2%2Ftags&post=159579"}],"curies":[{"name":"wp","href":"https:\/\/api.w.org\/{rel}","templated":true}]}}