{"id":159576,"date":"2020-03-11T21:32:06","date_gmt":"2020-03-12T00:32:06","guid":{"rendered":"http:\/\/aconteceunovale.com.br\/portal\/?p=159576"},"modified":"2020-03-11T21:35:00","modified_gmt":"2020-03-12T00:35:00","slug":"coleta-de-sempre-vivas-agora-e-patrimonio-agricola-mundial","status":"publish","type":"post","link":"https:\/\/aconteceunovale.com.br\/portal\/?p=159576","title":{"rendered":"Coleta de sempre-vivas agora \u00e9 patrim\u00f4nio agr\u00edcola mundial"},"content":{"rendered":"\n<p>A partir de agora, o sistema dos apanhadores de sempre-vivas integra o seleto grupo dos Sistemas Importantes do Patrim\u00f4nio Agr\u00edcola Mundial (Sipam). Isto porque a\u00a0tradi\u00e7\u00e3o centen\u00e1ria das comunidades da Serra do Espinha\u00e7o, no Jequitinhonha, acaba de ser reconhecida pela Organiza\u00e7\u00e3o das Na\u00e7\u00f5es Unidas para a Alimenta\u00e7\u00e3o e a Agricultura (FAO) como patrim\u00f4nio agr\u00edcola mundial.\u00a0 \u00c9 o primeiro reconhecimento dessa natureza no pa\u00eds e o quarto na Am\u00e9rica Latina.\u00a0<\/p>\n\n\n\n<p>A entrega da certifica\u00e7\u00e3o aconteceu nesta quarta-feira (11\/3\/2020), em Bras\u00edlia, com a presen\u00e7a de\u00a0representantes dos apanhadores de flores e autoridades. O objetivo da FAO, com o selo, \u00e9 valorizar\u00a0popula\u00e7\u00f5es que preservam m\u00e9todos seculares de manejo da terra e mant\u00eam, dentro de seu habitat, rela\u00e7\u00f5es sustent\u00e1veis com o meio ambiente.<\/p>\n\n\n\n<p>\u201cHoje, nosso pa\u00eds est\u00e1 sendo reconhecido pela primeira vez com um patrim\u00f4nio da agricultura mundial. Esse patrim\u00f4nio foi constru\u00eddo nas montanhas de Minas. S\u00e3o pr\u00e1ticas e conhecimentos \u00fanicos. Voc\u00eas s\u00e3o os guardi\u00f5es da biodiversidade&#8221;, destaca&nbsp;a ministra da Agricultura, Pecu\u00e1ria e Abastecimento,&nbsp;Tereza Cristina.<\/p>\n\n\n\n<p>Quem dedicou toda vida \u00e0 atividade garante que a conquista \u00e9 motivo de orgulho. \u00c9 o caso de Jovita Maria Corr\u00eaa, 62, que aprendeu o of\u00edcio com os pais e&nbsp;ensinou tudo aos filhos. Ela espera, agora, que as pr\u00f3ximas gera\u00e7\u00f5es mantenha a tradi\u00e7\u00e3o. \u201cA&nbsp;<em>panha<\/em>&nbsp;das flores sempre-vivas me ajudou na cria\u00e7\u00e3o dos meus 11 filhos. Espero que tamb\u00e9m ajude os meus netos\u201d, diz.<\/p>\n\n\n\n<p>Para Maria de F\u00e1tima Alves, uma das coordenadoras da Comiss\u00e3o em Defesa dos Direitos das Comunidades Extrativistas (Codecex), o reconhecimento valoriza o esfor\u00e7o de fam\u00edlias inteiras da regi\u00e3o do Espinha\u00e7o. &#8220;A gente j\u00e1 nasce fazendo isso e vamos muito cedo para o campo, junto com a fam\u00edlia. Eu mesma comecei com 8 anos. \u00c9 fant\u00e1stico ver essa premia\u00e7\u00e3o, saber que esse processo agora tem import\u00e2ncia para Minas, para o Brasil e o para o mundo&#8221;, comemora.<\/p>\n\n\n\n<figure class=\"wp-block-gallery columns-1 is-cropped wp-block-gallery-1 is-layout-flex wp-block-gallery-is-layout-flex\"><ul class=\"blocks-gallery-grid\"><li class=\"blocks-gallery-item\"><figure><img loading=\"lazy\" decoding=\"async\" width=\"670\" height=\"450\" src=\"http:\/\/aconteceunovale.com.br\/portal\/wp-content\/uploads\/2020\/03\/sempre_vivas_1.jpg\" alt=\"\" data-id=\"159577\" class=\"wp-image-159577\" srcset=\"https:\/\/aconteceunovale.com.br\/portal\/wp-content\/uploads\/2020\/03\/sempre_vivas_1.jpg 670w, https:\/\/aconteceunovale.com.br\/portal\/wp-content\/uploads\/2020\/03\/sempre_vivas_1-300x201.jpg 300w, https:\/\/aconteceunovale.com.br\/portal\/wp-content\/uploads\/2020\/03\/sempre_vivas_1-625x420.jpg 625w\" sizes=\"auto, (max-width: 670px) 100vw, 670px\" \/><figcaption class=\"blocks-gallery-item__caption\"><em>Foto: Valda Nogueira \/ Ag\u00eancia Minas<\/em><\/figcaption><\/figure><\/li><\/ul><\/figure>\n\n\n\n<p><strong>Abrang\u00eancia<\/strong><\/p>\n\n\n\n<p>Ao todo, 1.500 pessoas distribu\u00eddas em seis comunidades ser\u00e3o diretamente beneficiadas. Entre elas est\u00e3o P\u00e9 de Serra e Lavras, situadas no munic\u00edpio de Buen\u00f3polis; Vargem do Inha\u00ed, Mata dos Crioulos e Macacos, localizadas em Diamantina e, ainda, o povoado de Raiz, em Presidente Kubitschek.&nbsp;&nbsp;<\/p>\n\n\n\n<p>A expectativa \u00e9 de que, com a chancela internacional, esses lugarejos passem a ter mais visibilidade e, por consequ\u00eancia, ganhos com o turismo e com a economia. Para a secret\u00e1ria de Estado de\u00a0Agricultura, Pecu\u00e1ria e Abastecimento (Seapa), Ana Valentini, o selo vai chamar a aten\u00e7\u00e3o para a necessidade do envolvimento de todos na preserva\u00e7\u00e3o dessas comunidades e da rica cultura que elas carregam atrav\u00e9s de gera\u00e7\u00f5es.\u00a0<\/p>\n\n\n\n<p>\u201cEstamos muito otimistas quanto aos benef\u00edcios que o reconhecimento da ONU trar\u00e1 para toda a comunidade envolvida, principalmente para aquelas pessoas que vivem essa realidade de campo, com muita dificuldade, e que t\u00eam no extrativismo da sempre-viva sua fonte de renda\u201d, afirma Ana Valentini.<\/p>\n\n\n\n<p>Representante da FAO no Brasil, Rafael Zavala explica que os sistemas de patrim\u00f4nio agr\u00edcola s\u00e3o caracterizados pela combina\u00e7\u00e3o de quatro elementos: biodiversidade, ecossistemas resilientes, conhecimento tradicional e heran\u00e7a cultural. \u201cDepois de ter conhecido o trabalho destas apanhadoras de flores sempre-vivas, h\u00e1 um quinto elemento que incluo como muito importante: a dignidade das mulheres rurais\u201d, pontua.<\/p>\n\n\n\n<p>O secret\u00e1rio em exerc\u00edcio da Seapa, Jos\u00e9 Ricardo\u00a0Roseno, ressalta os esfor\u00e7os em prol das comunidades ligadas ao processo de colheita das sempre-vivas. \u201cO\u00a0Governo de Minas\u00a0reafirma o seu compromisso com o Plano de A\u00e7\u00e3o para a Conserva\u00e7\u00e3o Din\u00e2mica, com particular aten\u00e7\u00e3o para a demanda de regulariza\u00e7\u00e3o fundi\u00e1ria das comunidades tradicionais, que est\u00e1 a cargo da Secretaria de Estado de Agricultura, Pecu\u00e1ria e Abastecimento\u201d, destaca.<\/p>\n\n\n\n<p>Outro ponto importante, segundo o presidente da\u00a0Empresa de Assist\u00eancia T\u00e9cnica e Extens\u00e3o Rural de Minas Gerais (Emater-MG), Gustavo Laterza, s\u00e3o os\u00a0esfor\u00e7os que v\u00eam\u00a0sendo direcionados para o programa Sistemas Agr\u00edcolas Tradicionais (SAT) da Serra do Espinha\u00e7o.<\/p>\n\n\n\n<p>&#8220;Prestamos atendimentos junto \u00e0s comunidades rurais e aos povos tradicionais, levando apoio t\u00e9cnico e construindo solu\u00e7\u00f5es para criar oportunidades. Vale destacar as agendas de produ\u00e7\u00e3o sustent\u00e1vel, agroecologia, saneamento rural, seguran\u00e7a h\u00eddrica e bovinocultura. Lembrando que h\u00e1, ainda, a\u00e7\u00f5es sociais de capacita\u00e7\u00e3o e pol\u00edticas p\u00fablicas como o Brasil Sem Mis\u00e9ria, todas voltadas para atender fam\u00edlias dessas regi\u00f5es&#8221;, afirma Laterza.<\/p>\n\n\n\n<p><strong>Candidatura&nbsp;<\/strong><\/p>\n\n\n\n<p>A mobiliza\u00e7\u00e3o de apanhadores e apanhadoras de flores sempre-vivas foi fundamental para que a candidatura fosse apresentada \u00e0 FAO. O grupo foi o respons\u00e1vel por construir o Plano de Conserva\u00e7\u00e3o Din\u00e2mica (PCD) do Sistema Agr\u00edcola Tradicional, com a efetiva participa\u00e7\u00e3o das entidades representativas, do poder p\u00fablico local e estadual, al\u00e9m dos institutos de ensino, pesquisa e outros parceiros.<\/p>\n\n\n\n<p>A proposta foi encaminhada oficialmente \u00e0 FAO e, logo em seguida, passou pela avalia\u00e7\u00e3o do comit\u00ea cient\u00edfico da organiza\u00e7\u00e3o resultando em uma visita a campo. A \u00faltima etapa aconteceu nesta quarta-feira, com a apresenta\u00e7\u00e3o do parecer final.<\/p>\n\n\n\n<p>Al\u00e9m disso, um dossi\u00ea para o reconhecimento do Sistema Tradicional Agr\u00edcola como patrim\u00f4nio imaterial de Minas Gerais ser\u00e1 apresentado ao Conselho de Patrim\u00f4nio Cultural (Conep) no segundo semestre de 2020.<\/p>\n\n\n\n<p>\u201cTemos muito a aprender com o modo de vida dessas comunidades. Reconhecer esse sistema tradicional como patrim\u00f4nio cultural do Estado de Minas Gerais significa, conhecer, registrar e preservar esses saberes e atuar de forma a assegurar os direitos culturais das comunidades atrav\u00e9s das a\u00e7\u00f5es de salvaguarda\u201d, enfatiza a presidente do\u00a0Instituto Estadual do Patrim\u00f4nio Hist\u00f3rico e Art\u00edstico (Iepha-MG), Michele Arroyo.<\/p>\n\n\n\n<p><strong>Conhecimento<\/strong><\/p>\n\n\n\n<p>O secret\u00e1rio de Estado de\u00a0Cultura e Turismo, Marcelo Matte, tamb\u00e9m celebra\u00a0a certifica\u00e7\u00e3o. \u201cConquistar o selo Sipam s\u00f3 refor\u00e7a a import\u00e2ncia que as comunidades apanhadoras de flores sempre-vivas t\u00eam para o mundo. A secretaria j\u00e1 trabalha em pol\u00edticas p\u00fablicas para garantir a dignidade dessas pessoas\u201d, comenta.\u00a0<\/p>\n\n\n\n<p>Al\u00e9m das comunidades do Jequitinhonha, tamb\u00e9m integram o Sipam na Am\u00e9rica Latina o corredor Cuzco-Puno, no Peru, o arquip\u00e9lago de Chilo\u00e9, no Chile, e o sistema de Chinampa, no M\u00e9xico. Em todo planeta, h\u00e1 apenas 59 patrim\u00f4nios agr\u00edcolas com este reconhecimento.&nbsp;&nbsp;<\/p>\n\n\n\n<p>Junto com a Seapa e a Secult, as Secretarias de Estado de\u00a0Educa\u00e7\u00e3o (SEE)\u00a0e de\u00a0Desenvolvimento Social (Sedese)\u00a0tamb\u00e9m participam das a\u00e7\u00f5es de apoio.<\/p>\n\n\n\n<p>No evento em Bras\u00edlia tamb\u00e9m estiveram presentes\u00a0o secret\u00e1rio de Agricultura Familiar e Cooperativismo do Mapa, Fernando Schwanke, o secret\u00e1rio-executivo do Mapa, Marcos Montes, o prefeito de Diamantina, Juscelino Brasiliano Roque, o prefeito de Buen\u00f3polis, C\u00e9lio Santana, o prefeito de Presidente Kubitschek, Lauro de Oliveira, e a primeira-dama Michelle Bolsonaro. <\/p>\n\n\n\n<p class=\"has-text-color has-background has-very-light-gray-color has-very-dark-gray-background-color\">Quer saber as not\u00edcias do <strong>Aconteceu no Vale<\/strong> em primeira m\u00e3o? Siga-nos no Facebook <a rel=\"noreferrer noopener\" href=\"http:\/\/facebook.com\/aconteceunovale\" target=\"_blank\">@aconteceunovale<\/a>, Twitter <a rel=\"noreferrer noopener\" href=\"https:\/\/twitter.com\/noticiadosvales\" target=\"_blank\">@noticiadosvales<\/a> e Instagram <a rel=\"noreferrer noopener\" href=\"https:\/\/www.instagram.com\/aconteceunovale\" target=\"_blank\">@aconteceunovale<\/a>.<\/p>\n","protected":false},"excerpt":{"rendered":"<p>A partir de agora, o sistema dos apanhadores de sempre-vivas integra o seleto grupo dos Sistemas Importantes do Patrim\u00f4nio Agr\u00edcola Mundial (Sipam). Isto porque a\u00a0tradi\u00e7\u00e3o centen\u00e1ria das comunidades da Serra do Espinha\u00e7o, no Jequitinhonha, acaba de ser reconhecida pela Organiza\u00e7\u00e3o das Na\u00e7\u00f5es Unidas para a Alimenta\u00e7\u00e3o e a Agricultura (FAO) como patrim\u00f4nio agr\u00edcola mundial.\u00a0 \u00c9 [&hellip;]<\/p>\n","protected":false},"author":1,"featured_media":159577,"comment_status":"open","ping_status":"closed","sticky":false,"template":"","format":"standard","meta":{"amp_status":"","footnotes":""},"categories":[6,123,28848,120],"tags":[207835,204211,217672,960,217663,1018,198,25775,19661,138185,206004,76057,138188,217669,57220,131718,217670,42841,217665,5660,217671,27578,45615,217666,217668,217667,204215,217662,217664,176479],"class_list":["post-159576","post","type-post","status-publish","format-standard","has-post-thumbnail","hentry","category-br","category-gerais","category-mundo","category-jequi","tag-ana-valentini","tag-apanhadores-de-sempre-vivas","tag-atividade-centenaria-dos-apanhadores-sempre-vivas-traz-para-minas-gerais-o-primeiro-reconhecimento-do-pais-de-patrimonio-agricola-mundial","tag-buenopolis","tag-colheita-de-sempre-vivas","tag-destaque","tag-diamantina","tag-emater-mg","tag-fao","tag-fao-no-brasil","tag-gustavo-laterza","tag-iepha-mg","tag-jose-ricardo-roseno","tag-jovita-maria-correa","tag-maria-de-fatima-alves","tag-michele-arroyo","tag-ministra-tereza-cristina","tag-organizacao-das-nacoes-unidas-para-a-alimentacao-e-a-agricultura","tag-patrimonio-agricola-mundial","tag-presidente-kubitschek","tag-rafael-zavala","tag-seapa","tag-sempre-vivas","tag-sempre-vivas-jequitinhonha","tag-sempre-vivas-serra-do-espinhaco","tag-sempre-vivas-vale-do-jequitinhonha","tag-sipam","tag-sistema-dos-apanhadores-de-sempre-vivas","tag-sistemas-importantes-do-patrimonio-agricola-mundial","tag-tereza-cristina"],"_links":{"self":[{"href":"https:\/\/aconteceunovale.com.br\/portal\/index.php?rest_route=\/wp\/v2\/posts\/159576","targetHints":{"allow":["GET"]}}],"collection":[{"href":"https:\/\/aconteceunovale.com.br\/portal\/index.php?rest_route=\/wp\/v2\/posts"}],"about":[{"href":"https:\/\/aconteceunovale.com.br\/portal\/index.php?rest_route=\/wp\/v2\/types\/post"}],"author":[{"embeddable":true,"href":"https:\/\/aconteceunovale.com.br\/portal\/index.php?rest_route=\/wp\/v2\/users\/1"}],"replies":[{"embeddable":true,"href":"https:\/\/aconteceunovale.com.br\/portal\/index.php?rest_route=%2Fwp%2Fv2%2Fcomments&post=159576"}],"version-history":[{"count":1,"href":"https:\/\/aconteceunovale.com.br\/portal\/index.php?rest_route=\/wp\/v2\/posts\/159576\/revisions"}],"predecessor-version":[{"id":159578,"href":"https:\/\/aconteceunovale.com.br\/portal\/index.php?rest_route=\/wp\/v2\/posts\/159576\/revisions\/159578"}],"wp:featuredmedia":[{"embeddable":true,"href":"https:\/\/aconteceunovale.com.br\/portal\/index.php?rest_route=\/wp\/v2\/media\/159577"}],"wp:attachment":[{"href":"https:\/\/aconteceunovale.com.br\/portal\/index.php?rest_route=%2Fwp%2Fv2%2Fmedia&parent=159576"}],"wp:term":[{"taxonomy":"category","embeddable":true,"href":"https:\/\/aconteceunovale.com.br\/portal\/index.php?rest_route=%2Fwp%2Fv2%2Fcategories&post=159576"},{"taxonomy":"post_tag","embeddable":true,"href":"https:\/\/aconteceunovale.com.br\/portal\/index.php?rest_route=%2Fwp%2Fv2%2Ftags&post=159576"}],"curies":[{"name":"wp","href":"https:\/\/api.w.org\/{rel}","templated":true}]}}