{"id":159571,"date":"2020-03-11T15:54:40","date_gmt":"2020-03-11T18:54:40","guid":{"rendered":"http:\/\/aconteceunovale.com.br\/portal\/?p=159571"},"modified":"2020-03-11T15:56:42","modified_gmt":"2020-03-11T18:56:42","slug":"samu-do-leste-de-minas-tem-primeira-etapa-de-implantacao-concluida-2","status":"publish","type":"post","link":"https:\/\/aconteceunovale.com.br\/portal\/?p=159571","title":{"rendered":"Samu do Leste de Minas tem primeira etapa de implanta\u00e7\u00e3o conclu\u00edda"},"content":{"rendered":"\n<p>A primeira etapa de implanta\u00e7\u00e3o do Servi\u00e7o de Atendimento M\u00f3vel de Urg\u00eancia (Samu) Regional Leste\/Vale do A\u00e7o chega \u00e0 fase final. A iniciativa ir\u00e1 beneficiar cerca de 1,5 milh\u00e3o de usu\u00e1rios de 86 munic\u00edpios, cobrindo totalmente a \u00e1rea de abrang\u00eancia das regionais de Governador Valadares e Coronel Fabriciano.<\/p>\n\n\n\n<p>O funcionamento do servi\u00e7o \u00e9 organizado pela&nbsp;Secretaria de Estado de Sa\u00fade de Minas Gerais (SES-MG)&nbsp;e pelo Cons\u00f3rcio Intermunicipal de Sa\u00fade da Rede de Urg\u00eancia e Emerg\u00eancia do Leste de Minas (Consurge). A previs\u00e3o \u00e9 que a primeira etapa de implanta\u00e7\u00e3o seja entregue em 31\/3, como explica a diretora de Aten\u00e7\u00e3o Hospitalar e de Urg\u00eancia e Emerg\u00eancia da SES-MG, Monique Fernanda F\u00e9lix Ferreira.<\/p>\n\n\n\n<p>\u201cO Samu Leste\/Vale do A\u00e7o est\u00e1 em fase de t\u00e9rmino das obras para receber as ambul\u00e2ncias. Uma central de regula\u00e7\u00e3o e outras dez bases de suporte b\u00e1sico ser\u00e3o alocadas nos munic\u00edpios de Tarumirim, Mantena, Pe\u00e7anha, S\u00e3o Jo\u00e3o Evangelista, Santa Maria do Sua\u00e7u\u00ed, Governador Valadares, Coronel Fabriciano, Tim\u00f3teo, Caratinga e Belo Oriente\u201d, afirma.&nbsp;<\/p>\n\n\n\n<p>Para viabilizar o programa, o Governo de Minas repassou um montante de R$5 milh\u00f5es. Desse valor, R$ 432 mil est\u00e3o pendentes para finalizar o conv\u00eanio e devem ser repassados ao longo de mar\u00e7o. Quando o Samu Leste\/Vale do A\u00e7o entrar em atividade ser\u00e1 formalizado o contrato de presta\u00e7\u00e3o de servi\u00e7os.&nbsp;<\/p>\n\n\n\n<p>As demais fases do projeto Samu Leste\/Vale do A\u00e7o podem ser iniciadas ainda este ano, mediante habilita\u00e7\u00e3o do Minist\u00e9rio da Sa\u00fade. A expectativa \u00e9 de capilarizar o suporte b\u00e1sico e o suporte avan\u00e7ado nos munic\u00edpios, diminuindo ainda mais o tempo de resposta \u00e0s emerg\u00eancias.<\/p>\n\n\n\n<figure class=\"wp-block-gallery columns-1 is-cropped wp-block-gallery-1 is-layout-flex wp-block-gallery-is-layout-flex\"><ul class=\"blocks-gallery-grid\"><li class=\"blocks-gallery-item\"><figure><img loading=\"lazy\" decoding=\"async\" width=\"640\" height=\"426\" src=\"http:\/\/aconteceunovale.com.br\/portal\/wp-content\/uploads\/2020\/03\/samu_leste.jpg\" alt=\"\" data-id=\"159569\" data-full-url=\"http:\/\/aconteceunovale.com.br\/portal\/wp-content\/uploads\/2020\/03\/samu_leste.jpg\" data-link=\"http:\/\/aconteceunovale.com.br\/portal\/?attachment_id=159569\" class=\"wp-image-159569\" srcset=\"https:\/\/aconteceunovale.com.br\/portal\/wp-content\/uploads\/2020\/03\/samu_leste.jpg 640w, https:\/\/aconteceunovale.com.br\/portal\/wp-content\/uploads\/2020\/03\/samu_leste-300x200.jpg 300w, https:\/\/aconteceunovale.com.br\/portal\/wp-content\/uploads\/2020\/03\/samu_leste-631x420.jpg 631w\" sizes=\"auto, (max-width: 640px) 100vw, 640px\" \/><figcaption class=\"blocks-gallery-item__caption\"><em>Entrega da primeira etapa est\u00e1 prevista para 31\/3 &#8211; Foto: Divulga\u00e7\u00e3o \/ Beto Oliveira<\/em><\/figcaption><\/figure><\/li><\/ul><\/figure>\n\n\n\n<p><strong>Regionais<\/strong><\/p>\n\n\n\n<p>\u201cA implanta\u00e7\u00e3o do servi\u00e7o \u00e9 de extrema import\u00e2ncia para a popula\u00e7\u00e3o de Minas Gerais, especialmente para quem vive nas regi\u00f5es Leste e do Vale do A\u00e7o, onde o Estado j\u00e1 financia portas de entrada hospitalares. Agora \u00e9 fundamental organizar os fluxos de log\u00edstica adequadamente. A a\u00e7\u00e3o, sem d\u00favida, ir\u00e1 salvar muitas vidas\u201d, avaliou o superintendente da regional de Sa\u00fade de Coronel Fabriciano, Ernany Duque.&nbsp;<\/p>\n\n\n\n<p>O superintendente da regional de Sa\u00fade de Governador Valadares, R\u00f4mulo Gusm\u00e3o, ainda destaca o esfor\u00e7o articulado de \u201cprefeitos, deputados e Estado, intermediado pelas superintend\u00eancias regionais, para tornar vi\u00e1vel a completa implanta\u00e7\u00e3o de uma rede de urg\u00eancia e emerg\u00eancia potente e qualificada\u201d.<\/p>\n\n\n\n<p>As demais fases do projeto Samu Leste\/Vale do A\u00e7o poder\u00e3o ser iniciadas ainda este ano, mediante habilita\u00e7\u00e3o do Minist\u00e9rio da Sa\u00fade; a expectativa \u00e9 de capilarizar o suporte b\u00e1sico e o suporte avan\u00e7ado nos munic\u00edpios, diminuindo ainda mais o tempo de resposta \u00e0s emerg\u00eancias.<\/p>\n\n\n\n<p><strong>Samu 192<\/strong><\/p>\n\n\n\n<p>O Samu \u00e9 um programa que tem como finalidade o atendimento em car\u00e1ter de urg\u00eancia da popula\u00e7\u00e3o. Por meio dele, o Governo de Minas vem reduzindo o n\u00famero de \u00f3bitos, o tempo de interna\u00e7\u00e3o em hospitais e as sequelas decorrentes da falta de socorro precoce. O servi\u00e7o funciona 24h, sete dias por semana e conta com equipes de profissionais de sa\u00fade, como m\u00e9dicos, enfermeiros, auxiliares de enfermagem e socorristas que atendem a urg\u00eancias de natureza traum\u00e1tica, cl\u00ednica, pedi\u00e1trica, cir\u00fargica, gineco-obst\u00e9trica e de sa\u00fade mental.&nbsp;<\/p>\n\n\n\n<p>O atendimento \u00e9 feito ap\u00f3s liga\u00e7\u00e3o, gratuita, no n\u00famero 192. A chamada \u00e9 atendida por t\u00e9cnicos da Central de Regula\u00e7\u00e3o que identificam a emerg\u00eancia e, imediatamente, transferem o telefonema para o m\u00e9dico regulador. Ele realiza o diagn\u00f3stico da situa\u00e7\u00e3o e inicia o atendimento imediatamente, orientando o paciente ou o acompanhante, sobre as primeiras a\u00e7\u00f5es.&nbsp;<\/p>\n\n\n\n<p>Ao mesmo tempo, o m\u00e9dico regulador avalia qual o melhor procedimento para o paciente e, se necess\u00e1rio, designa uma ambul\u00e2ncia de suporte b\u00e1sico de vida, com auxiliar de enfermagem e socorrista, para atendimento no local. H\u00e1 ainda a possibilidade de envio do suporte avan\u00e7ado, com m\u00e9dico, enfermeiro e t\u00e9cnico de enfermagem.<\/p>\n\n\n\n<p class=\"has-text-color has-background has-very-light-gray-color has-very-dark-gray-background-color\">Quer saber as not\u00edcias do <strong>Aconteceu no Vale<\/strong> em primeira m\u00e3o? Siga-nos no Facebook <a rel=\"noreferrer noopener\" href=\"http:\/\/facebook.com\/aconteceunovale\" target=\"_blank\">@aconteceunovale<\/a>, Twitter <a rel=\"noreferrer noopener\" href=\"https:\/\/twitter.com\/noticiadosvales\" target=\"_blank\">@noticiadosvales<\/a> e Instagram <a rel=\"noreferrer noopener\" href=\"https:\/\/www.instagram.com\/aconteceunovale\" target=\"_blank\">@aconteceunovale<\/a>.<\/p>\n","protected":false},"excerpt":{"rendered":"<p>A primeira etapa de implanta\u00e7\u00e3o do Servi\u00e7o de Atendimento M\u00f3vel de Urg\u00eancia (Samu) Regional Leste\/Vale do A\u00e7o chega \u00e0 fase final. A iniciativa ir\u00e1 beneficiar cerca de 1,5 milh\u00e3o de usu\u00e1rios de 86 munic\u00edpios, cobrindo totalmente a \u00e1rea de abrang\u00eancia das regionais de Governador Valadares e Coronel Fabriciano. O funcionamento do servi\u00e7o \u00e9 organizado pela&nbsp;Secretaria [&hellip;]<\/p>\n","protected":false},"author":1,"featured_media":159569,"comment_status":"open","ping_status":"closed","sticky":false,"template":"","format":"standard","meta":{"amp_status":"","footnotes":""},"categories":[121],"tags":[350,237,208234,72755,1524,1018,247,1516,217651,306,217660,217659,217657,217661,208233,208232,217653,217654,217655,217656,217652,217658,72744,240,162,217650,52113,329,1105],"class_list":["post-159571","post","type-post","status-publish","format-standard","has-post-thumbnail","hentry","category-leste","tag-belo-oriente","tag-caratinga","tag-consorcio-intermunicipal-de-saude-da-rede-de-urgencia-e-emergencia-do-leste-de-minas","tag-consurge","tag-coronel-fabriciano","tag-destaque","tag-governador-valadares","tag-mantena","tag-monique-fernanda-felix-ferreira","tag-pecanha","tag-samu-belo-oriente","tag-samu-caratinga","tag-samu-coronel-fabriciano","tag-samu-do-leste-de-minas-tem-primeira-etapa-de-implantacao-concluida","tag-samu-governador-valadares","tag-samu-leste-de-minas","tag-samu-mantena","tag-samu-pecanha","tag-samu-santa-maria-do-suacui","tag-samu-sao-joao-evangelista","tag-samu-tarumirim","tag-samu-timoteo","tag-samu-vale-do-aco","tag-santa-maria-do-suacui","tag-sao-joao-evangelista","tag-servico-de-atendimento-movel-de-urgencia-regional-leste-vale-do-aco","tag-ses-mg","tag-tarumirim","tag-timoteo"],"_links":{"self":[{"href":"https:\/\/aconteceunovale.com.br\/portal\/index.php?rest_route=\/wp\/v2\/posts\/159571","targetHints":{"allow":["GET"]}}],"collection":[{"href":"https:\/\/aconteceunovale.com.br\/portal\/index.php?rest_route=\/wp\/v2\/posts"}],"about":[{"href":"https:\/\/aconteceunovale.com.br\/portal\/index.php?rest_route=\/wp\/v2\/types\/post"}],"author":[{"embeddable":true,"href":"https:\/\/aconteceunovale.com.br\/portal\/index.php?rest_route=\/wp\/v2\/users\/1"}],"replies":[{"embeddable":true,"href":"https:\/\/aconteceunovale.com.br\/portal\/index.php?rest_route=%2Fwp%2Fv2%2Fcomments&post=159571"}],"version-history":[{"count":1,"href":"https:\/\/aconteceunovale.com.br\/portal\/index.php?rest_route=\/wp\/v2\/posts\/159571\/revisions"}],"predecessor-version":[{"id":159573,"href":"https:\/\/aconteceunovale.com.br\/portal\/index.php?rest_route=\/wp\/v2\/posts\/159571\/revisions\/159573"}],"wp:featuredmedia":[{"embeddable":true,"href":"https:\/\/aconteceunovale.com.br\/portal\/index.php?rest_route=\/wp\/v2\/media\/159569"}],"wp:attachment":[{"href":"https:\/\/aconteceunovale.com.br\/portal\/index.php?rest_route=%2Fwp%2Fv2%2Fmedia&parent=159571"}],"wp:term":[{"taxonomy":"category","embeddable":true,"href":"https:\/\/aconteceunovale.com.br\/portal\/index.php?rest_route=%2Fwp%2Fv2%2Fcategories&post=159571"},{"taxonomy":"post_tag","embeddable":true,"href":"https:\/\/aconteceunovale.com.br\/portal\/index.php?rest_route=%2Fwp%2Fv2%2Ftags&post=159571"}],"curies":[{"name":"wp","href":"https:\/\/api.w.org\/{rel}","templated":true}]}}