{"id":159563,"date":"2020-03-11T10:10:46","date_gmt":"2020-03-11T13:10:46","guid":{"rendered":"http:\/\/aconteceunovale.com.br\/portal\/?p=159563"},"modified":"2020-03-11T10:14:23","modified_gmt":"2020-03-11T13:14:23","slug":"capelinha-esta-em-alerta-contra-o-novo-coronavirus","status":"publish","type":"post","link":"https:\/\/aconteceunovale.com.br\/portal\/?p=159563","title":{"rendered":"Capelinha est\u00e1 em alerta contra o novo coronav\u00edrus"},"content":{"rendered":"\n<p>A Prefeitura de Capelinha (MG) divulgou nota na manh\u00e3 desta quarta-feira (11\/03\/2020) para orientar a popula\u00e7\u00e3o sobre o novo coronav\u00edrus (COVID-19). Segundo a Administra\u00e7\u00e3o Municipal, moradores da cidade retornaram recentemente da Europa e j\u00e1 come\u00e7aram a aparecer boatos sobre suspeita de pessoas infectadas. <\/p>\n\n\n\n<p>\u201cNos \u00faltimos dias, moradores de Capelinha chegaram de viagem a\npa\u00edses da Europa, inclusive houve capelinhenses que estiveram na It\u00e1lia, pa\u00eds\ncom grande registro de casos de coronav\u00edrus. Devido a isso, a Secretaria de\nSa\u00fade de Capelinha montou uma equipe estrat\u00e9gica e especializada para lidar com\ncasos suspeitos, caso venham a ocorrer.\u201d, informou a Prefeitura.<\/p>\n\n\n\n<p>Segundo a secret\u00e1ria de Sa\u00fade de Capelinha, C\u00e9lia Pe\u00e7anha de\nOliveira, \u201cn\u00e3o h\u00e1 motivos para p\u00e2nico, a&nbsp;equipe de Sa\u00fade do nosso\nmunic\u00edpio est\u00e1 preparada e afinada com o protocolo a ser seguido em casos\nsuspeitos. Mas, vale ressaltar: ainda n\u00e3o h\u00e1 nenhum registro de casos suspeitos\nde coronav\u00edrus em Capelinha. Temos informa\u00e7\u00f5es sobre boatos nesse sentido, e\npedimos \u00e0 popula\u00e7\u00e3o que busque sempre a informa\u00e7\u00e3o oficial e n\u00e3o acredite em\nnot\u00edcias falsas. A sa\u00fade do munic\u00edpio est\u00e1 em alerta e trabalhando.\u201d,\nfinalizou.<\/p>\n\n\n\n<p>A Prefeitura tamb\u00e9m compartilhou uma cartilha do Governo de Minas com orienta\u00e7\u00f5es de preven\u00e7\u00e3o ao novo coronav\u00edrus. Confira:<\/p>\n\n\n\n<figure class=\"wp-block-image size-large\"><img decoding=\"async\" src=\"http:\/\/aconteceu.info\/pub\/corona_cap_1.jpg\" alt=\"\"\/><\/figure>\n\n\n\n<figure class=\"wp-block-image size-large\"><img decoding=\"async\" src=\"http:\/\/aconteceu.info\/pub\/corona_cap_2.jpg\" alt=\"\"\/><\/figure>\n\n\n\n<figure class=\"wp-block-image size-large\"><img decoding=\"async\" src=\"http:\/\/aconteceu.info\/pub\/corona_cap_3.jpg\" alt=\"\"\/><\/figure>\n\n\n\n<p class=\"has-text-color has-background has-very-light-gray-color has-very-dark-gray-background-color\">Quer saber as not\u00edcias do <strong>Aconteceu no Vale<\/strong> em primeira m\u00e3o? Siga-nos no Facebook <a rel=\"noreferrer noopener\" href=\"http:\/\/facebook.com\/aconteceunovale\" target=\"_blank\">@aconteceunovale<\/a>, Twitter <a rel=\"noreferrer noopener\" href=\"https:\/\/twitter.com\/noticiadosvales\" target=\"_blank\">@noticiadosvales<\/a> e Instagram <a rel=\"noreferrer noopener\" href=\"https:\/\/www.instagram.com\/aconteceunovale\" target=\"_blank\">@aconteceunovale<\/a>.<\/p>\n","protected":false},"excerpt":{"rendered":"<p>A Prefeitura de Capelinha (MG) divulgou nota na manh\u00e3 desta quarta-feira (11\/03\/2020) para orientar a popula\u00e7\u00e3o sobre o novo coronav\u00edrus (COVID-19). Segundo a Administra\u00e7\u00e3o Municipal, moradores da cidade retornaram recentemente da Europa e j\u00e1 come\u00e7aram a aparecer boatos sobre suspeita de pessoas infectadas. \u201cNos \u00faltimos dias, moradores de Capelinha chegaram de viagem a pa\u00edses da [&hellip;]<\/p>\n","protected":false},"author":1,"featured_media":159378,"comment_status":"open","ping_status":"closed","sticky":false,"template":"","format":"standard","meta":{"amp_status":"","footnotes":""},"categories":[40242,120],"tags":[217297,752,217285,24358,194,1017,217036,217370,215670,132,217641,217369,215651,215649,217543,217229,217643,217493,188052,217300,30594,216496,34856,217301,217299,214884,217035,217642,214886,215396,215652,217542,217228,217033,216497,216984,215716,215394,216498,217298,1018,216985,204275,23046,214882,217360,217302,185976,34858,217034,215650,215648,34259,210,217227,215654,215653,214885,217032,23476,215791,217289,65998,217296,27380,217224,217368,215655,217226,217225,217223,214883,214887,185806],"class_list":["post-159563","post","type-post","status-publish","format-standard","has-post-thumbnail","hentry","category-saude-2","category-jequi","tag-alcool-gel-e-eficaz-na-prevencao-ao-coronavirus","tag-almg","tag-arquidioceses-e-dioceses-recomendam-evitar-contato-em-missas-para-prevenir-coronavirus","tag-assembleia-legislativa-de-minas-gerais","tag-belo-horizonte","tag-bh","tag-brasil-confirma-primeiro-caso-de-coronavirus","tag-brasil-confirma-segundo-caso-de-coronavirus","tag-brasil-tem-nove-casos-suspeitos-de-coronavirus","tag-capelinha","tag-capelinha-esta-em-alerta-contra-o-novo-coronavirus","tag-caso-confirmado-de-coronavirus-no-brasil","tag-caso-de-coronavirus-em-belo-horizonte","tag-caso-de-coronavirus-em-bh","tag-caso-de-coronavirus-em-minas-gerais","tag-caso-de-coronavirus-em-montes-claros","tag-caso-suspeito-de-coronavirus-em-capelinha","tag-casos-confirmados-do-novo-coronavirus-sobem-para-19-no-brasil","tag-celia-pecanha-de-oliveira","tag-cfq","tag-china","tag-china-tem-1-770-mortes-por-coronavirus","tag-codigo-de-defesa-do-consumidor","tag-combate-fake-news-coronavirus","tag-conselho-federal-de-quimica","tag-coronavirus","tag-coronavirus-balanca-economia-mundial","tag-coronavirus-capelinha","tag-coronavirus-china","tag-coronavirus-em-belo-horizonte","tag-coronavirus-em-bh","tag-coronavirus-em-minas-gerais","tag-coronavirus-em-montes-claros","tag-coronavirus-hospital-israelita-albert-einstein","tag-coronavirus-ja-matou-1-770-pessoas-na-china","tag-coronavirus-ja-matou-mais-de-2-600-pessoas-na-china","tag-coronavirus-ja-matou-mais-de-200-pessoas-na-china","tag-coronavirus-no-brasil","tag-covid-19","tag-desmentindo-fake-news-coronavirus","tag-destaque","tag-diamond-princess","tag-henrique-mandetta","tag-hospital-israelita-albert-einstein","tag-infectados-com-novo-virus-na-china","tag-ipatinga-monitora-dois-casos-suspeitos-de-coronavirus","tag-jose-de-ribamar-oliveira-filho","tag-luiz-henrique-mandetta","tag-marcelo-barbosa","tag-ministerio-da-saude-monitora-caso-suspeito-de-coronavirus","tag-ministerio-da-saude-monitora-caso-suspeito-de-coronavirus-em-belo-horizonte","tag-ministerio-da-saude-monitora-caso-suspeito-de-coronavirus-em-bh","tag-ministro-da-saude","tag-montes-claros","tag-montes-claros-monitora-caso-suspeito-do-novo-coronavirus","tag-ncov-2019","tag-novo-coronavirus","tag-novo-virus-na-china","tag-numero-de-mortes-causadas-pelo-coronavirus-chega-a-2-715-na-china","tag-oms","tag-organizacao-mundial-da-saude-confirma-11-953-casos-de-coronavirus","tag-organizacao-mundial-da-saude-eleva-grau-de-risco-de-disseminacao-do-coronavirus-para-muito-alto","tag-prefeitura-de-capelinha","tag-prevencao-ao-coronavirus","tag-procon-da-almg","tag-procon-da-almg-coronavirus","tag-segundo-caso-de-coronavirus-no-brasil","tag-sintomas-do-coronavirus","tag-viagem-cancelada-coronavirus","tag-viagem-cancelada-por-causa-do-coronavirus","tag-viagem-cancelada-por-causa-do-coronavirus-nao-pode-ter-multa","tag-virus-da-china","tag-virus-de-origem-chinesa-pode-ter-infectado-mais-de-mil-de-pessoas","tag-wuhan"],"_links":{"self":[{"href":"https:\/\/aconteceunovale.com.br\/portal\/index.php?rest_route=\/wp\/v2\/posts\/159563","targetHints":{"allow":["GET"]}}],"collection":[{"href":"https:\/\/aconteceunovale.com.br\/portal\/index.php?rest_route=\/wp\/v2\/posts"}],"about":[{"href":"https:\/\/aconteceunovale.com.br\/portal\/index.php?rest_route=\/wp\/v2\/types\/post"}],"author":[{"embeddable":true,"href":"https:\/\/aconteceunovale.com.br\/portal\/index.php?rest_route=\/wp\/v2\/users\/1"}],"replies":[{"embeddable":true,"href":"https:\/\/aconteceunovale.com.br\/portal\/index.php?rest_route=%2Fwp%2Fv2%2Fcomments&post=159563"}],"version-history":[{"count":1,"href":"https:\/\/aconteceunovale.com.br\/portal\/index.php?rest_route=\/wp\/v2\/posts\/159563\/revisions"}],"predecessor-version":[{"id":159564,"href":"https:\/\/aconteceunovale.com.br\/portal\/index.php?rest_route=\/wp\/v2\/posts\/159563\/revisions\/159564"}],"wp:featuredmedia":[{"embeddable":true,"href":"https:\/\/aconteceunovale.com.br\/portal\/index.php?rest_route=\/wp\/v2\/media\/159378"}],"wp:attachment":[{"href":"https:\/\/aconteceunovale.com.br\/portal\/index.php?rest_route=%2Fwp%2Fv2%2Fmedia&parent=159563"}],"wp:term":[{"taxonomy":"category","embeddable":true,"href":"https:\/\/aconteceunovale.com.br\/portal\/index.php?rest_route=%2Fwp%2Fv2%2Fcategories&post=159563"},{"taxonomy":"post_tag","embeddable":true,"href":"https:\/\/aconteceunovale.com.br\/portal\/index.php?rest_route=%2Fwp%2Fv2%2Ftags&post=159563"}],"curies":[{"name":"wp","href":"https:\/\/api.w.org\/{rel}","templated":true}]}}