{"id":159559,"date":"2020-03-10T22:10:38","date_gmt":"2020-03-11T01:10:38","guid":{"rendered":"http:\/\/aconteceunovale.com.br\/portal\/?p=159559"},"modified":"2020-03-10T22:11:29","modified_gmt":"2020-03-11T01:11:29","slug":"omissao-do-incra-afeta-quilombolas-do-jequitinhonha-diz-almg","status":"publish","type":"post","link":"https:\/\/aconteceunovale.com.br\/portal\/?p=159559","title":{"rendered":"Omiss\u00e3o do Incra afeta quilombolas do Jequitinhonha, diz ALMG"},"content":{"rendered":"\n<p>Muitas&nbsp;cr\u00edticas \u00e0 postura do Instituto Nacional de Coloniza\u00e7\u00e3o e Reforma Agr\u00e1ria (Incra)&nbsp;foram reiteradas em diversos dos depoimentos feitos \u00e0 Comiss\u00e3o de Direitos Humanos da Assembleia Legislativa de Minas Gerais (ALMG), nesta ter\u00e7a-feira (10\/3\/2020), durante audi\u00eancia que debateu a viola\u00e7\u00e3o de direitos humanos de comunidades quilombolas localizadas no Vale do Jequitinhonha.<\/p>\n\n\n\n<p>Requerida pela presidenta da comiss\u00e3o, deputada Leninha (PT), a reuni\u00e3o&nbsp;debateu a situa\u00e7\u00e3o das comunidades Biquinha, \u00c1gua Limpa, Campinhos e Capim Puba, na Fazenda Cap\u00e3o de Liz\u00e1rio, em Virgem da Lapa, amea\u00e7adas pela a\u00e7\u00e3o de reintegra\u00e7\u00e3o de posse&nbsp;movida pela madereira Monte Fresnos Reflorestamento e Explora\u00e7\u00e3o.<\/p>\n\n\n\n<p>As opini\u00f5es negativas em rela\u00e7\u00e3o ao instituto questionaram o descaso do \u00f3rg\u00e3o no que tange \u00e0 regulariza\u00e7\u00e3o fundi\u00e1ria dessas \u00e1reas. Para exemplificar, relatou-se o caso das comunidades de Biquinha e \u00c1gua Limpa, que estariam na mesma \u00e1rea h\u00e1 aproximadamente 150 anos.<\/p>\n\n\n\n<p>A certid\u00e3o de autodefini\u00e7\u00e3o dessas \u00e1reas como remanescentes de quilombo foi concedida e publicada no Di\u00e1rio Oficial h\u00e1 13 anos, mas at\u00e9 hoje n\u00e3o est\u00e1 regularizada pelo Incra.<\/p>\n\n\n\n<figure class=\"wp-block-gallery columns-1 is-cropped wp-block-gallery-1 is-layout-flex wp-block-gallery-is-layout-flex\"><ul class=\"blocks-gallery-grid\"><li class=\"blocks-gallery-item\"><figure><img loading=\"lazy\" decoding=\"async\" width=\"640\" height=\"427\" src=\"http:\/\/aconteceunovale.com.br\/portal\/wp-content\/uploads\/2020\/03\/reuniao_almg.jpg\" alt=\"\" data-id=\"159560\" data-full-url=\"http:\/\/aconteceunovale.com.br\/portal\/wp-content\/uploads\/2020\/03\/reuniao_almg.jpg\" data-link=\"http:\/\/aconteceunovale.com.br\/portal\/?attachment_id=159560\" class=\"wp-image-159560\" srcset=\"https:\/\/aconteceunovale.com.br\/portal\/wp-content\/uploads\/2020\/03\/reuniao_almg.jpg 640w, https:\/\/aconteceunovale.com.br\/portal\/wp-content\/uploads\/2020\/03\/reuniao_almg-300x200.jpg 300w, https:\/\/aconteceunovale.com.br\/portal\/wp-content\/uploads\/2020\/03\/reuniao_almg-630x420.jpg 630w\" sizes=\"auto, (max-width: 640px) 100vw, 640px\" \/><figcaption class=\"blocks-gallery-item__caption\"><em>Foto: Daniel Protzner \/ ALMG<\/em><\/figcaption><\/figure><\/li><\/ul><\/figure>\n\n\n\n<p><strong>Documento ilegal X certifica\u00e7\u00e3o atrasada<\/strong><\/p>\n\n\n\n<p>Houve tamb\u00e9m den\u00fancias de que a Monte Fresnos nem sequer possui documentos leg\u00edtimos que comprovem sua propriedade sobre a \u00e1rea que reivindica. \u201c\u00c9 necess\u00e1ria uma s\u00e9ria investiga\u00e7\u00e3o sobre os documentos de origem duvidosa. Esses cidad\u00e3os est\u00e3o sendo amea\u00e7ados de ser expulsos de suas terras com a coniv\u00eancia dos cart\u00f3rios e do poder p\u00fablico\u201d, criticou o advogado das comunidades quilombolas do Estado, \u00c9lcio Pacheco.<\/p>\n\n\n\n<p>Palavras endossadas nas falas do l\u00edder quilombola, Jos\u00e9 Mauro Gon\u00e7alves Pereira, e do defensor p\u00fablico regional de Direitos Humanos, da Defensoria P\u00fablica da Uni\u00e3o em Te\u00f3filo Otoni, Jo\u00e3o M\u00e1rcio Sim\u00f5es, que tamb\u00e9m ressaltou sua insatisfa\u00e7\u00e3o em rela\u00e7\u00e3o ao Incra.<\/p>\n\n\n\n<p>Vis\u00e3o corroborada pelo presidente da Federa\u00e7\u00e3o das Comunidades de Quilombos de Minas Gerais, Jesus Ros\u00e1rio Ara\u00fajo, e pelo procurador regional dos Direitos do Cidad\u00e3o, da Procuradoria da Rep\u00fablica no Estado, Helder Magno da Silva.<\/p>\n\n\n\n<p>A aus\u00eancia de representantes do Incra \u00e0 audi\u00eancia foi lamentada pela presidenta da comiss\u00e3o. \u201cN\u00f3s os convidamos para essa audi\u00eancia. Seria muito importante ter um representante do Instituto aqui para conhecer melhor a realidade dessas comunidades e nos dar um posicionamento\u201d, ponderou a deputada Leninha. Ela tamb\u00e9m elogiou a atua\u00e7\u00e3o do Minist\u00e9rio P\u00fablico no caso.<\/p>\n\n\n\n<p>Elogios ao MP e cr\u00edticas \u00e0 omiss\u00e3o e ao desmonte do Incra ainda foram feitos pelos deputados Doutor Jean Freire e Andr\u00e9 Quint\u00e3o (ambos do PT). Os dois, assim como a deputada Andr\u00e9ia de Jesus (Psol) e a presidenta da comiss\u00e3o colocaram os mandatos \u00e0 disposi\u00e7\u00e3o da luta dos quilombolas.<\/p>\n\n\n\n<p>Apoio manifestado tamb\u00e9m por Marcelo de Andrade Vilarino, antrop\u00f3logo e assessor da Coordenadoria de Inclus\u00e3o Mobiliza\u00e7\u00e3o Sociais do Minist\u00e9rio P\u00fablico Estadual (Cimos), e J\u00fania Roman Carvalho, defensora especializada em direitos humanos, coletivos e socioambientais da Defensoria P\u00fablica mineira.<\/p>\n\n\n\n<p>J\u00e1 o representante da Mesa de Di\u00e1logo e Negocia\u00e7\u00e3o Permanente da Secretaria de Estado de Desenvolvimento Social (Sedese), Juliano D\u2019Angelo, disse \u201cestar aberto ao di\u00e1logo para que busquem juntos a melhor solu\u00e7\u00e3o\u201d.<\/p>\n\n\n\n<p>Os parlamentares presentes \u00e0 reuni\u00e3o, assim como o antrop\u00f3logo Marcelo Andrade e o prefeito de Virgem da Lapa, Di\u00f3genes Limo da Silva (PSDB), aproveitaram, ainda, para lamentar os malef\u00edcios causados pela monocultura do eucalipto \u2013 desenvolvida pela Monte Fresnos na regi\u00e3o, que, nas palavras do prefeito \u201cmata a terra\u201d.<\/p>\n\n\n\n<p>Di\u00f3genes Limo manifestou o apoio incondicional da prefeitura \u00e0 perman\u00eancia das comunidades quilombolas nos territ\u00f3rios reivindicados pela madeireira.<\/p>\n\n\n\n<p>O defensor M\u00e1rcio Sim\u00f5es ainda informou que, por ora, n\u00e3o h\u00e1 indicativo de que ser\u00e1 cumprido o mandato de reintegra\u00e7\u00e3o nesta quarta (12). Segundo ele, a Pol\u00edcia Militar se comprometeu a informar o MP sobre qualquer a\u00e7\u00e3o relacionada ao caso.<\/p>\n\n\n\n<p><strong>Testemunhos e requerimentos \u2013<\/strong>&nbsp;Ainda houve diversos depoimentos e testemunhos de membros das comunidades, como a l\u00edder quilombola Valdeci S. Pereira Carvalho e Jos\u00e9 Dias Carvalho, do Sindicato dos Trabalhadores Rurais, entre outros; e de representantes do mandato do deputado federal Padre Jo\u00e3o (PT) e da Lideran\u00e7a da Minoria na ALMG.<\/p>\n\n\n\n<p>Tamb\u00e9m foram aprovados requerimentos, destinados a v\u00e1rios \u00f3rg\u00e3os p\u00fablicos, inclusive na esfera federal, solicitando provid\u00eancias, investiga\u00e7\u00e3o de den\u00fancias, informa\u00e7\u00f5es, entre outras a\u00e7\u00f5es.<\/p>\n\n\n\n<p class=\"has-text-color has-background has-very-light-gray-color has-very-dark-gray-background-color\">Quer saber as not\u00edcias do <strong>Aconteceu no Vale<\/strong> em primeira m\u00e3o? Siga-nos no Facebook <a rel=\"noreferrer noopener\" href=\"http:\/\/facebook.com\/aconteceunovale\" target=\"_blank\">@aconteceunovale<\/a>, Twitter <a rel=\"noreferrer noopener\" href=\"https:\/\/twitter.com\/noticiadosvales\" target=\"_blank\">@noticiadosvales<\/a> e Instagram <a rel=\"noreferrer noopener\" href=\"https:\/\/www.instagram.com\/aconteceunovale\" target=\"_blank\">@aconteceunovale<\/a>.<\/p>\n","protected":false},"excerpt":{"rendered":"<p>Muitas&nbsp;cr\u00edticas \u00e0 postura do Instituto Nacional de Coloniza\u00e7\u00e3o e Reforma Agr\u00e1ria (Incra)&nbsp;foram reiteradas em diversos dos depoimentos feitos \u00e0 Comiss\u00e3o de Direitos Humanos da Assembleia Legislativa de Minas Gerais (ALMG), nesta ter\u00e7a-feira (10\/3\/2020), durante audi\u00eancia que debateu a viola\u00e7\u00e3o de direitos humanos de comunidades quilombolas localizadas no Vale do Jequitinhonha. Requerida pela presidenta da comiss\u00e3o, [&hellip;]<\/p>\n","protected":false},"author":1,"featured_media":159560,"comment_status":"open","ping_status":"closed","sticky":false,"template":"","format":"standard","meta":{"amp_status":"","footnotes":""},"categories":[40240,120],"tags":[217632,752,14216,201237,217631,111966,111967,208893,1018,217640,38308,217634,217637,14321,35853,217638,217636,217635,217639,217633,217630,45374,217629,217628,164,482],"class_list":["post-159559","post","type-post","status-publish","format-standard","has-post-thumbnail","hentry","category-politica-2","category-jequi","tag-agua-limpa","tag-almg","tag-andre-quintao","tag-andreia-de-jesus","tag-biquinha","tag-campinhos","tag-capim-puba","tag-deputada-leninha","tag-destaque","tag-diogenes-limo-da-silva","tag-doutor-jean-freire","tag-fazenda-capao-de-lizario","tag-federacao-das-comunidades-de-quilombos-de-minas-gerais","tag-incra","tag-instituto-nacional-de-colonizacao-e-reforma-agraria","tag-jesus-rosario-araujo","tag-joao-marcio-simoes","tag-jose-mauro-goncalves-pereira","tag-marcelo-de-andrade-vilarino","tag-monte-fresnos","tag-omissao-do-incra-afeta-quilombolas-do-jequitinhonha","tag-prefeito-de-virgem-da-lapa","tag-quilombolas-do-jequitinhonha","tag-quilombolas-do-vale-do-jequitinhonha","tag-teofilo-otoni","tag-virgem-da-lapa"],"_links":{"self":[{"href":"https:\/\/aconteceunovale.com.br\/portal\/index.php?rest_route=\/wp\/v2\/posts\/159559","targetHints":{"allow":["GET"]}}],"collection":[{"href":"https:\/\/aconteceunovale.com.br\/portal\/index.php?rest_route=\/wp\/v2\/posts"}],"about":[{"href":"https:\/\/aconteceunovale.com.br\/portal\/index.php?rest_route=\/wp\/v2\/types\/post"}],"author":[{"embeddable":true,"href":"https:\/\/aconteceunovale.com.br\/portal\/index.php?rest_route=\/wp\/v2\/users\/1"}],"replies":[{"embeddable":true,"href":"https:\/\/aconteceunovale.com.br\/portal\/index.php?rest_route=%2Fwp%2Fv2%2Fcomments&post=159559"}],"version-history":[{"count":2,"href":"https:\/\/aconteceunovale.com.br\/portal\/index.php?rest_route=\/wp\/v2\/posts\/159559\/revisions"}],"predecessor-version":[{"id":159562,"href":"https:\/\/aconteceunovale.com.br\/portal\/index.php?rest_route=\/wp\/v2\/posts\/159559\/revisions\/159562"}],"wp:featuredmedia":[{"embeddable":true,"href":"https:\/\/aconteceunovale.com.br\/portal\/index.php?rest_route=\/wp\/v2\/media\/159560"}],"wp:attachment":[{"href":"https:\/\/aconteceunovale.com.br\/portal\/index.php?rest_route=%2Fwp%2Fv2%2Fmedia&parent=159559"}],"wp:term":[{"taxonomy":"category","embeddable":true,"href":"https:\/\/aconteceunovale.com.br\/portal\/index.php?rest_route=%2Fwp%2Fv2%2Fcategories&post=159559"},{"taxonomy":"post_tag","embeddable":true,"href":"https:\/\/aconteceunovale.com.br\/portal\/index.php?rest_route=%2Fwp%2Fv2%2Ftags&post=159559"}],"curies":[{"name":"wp","href":"https:\/\/api.w.org\/{rel}","templated":true}]}}