{"id":159555,"date":"2020-03-10T17:26:08","date_gmt":"2020-03-10T20:26:08","guid":{"rendered":"http:\/\/aconteceunovale.com.br\/portal\/?p=159555"},"modified":"2020-03-10T17:27:57","modified_gmt":"2020-03-10T20:27:57","slug":"transexual-abracada-por-drauzio-varella-foi-condenada-por-estupro-e-morte-de-crianca","status":"publish","type":"post","link":"https:\/\/aconteceunovale.com.br\/portal\/?p=159555","title":{"rendered":"Transexual abra\u00e7ada por Drauzio Varella foi condenada por estupro e morte de crian\u00e7a"},"content":{"rendered":"\n<p>Suzy Oliveira,&nbsp;detenta transexual abra\u00e7ada pelo m\u00e9dico Drauzio Varella na&nbsp;edi\u00e7\u00e3o de 1\u00ba de mar\u00e7o do Fant\u00e1stico, da TV Globo, cumpre pena em Guarulhos (SP) por estuprar e matar uma crian\u00e7a com menos de 14 anos usando meio cruel e recurso que impossibilite a defesa da v\u00edtima, segundo informou a Secretaria de Administra\u00e7\u00e3o Penitenci\u00e1ria de S\u00e3o Paulo (SAP).<\/p>\n\n\n\n<p>A secretaria n\u00e3o divulga o nome de registro da detenta, mas indica os artigos do C\u00f3digo Penal que levaram \u00e0 condena\u00e7\u00e3o. A&nbsp;reportagem mostrava a situa\u00e7\u00e3o de pessoas transexuais&nbsp;no sistema penitenci\u00e1rio, e Suzy foi uma das entrevistadas.<\/p>\n\n\n\n<p>&#8220;H\u00e1 quanto tempo voc\u00ea est\u00e1 sem receber nenhuma visita na cadeia?&#8221;, pergunta Drauzio, que conduziu a reportagem e \u00e9 volunt\u00e1rio no sistema penitenci\u00e1rio desde 1989. &#8220;Oito anos, sete anos&#8221;, responde a detenta. Ele diz: &#8220;Solid\u00e3o, n\u00e9, minha filha&#8221;, e d\u00e1 um abra\u00e7o na entrevistada.<\/p>\n\n\n\n<p>A cena provocou uma mobiliza\u00e7\u00e3o de internautas para que Suzy recebesse cartas, num movimento incentivado inclusive pelo governo paulista, que divulgou o endere\u00e7o da unidade em que ela est\u00e1, a Penitenci\u00e1ria Jos\u00e9 Parada Neto. A partir da\u00ed ela recebeu centenas delas, livros, B\u00edblias, chocolate e maquiagens, entre outras coisas.<\/p>\n\n\n\n<figure class=\"wp-block-gallery columns-1 is-cropped wp-block-gallery-1 is-layout-flex wp-block-gallery-is-layout-flex\"><ul class=\"blocks-gallery-grid\"><li class=\"blocks-gallery-item\"><figure><img loading=\"lazy\" decoding=\"async\" width=\"620\" height=\"450\" src=\"http:\/\/aconteceunovale.com.br\/portal\/wp-content\/uploads\/2020\/03\/suzy_abraco.jpg\" alt=\"\" data-id=\"159556\" data-full-url=\"http:\/\/aconteceunovale.com.br\/portal\/wp-content\/uploads\/2020\/03\/suzy_abraco.jpg\" data-link=\"http:\/\/aconteceunovale.com.br\/portal\/?attachment_id=159556\" class=\"wp-image-159556\" srcset=\"https:\/\/aconteceunovale.com.br\/portal\/wp-content\/uploads\/2020\/03\/suzy_abraco.jpg 620w, https:\/\/aconteceunovale.com.br\/portal\/wp-content\/uploads\/2020\/03\/suzy_abraco-300x218.jpg 300w, https:\/\/aconteceunovale.com.br\/portal\/wp-content\/uploads\/2020\/03\/suzy_abraco-324x235.jpg 324w, https:\/\/aconteceunovale.com.br\/portal\/wp-content\/uploads\/2020\/03\/suzy_abraco-579x420.jpg 579w\" sizes=\"auto, (max-width: 620px) 100vw, 620px\" \/><figcaption class=\"blocks-gallery-item__caption\"><em>M\u00e9dico Drauzio Varella abra\u00e7a a detenta Suzy Oliveira &#8211; Imagem: Reprodu\u00e7\u00e3o\/Fant\u00e1stico\/Globo<\/em><\/figcaption><\/figure><\/li><\/ul><\/figure>\n\n\n\n<p>A produ\u00e7\u00e3o n\u00e3o informava, entretanto, por qual motivo as entrevistadas haviam sido condenadas, o que provocou especula\u00e7\u00f5es ao longo dos dias seguintes dada a extens\u00e3o de sua pena e o fato de ela n\u00e3o poder progredir para regime semiaberto.<\/p>\n\n\n\n<p>Neste fim de semana, quando sites e contas em redes sociais passaram a divulgar o motivo da condena\u00e7\u00e3o, depois confirmado pela SAP,&nbsp;o m\u00e9dico e a emissora se tornaram alvos de cr\u00edticas e ataques nas redes sociais, capitaneados por personalidades conservadoras e bolsonaristas, mas disseminados tamb\u00e9m em outros grupos.<\/p>\n\n\n\n<p>Uma das filhas do m\u00e9dico disse em rede social que passou a receber amea\u00e7as f\u00edsicas, que ser\u00e3o denunciadas.<\/p>\n\n\n\n<p>No fim da tarde desta segunda, o presidente Jair Bolsonaro (sem partido) se manifestou sobre o caso, declarando que &#8220;enquanto a Globo tratava um criminoso como v\u00edtima, omitia os crimes por ele praticados&#8221;. O presidente enalteceu &#8220;a internet livre&#8221; por disseminar a raz\u00e3o do crime e lamentou o veto \u00e0 pris\u00e3o perp\u00e9tua na Constitui\u00e7\u00e3o<\/p>\n\n\n\n<p>Mais cedo, o ministro da Educa\u00e7\u00e3o, Abraham Weintraub, chamara a TV globo de &#8220;lixo&#8221; &#8220;a servi\u00e7o do mal&#8221;, e o procurador da Rep\u00fablica Ailton Benedito escrevera que &#8220;est\u00e1 claro que um dos objetivos da &#8216;reportagem&#8217; era ocultar a verdade sobre os crimes das transexuais, para obter apoio da sociedade enganada para a causa pol\u00edtico-ideol\u00f3gica da Globo&#8221;.<\/p>\n\n\n\n<p>Houve rea\u00e7\u00f5es do lado da esquerda, como da deputada federal S\u00e2mia Bomfim (PSOL-SP), que afirmou que a condena\u00e7\u00e3o ao abra\u00e7o de Drauzio veio de pessoas quem votaram em &#8220;um homem que elogia torturadores&#8221;.<\/p>\n\n\n\n<p>A maior parte das cr\u00edticas, no entanto, n\u00e3o ocorreu pelo abra\u00e7o dado pelo m\u00e9dico, mas pela omiss\u00e3o na reportagem do crime que levou \u00e0 condena\u00e7\u00e3o, o que teria gerado simpatia pela personagem e levado centenas de pessoas a enviarem cartas af\u00e1veis a ela.<\/p>\n\n\n\n<p>No fim do domingo (8), Drauzio publicou nota em suas redes sociais em que disse que n\u00e3o perguntou os crimes cometidos pelas entrevistadas e afirmou ser m\u00e9dico, n\u00e3o juiz.<\/p>\n\n\n\n<p>&#8220;H\u00e1 mais de 30 anos, frequento pres\u00eddios, onde trato da sa\u00fade de detentos e detentas. Em todos os lugares em que pratico a medicina, seja no meu consult\u00f3rio ou nas penitenci\u00e1rias, n\u00e3o pergunto sobre o que meus pacientes possam ter feito de errado. Sigo essa conduta para que meu julgamento pessoal n\u00e3o me impe\u00e7a de cumprir o juramento que fiz ao me tornar m\u00e9dico. No meu trabalho na televis\u00e3o, sigo os mesmos princ\u00edpios. No caso da reportagem veiculada pelo Fant\u00e1stico na semana passada (1\u00ba\/3), n\u00e3o perguntei nada a respeito dos delitos cometidos pelas entrevistas. Sou m\u00e9dico, n\u00e3o juiz.&#8221;<\/p>\n\n\n\n<p>Na mesma noite, o &#8220;Fant\u00e1stico&#8221; voltou ao tema em nota lida pelos apresentadores na qual responde que n\u00e3o informou o motivo que levou as detentas \u00e0 pris\u00e3o porque &#8220;este n\u00e3o era o objetivo da reportagem&#8221;. A produ\u00e7\u00e3o abordava as condi\u00e7\u00f5es de vida das detentas, mas n\u00e3o questionava o sistema judicial nem advogava contra as raz\u00f5es da pris\u00e3o.<\/p>\n\n\n\n<p>O texto institucional afirma, tamb\u00e9m, que o &#8220;Fant\u00e1stico&#8221; apoia integralmente a nota de Drauzio.<\/p>\n\n\n\n<p>A pr\u00f3pria Suzy, por meio de sua advogada, divulgou uma carta na qual apresenta-se tamb\u00e9m pelo nome Rafael Tadeu e diz n\u00e3o ter sido indagada sobre o motivo de sua condena\u00e7\u00e3o. &#8220;Eu sei que errei e muito. Em nenhum momento tentei passar como inocente e desde aquele dia me arrependi verdadeiramente, e hoje estou aqui pagando por tudo que cometi.&#8221;<\/p>\n\n\n\n<p>Drauzio\u00a0afirmou que n\u00e3o vai se pronunciar sobre o caso al\u00e9m do que j\u00e1 declarou na nota.<\/p>\n\n\n\n<p class=\"has-text-color has-background has-very-light-gray-color has-very-dark-gray-background-color\">Quer saber as not\u00edcias do <strong>Aconteceu no Vale<\/strong> em primeira m\u00e3o? Siga-nos no Facebook <a rel=\"noreferrer noopener\" href=\"http:\/\/facebook.com\/aconteceunovale\" target=\"_blank\">@aconteceunovale<\/a>, Twitter <a rel=\"noreferrer noopener\" href=\"https:\/\/twitter.com\/noticiadosvales\" target=\"_blank\">@noticiadosvales<\/a> e Instagram <a rel=\"noreferrer noopener\" href=\"https:\/\/www.instagram.com\/aconteceunovale\" target=\"_blank\">@aconteceunovale<\/a>.<\/p>\n","protected":false},"excerpt":{"rendered":"<p>Suzy Oliveira,&nbsp;detenta transexual abra\u00e7ada pelo m\u00e9dico Drauzio Varella na&nbsp;edi\u00e7\u00e3o de 1\u00ba de mar\u00e7o do Fant\u00e1stico, da TV Globo, cumpre pena em Guarulhos (SP) por estuprar e matar uma crian\u00e7a com menos de 14 anos usando meio cruel e recurso que impossibilite a defesa da v\u00edtima, segundo informou a Secretaria de Administra\u00e7\u00e3o Penitenci\u00e1ria de S\u00e3o Paulo [&hellip;]<\/p>\n","protected":false},"author":1,"featured_media":159556,"comment_status":"open","ping_status":"closed","sticky":false,"template":"","format":"standard","meta":{"amp_status":"","footnotes":""},"categories":[6],"tags":[217621,217624,217617,217622,217623,217618,217620,217619,217625,217627,217626],"class_list":["post-159555","post","type-post","status-publish","format-standard","has-post-thumbnail","hentry","category-br","tag-abraco-de-drauzio-varella-em-suzy-oliveira","tag-condenacao-de-suzy-oliveira","tag-medico-drauzio-varella-abraca-a-detenta-suzy-oliveira","tag-quem-e-suzy-oliveira","tag-repercussao-caso-suzy-oliveira","tag-suzy-oliveira","tag-suzy-oliveira-abraco","tag-suzy-oliveira-drauzio-varella","tag-suzy-oliveira-estupro-de-crianca","tag-suzy-oliveira-morte-de-crianca","tag-transexual-abracada-por-drauzio-varella-foi-condenada-por-estupro-e-morte-de-crianca"],"_links":{"self":[{"href":"https:\/\/aconteceunovale.com.br\/portal\/index.php?rest_route=\/wp\/v2\/posts\/159555","targetHints":{"allow":["GET"]}}],"collection":[{"href":"https:\/\/aconteceunovale.com.br\/portal\/index.php?rest_route=\/wp\/v2\/posts"}],"about":[{"href":"https:\/\/aconteceunovale.com.br\/portal\/index.php?rest_route=\/wp\/v2\/types\/post"}],"author":[{"embeddable":true,"href":"https:\/\/aconteceunovale.com.br\/portal\/index.php?rest_route=\/wp\/v2\/users\/1"}],"replies":[{"embeddable":true,"href":"https:\/\/aconteceunovale.com.br\/portal\/index.php?rest_route=%2Fwp%2Fv2%2Fcomments&post=159555"}],"version-history":[{"count":1,"href":"https:\/\/aconteceunovale.com.br\/portal\/index.php?rest_route=\/wp\/v2\/posts\/159555\/revisions"}],"predecessor-version":[{"id":159557,"href":"https:\/\/aconteceunovale.com.br\/portal\/index.php?rest_route=\/wp\/v2\/posts\/159555\/revisions\/159557"}],"wp:featuredmedia":[{"embeddable":true,"href":"https:\/\/aconteceunovale.com.br\/portal\/index.php?rest_route=\/wp\/v2\/media\/159556"}],"wp:attachment":[{"href":"https:\/\/aconteceunovale.com.br\/portal\/index.php?rest_route=%2Fwp%2Fv2%2Fmedia&parent=159555"}],"wp:term":[{"taxonomy":"category","embeddable":true,"href":"https:\/\/aconteceunovale.com.br\/portal\/index.php?rest_route=%2Fwp%2Fv2%2Fcategories&post=159555"},{"taxonomy":"post_tag","embeddable":true,"href":"https:\/\/aconteceunovale.com.br\/portal\/index.php?rest_route=%2Fwp%2Fv2%2Ftags&post=159555"}],"curies":[{"name":"wp","href":"https:\/\/api.w.org\/{rel}","templated":true}]}}