{"id":159544,"date":"2020-03-09T21:30:49","date_gmt":"2020-03-10T00:30:49","guid":{"rendered":"http:\/\/aconteceunovale.com.br\/portal\/?p=159544"},"modified":"2020-03-09T21:31:58","modified_gmt":"2020-03-10T00:31:58","slug":"ifnmg-campus-almenara-inaugura-unidade-de-referencia-tecnologica-da-embrapa-e-laboratorio-de-campo","status":"publish","type":"post","link":"https:\/\/aconteceunovale.com.br\/portal\/?p=159544","title":{"rendered":"IFNMG-Campus Almenara inaugura Unidade de Refer\u00eancia Tecnol\u00f3gica da Embrapa e Laborat\u00f3rio de Campo"},"content":{"rendered":"\n<p>Nesta quarta-feira, 04\/03\/2020, o Instituto Federal do Norte de Minas Gerais (IFNMG) &#8211; Campus Almenara recebeu autoridades externas e estudantes e servidores para a cerim\u00f4nia de inaugura\u00e7\u00e3o de duas estruturas muito importantes para o incremento de suas atividades de ensino, pesquisa e extens\u00e3o e desenvolvimento das atividades produtivas da regi\u00e3o: a Unidade de Refer\u00eancia Tecnol\u00f3gica (URT) da Empresa Brasileira de Empresa Brasileira de Pesquisa Agropecu\u00e1ria (Embrapa) e o Laborat\u00f3rio de Campo.<\/p>\n\n\n\n<p><strong>URT da Embrapa<\/strong><\/p>\n\n\n\n<p>A URT da Embrapa que foi oficialmente inaugurada no Campus Almenara \u00e9 o resultado da articula\u00e7\u00e3o do IFNMG com a Embrapa Milho e Sorgo, de Sete Lagoas (MG), a Prefeitura Municipal de Almenara, a Ag\u00eancia Nacional de Assist\u00eancia T\u00e9cnica e Extens\u00e3o Rural (Anater), o Senar, a Emater-MG e a Nova Associa\u00e7\u00e3o dos Munic\u00edpios da Microrregi\u00e3o do Baixo Jequitinhonha (Nova Ambaj).<\/p>\n\n\n\n<p>Para o reitor do IFNMG, professor Jos\u00e9 Ricardo Martins da Silva, essa conflu\u00eancia de tantas institui\u00e7\u00f5es reflete a forma em que o Instituto vem procurando trabalhar sobretudo em momentos de dificuldades financeiras: com parceria, di\u00e1logo, respeito, valoriza\u00e7\u00e3o da cultura regional e envolvimento de institui\u00e7\u00f5es empenhadas em contribuir com o desenvolvimento local.<\/p>\n\n\n\n<p>E o IFNMG \u00e9 uma das primeiras institui\u00e7\u00f5es de ensino que conseguiu implantar a unidade da Embrapa, que fez uma parceria para lev\u00e1-la para outras institui\u00e7\u00f5es da Rede Federal e todo o pa\u00eds.<\/p>\n\n\n\n<p>Segundo o diretor-geral do Campus, professor Joan Br\u00e1lio Mendes Pereira Lima, trata-se de uma das unidades implantadas para produzir dados experimentais e testar variedades da Embrapa em regi\u00f5es espec\u00edficas. A URT do IFNMG &#8211; Campus Almenara \u201c\u00e9 uma \u00e1rea de campo que trabalha com forrageiras, mandioca e variedades de milho, sorgo, capim, cana\u2026 Essas variedades s\u00e3o testadas em ensaios experimentais\u201d, conta Joan Br\u00e1lio. Os pesquisadores e t\u00e9cnicos da Embrapa prestam todo o apoio e a assessoria necess\u00e1rios para a realiza\u00e7\u00e3o dos testes, mantendo rotinas de visitas \u00e0 URT.<\/p>\n\n\n\n<p>\u201cTestamos, por exemplo, variedades de milho, a resposta delas \u00e0 irriga\u00e7\u00e3o, \u00e0 aduba\u00e7\u00e3o e, assim, conseguimos passar para o produtor da regi\u00e3o dados levantados no Baixo Jequitinhonha. Essas informa\u00e7\u00f5es s\u00e3o importantes para subsidiar o produtor nas suas escolhas\u201d, frisa o professor Joan.<\/p>\n\n\n\n<p>Bom para o produtor da regi\u00e3o e tamb\u00e9m para alunos e professores do IFNMG-Campus Almenara, especialmente dos cursos de Engenharia Agron\u00f4mica e t\u00e9cnicos em Agropecu\u00e1ria e Zootecnia, que podem envolver-se com as atividades de pesquisa e extens\u00e3o propiciadas pela URT. Como exemplos, o diretor geral cita projetos de pesquisa e TCCs (trabalhos de conclus\u00e3o de curso) que podem surgir a partir dos ensaios experimentais e a realiza\u00e7\u00e3o de dias de campo, com a participa\u00e7\u00e3o da comunidade.<\/p>\n\n\n\n<p>A URT come\u00e7ou a ser implantada em outubro de 2019 e o plantio deu-se em dezembro. Agora, com todas as culturas j\u00e1 implantadas, o momento \u00e9 de avalia\u00e7\u00e3o. Mas a URT tem uma a\u00e7\u00e3o cont\u00ednua, com testes de novas variedade e culturas e defini\u00e7\u00e3o de novas estrat\u00e9gias de plantio.<\/p>\n\n\n\n<p><strong>Laborat\u00f3rio de campo<\/strong><\/p>\n\n\n\n<p>Novidade no Campus, o Laborat\u00f3rio de Campo ser\u00e1 dedicado a atividades pr\u00e1ticas de ensino e pesquisa na \u00e1rea de Tecnologia de Alimentos, para atendimento das necessidades dos cursos superior de Engenharia Agron\u00f4mica e t\u00e9cnico em Agropecu\u00e1ria. O laborat\u00f3rio atender\u00e1, ainda, demandas de projetos de extens\u00e3o desenvolvidos junto \u00e0s comunidades locais, sobretudo com foco na agricultura familiar.<\/p>\n\n\n\n<p>Al\u00e9m da \u00e1rea destinada \u00e0s atividades pr\u00e1ticas, o espa\u00e7o inclui sala de professores e dois banheiros. Para a constru\u00e7\u00e3o da estrutura, foram investidos R$ 243.682,05, sendo R$ 214.236,05 financiados por emenda parlamentar do deputado federal Reginaldo Lopes. O restante foi custeado por recursos or\u00e7ament\u00e1rios do IFNMG.<\/p>\n\n\n\n<p>Apesar ainda ser necess\u00e1ria a aquisi\u00e7\u00e3o de alguns equipamentos que permitir\u00e3o seu pleno funcionamento, o Laborat\u00f3rio de Campo j\u00e1 ser\u00e1 aberto para uso ap\u00f3s a inaugura\u00e7\u00e3o.<\/p>\n\n\n\n<p><strong>Confira algumas fotos da solenidade de inaugura\u00e7\u00e3o:<\/strong><\/p>\n\n\n\n<figure class=\"wp-block-gallery columns-1 is-cropped wp-block-gallery-1 is-layout-flex wp-block-gallery-is-layout-flex\"><ul class=\"blocks-gallery-grid\"><li class=\"blocks-gallery-item\"><figure><img loading=\"lazy\" decoding=\"async\" width=\"675\" height=\"450\" src=\"http:\/\/aconteceunovale.com.br\/portal\/wp-content\/uploads\/2020\/03\/inauguracao_almenara_1.jpg\" alt=\"\" data-id=\"159549\" data-full-url=\"http:\/\/aconteceunovale.com.br\/portal\/wp-content\/uploads\/2020\/03\/inauguracao_almenara_1.jpg\" data-link=\"http:\/\/aconteceunovale.com.br\/portal\/?attachment_id=159549\" class=\"wp-image-159549\" srcset=\"https:\/\/aconteceunovale.com.br\/portal\/wp-content\/uploads\/2020\/03\/inauguracao_almenara_1.jpg 675w, https:\/\/aconteceunovale.com.br\/portal\/wp-content\/uploads\/2020\/03\/inauguracao_almenara_1-300x200.jpg 300w, https:\/\/aconteceunovale.com.br\/portal\/wp-content\/uploads\/2020\/03\/inauguracao_almenara_1-630x420.jpg 630w\" sizes=\"auto, (max-width: 675px) 100vw, 675px\" \/><figcaption class=\"blocks-gallery-item__caption\"><em>Foto: Divulga\u00e7\u00e3o \/ IFNMG<\/em><\/figcaption><\/figure><\/li><li class=\"blocks-gallery-item\"><figure><img loading=\"lazy\" decoding=\"async\" width=\"675\" height=\"450\" src=\"http:\/\/aconteceunovale.com.br\/portal\/wp-content\/uploads\/2020\/03\/inauguracao_almenara_2.jpg\" alt=\"\" data-id=\"159545\" data-full-url=\"http:\/\/aconteceunovale.com.br\/portal\/wp-content\/uploads\/2020\/03\/inauguracao_almenara_2.jpg\" data-link=\"http:\/\/aconteceunovale.com.br\/portal\/?attachment_id=159545\" class=\"wp-image-159545\" srcset=\"https:\/\/aconteceunovale.com.br\/portal\/wp-content\/uploads\/2020\/03\/inauguracao_almenara_2.jpg 675w, https:\/\/aconteceunovale.com.br\/portal\/wp-content\/uploads\/2020\/03\/inauguracao_almenara_2-300x200.jpg 300w, https:\/\/aconteceunovale.com.br\/portal\/wp-content\/uploads\/2020\/03\/inauguracao_almenara_2-630x420.jpg 630w\" sizes=\"auto, (max-width: 675px) 100vw, 675px\" \/><figcaption class=\"blocks-gallery-item__caption\"> <em>Foto: Divulga\u00e7\u00e3o \/ IFNMG<\/em> <\/figcaption><\/figure><\/li><li class=\"blocks-gallery-item\"><figure><img loading=\"lazy\" decoding=\"async\" width=\"675\" height=\"450\" src=\"http:\/\/aconteceunovale.com.br\/portal\/wp-content\/uploads\/2020\/03\/inauguracao_almenara_4.jpg\" alt=\"\" data-id=\"159546\" data-full-url=\"http:\/\/aconteceunovale.com.br\/portal\/wp-content\/uploads\/2020\/03\/inauguracao_almenara_4.jpg\" data-link=\"http:\/\/aconteceunovale.com.br\/portal\/?attachment_id=159546\" class=\"wp-image-159546\" srcset=\"https:\/\/aconteceunovale.com.br\/portal\/wp-content\/uploads\/2020\/03\/inauguracao_almenara_4.jpg 675w, https:\/\/aconteceunovale.com.br\/portal\/wp-content\/uploads\/2020\/03\/inauguracao_almenara_4-300x200.jpg 300w, https:\/\/aconteceunovale.com.br\/portal\/wp-content\/uploads\/2020\/03\/inauguracao_almenara_4-630x420.jpg 630w\" sizes=\"auto, (max-width: 675px) 100vw, 675px\" \/><figcaption class=\"blocks-gallery-item__caption\"> <em>Foto: Divulga\u00e7\u00e3o \/ IFNMG<\/em> <\/figcaption><\/figure><\/li><li class=\"blocks-gallery-item\"><figure><img loading=\"lazy\" decoding=\"async\" width=\"675\" height=\"450\" src=\"http:\/\/aconteceunovale.com.br\/portal\/wp-content\/uploads\/2020\/03\/inauguracao_almenara_3.jpg\" alt=\"\" data-id=\"159547\" data-full-url=\"http:\/\/aconteceunovale.com.br\/portal\/wp-content\/uploads\/2020\/03\/inauguracao_almenara_3.jpg\" data-link=\"http:\/\/aconteceunovale.com.br\/portal\/?attachment_id=159547\" class=\"wp-image-159547\" srcset=\"https:\/\/aconteceunovale.com.br\/portal\/wp-content\/uploads\/2020\/03\/inauguracao_almenara_3.jpg 675w, https:\/\/aconteceunovale.com.br\/portal\/wp-content\/uploads\/2020\/03\/inauguracao_almenara_3-300x200.jpg 300w, https:\/\/aconteceunovale.com.br\/portal\/wp-content\/uploads\/2020\/03\/inauguracao_almenara_3-630x420.jpg 630w\" sizes=\"auto, (max-width: 675px) 100vw, 675px\" \/><figcaption class=\"blocks-gallery-item__caption\"> <em>Foto: Divulga\u00e7\u00e3o \/ IFNMG<\/em> <\/figcaption><\/figure><\/li><li class=\"blocks-gallery-item\"><figure><img loading=\"lazy\" decoding=\"async\" width=\"675\" height=\"450\" src=\"http:\/\/aconteceunovale.com.br\/portal\/wp-content\/uploads\/2020\/03\/inauguracao_almenara_6.jpg\" alt=\"\" data-id=\"159548\" data-full-url=\"http:\/\/aconteceunovale.com.br\/portal\/wp-content\/uploads\/2020\/03\/inauguracao_almenara_6.jpg\" data-link=\"http:\/\/aconteceunovale.com.br\/portal\/?attachment_id=159548\" class=\"wp-image-159548\" srcset=\"https:\/\/aconteceunovale.com.br\/portal\/wp-content\/uploads\/2020\/03\/inauguracao_almenara_6.jpg 675w, https:\/\/aconteceunovale.com.br\/portal\/wp-content\/uploads\/2020\/03\/inauguracao_almenara_6-300x200.jpg 300w, https:\/\/aconteceunovale.com.br\/portal\/wp-content\/uploads\/2020\/03\/inauguracao_almenara_6-630x420.jpg 630w\" sizes=\"auto, (max-width: 675px) 100vw, 675px\" \/><figcaption class=\"blocks-gallery-item__caption\"> <em>Foto: Divulga\u00e7\u00e3o \/ IFNMG<\/em> <\/figcaption><\/figure><\/li><li class=\"blocks-gallery-item\"><figure><img loading=\"lazy\" decoding=\"async\" width=\"675\" height=\"450\" src=\"http:\/\/aconteceunovale.com.br\/portal\/wp-content\/uploads\/2020\/03\/inauguracao_almenara_5.jpg\" alt=\"\" data-id=\"159550\" data-full-url=\"http:\/\/aconteceunovale.com.br\/portal\/wp-content\/uploads\/2020\/03\/inauguracao_almenara_5.jpg\" data-link=\"http:\/\/aconteceunovale.com.br\/portal\/?attachment_id=159550\" class=\"wp-image-159550\" srcset=\"https:\/\/aconteceunovale.com.br\/portal\/wp-content\/uploads\/2020\/03\/inauguracao_almenara_5.jpg 675w, https:\/\/aconteceunovale.com.br\/portal\/wp-content\/uploads\/2020\/03\/inauguracao_almenara_5-300x200.jpg 300w, https:\/\/aconteceunovale.com.br\/portal\/wp-content\/uploads\/2020\/03\/inauguracao_almenara_5-630x420.jpg 630w\" sizes=\"auto, (max-width: 675px) 100vw, 675px\" \/><figcaption class=\"blocks-gallery-item__caption\"> <em>Foto: Divulga\u00e7\u00e3o \/ IFNMG<\/em> <\/figcaption><\/figure><\/li><\/ul><\/figure>\n\n\n\n<p class=\"has-text-color has-background has-very-light-gray-color has-very-dark-gray-background-color\">Quer saber as not\u00edcias do <strong>Aconteceu no Vale<\/strong> em primeira m\u00e3o? Siga-nos no Facebook <a rel=\"noreferrer noopener\" href=\"http:\/\/facebook.com\/aconteceunovale\" target=\"_blank\">@aconteceunovale<\/a>, Twitter <a rel=\"noreferrer noopener\" href=\"https:\/\/twitter.com\/noticiadosvales\" target=\"_blank\">@noticiadosvales<\/a> e Instagram <a rel=\"noreferrer noopener\" href=\"https:\/\/www.instagram.com\/aconteceunovale\" target=\"_blank\">@aconteceunovale<\/a>.<\/p>\n","protected":false},"excerpt":{"rendered":"<p>Nesta quarta-feira, 04\/03\/2020, o Instituto Federal do Norte de Minas Gerais (IFNMG) &#8211; Campus Almenara recebeu autoridades externas e estudantes e servidores para a cerim\u00f4nia de inaugura\u00e7\u00e3o de duas estruturas muito importantes para o incremento de suas atividades de ensino, pesquisa e extens\u00e3o e desenvolvimento das atividades produtivas da regi\u00e3o: a Unidade de Refer\u00eancia Tecnol\u00f3gica [&hellip;]<\/p>\n","protected":false},"author":1,"featured_media":159547,"comment_status":"open","ping_status":"closed","sticky":false,"template":"","format":"standard","meta":{"amp_status":"","footnotes":""},"categories":[120],"tags":[142,130796,25775,29596,217604,217603,217607,217606,255,217599,217598,217605,217600,28901,217608,213244,40938,23490,62282,1532,217602,217601],"class_list":["post-159544","post","type-post","status-publish","format-standard","has-post-thumbnail","hentry","category-jequi","tag-almenara","tag-anater","tag-emater-mg","tag-embrapa","tag-embrapa-almenara","tag-embrapa-ifnmg-campus-almenara","tag-embrapa-milho-e-sorgo-em-sete-lagoas","tag-empresa-brasileira-de-empresa-brasileira-de-pesquisa-agropecuaria","tag-ifnmg","tag-ifnmg-campus-almenara-2","tag-ifnmg-campus-almenara-inaugura-unidade-de-referencia-tecnologica-da-embrapa-e-laboratorio-de-campo","tag-inauguracao-de-laboratorio-no-ifnmg-campus-almenara","tag-inauguracao-no-ifnmg-campus-almenara","tag-instituto-federal-do-norte-de-minas-gerais","tag-joan-bralio-mendes-pereira","tag-jose-ricardo-martins-da-silva","tag-nova-ambaj","tag-prefeitura-de-almenara","tag-senar","tag-sete-lagoas","tag-unidade-de-referencia-tecnologica-da-embrapa-no-ifnmg-campus-almenara","tag-urt-da-embrapa-no-ifnmg-campus-almenara"],"_links":{"self":[{"href":"https:\/\/aconteceunovale.com.br\/portal\/index.php?rest_route=\/wp\/v2\/posts\/159544","targetHints":{"allow":["GET"]}}],"collection":[{"href":"https:\/\/aconteceunovale.com.br\/portal\/index.php?rest_route=\/wp\/v2\/posts"}],"about":[{"href":"https:\/\/aconteceunovale.com.br\/portal\/index.php?rest_route=\/wp\/v2\/types\/post"}],"author":[{"embeddable":true,"href":"https:\/\/aconteceunovale.com.br\/portal\/index.php?rest_route=\/wp\/v2\/users\/1"}],"replies":[{"embeddable":true,"href":"https:\/\/aconteceunovale.com.br\/portal\/index.php?rest_route=%2Fwp%2Fv2%2Fcomments&post=159544"}],"version-history":[{"count":1,"href":"https:\/\/aconteceunovale.com.br\/portal\/index.php?rest_route=\/wp\/v2\/posts\/159544\/revisions"}],"predecessor-version":[{"id":159551,"href":"https:\/\/aconteceunovale.com.br\/portal\/index.php?rest_route=\/wp\/v2\/posts\/159544\/revisions\/159551"}],"wp:featuredmedia":[{"embeddable":true,"href":"https:\/\/aconteceunovale.com.br\/portal\/index.php?rest_route=\/wp\/v2\/media\/159547"}],"wp:attachment":[{"href":"https:\/\/aconteceunovale.com.br\/portal\/index.php?rest_route=%2Fwp%2Fv2%2Fmedia&parent=159544"}],"wp:term":[{"taxonomy":"category","embeddable":true,"href":"https:\/\/aconteceunovale.com.br\/portal\/index.php?rest_route=%2Fwp%2Fv2%2Fcategories&post=159544"},{"taxonomy":"post_tag","embeddable":true,"href":"https:\/\/aconteceunovale.com.br\/portal\/index.php?rest_route=%2Fwp%2Fv2%2Ftags&post=159544"}],"curies":[{"name":"wp","href":"https:\/\/api.w.org\/{rel}","templated":true}]}}