{"id":159540,"date":"2020-03-09T19:58:39","date_gmt":"2020-03-09T22:58:39","guid":{"rendered":"http:\/\/aconteceunovale.com.br\/portal\/?p=159540"},"modified":"2020-03-09T20:03:43","modified_gmt":"2020-03-09T23:03:43","slug":"ex-prefeita-de-sao-sebastiao-do-maranhao-tera-que-devolver-dinheiro-decide-justica","status":"publish","type":"post","link":"https:\/\/aconteceunovale.com.br\/portal\/?p=159540","title":{"rendered":"Ex-prefeita de S\u00e3o sebasti\u00e3o do Maranh\u00e3o ter\u00e1 que devolver dinheiro, decide Justi\u00e7a"},"content":{"rendered":"\n<p>O juiz Rafael Arrieiro Continentino, da comarca de Santa Maria do Sua\u00e7u\u00ed (Vale do Rio Doce), condenou a ex-prefeita de S\u00e3o Sebasti\u00e3o do Maranh\u00e3o, Markelyne Soares Damasceno Reis, a ressarcir aos cofres p\u00fablicos R$ 77.883,50 e pagar multa civil de mesmo valor por improbidade administrativa.<\/p>\n\n\n\n<p>Al\u00e9m disso, a gestora teve seus direitos pol\u00edticos suspensos por seis anos e foi proibida de contratar com o poder p\u00fablico ou receber incentivos fiscais ou credit\u00edcios, direta ou indiretamente, ainda que por interm\u00e9dio de pessoa jur\u00eddica da qual seja s\u00f3cia majorit\u00e1ria, pelo prazo de cinco anos. A decis\u00e3o \u00e9 do \u00faltimo dia 5.<\/p>\n\n\n\n<p>De acordo com o Executivo de S\u00e3o Sebasti\u00e3o do Maranh\u00e3o, em setembro de 2008, por meio de um conv\u00eanio com a Secretaria de Estado de Transportes e Obras P\u00fablicas de Minas Gerais (Setop), a gestora recebeu R$ 70 mil, que seriam somados a R$ 7.883,50 dos caixas municipais.<\/p>\n\n\n\n<p>O Munic\u00edpio alegou que a agente pol\u00edtica lesou o er\u00e1rio, porque n\u00e3o comprovou ter usado a verba repassada ao ente municipal pelo Estado e a contrapartida do Munic\u00edpio para obras nas vias p\u00fablicas, nem prestou contas do uso dos recursos.<\/p>\n\n\n\n<p>Isso acarretou a inscri\u00e7\u00e3o do Munic\u00edpio no Sistema Integrado de Administra\u00e7\u00e3o Financeira do Governo Federal (Siafi). O registro impede os inscritos de receberem repasses de outros entes da federa\u00e7\u00e3o, prejudicando a execu\u00e7\u00e3o de pol\u00edticas p\u00fablicas.<\/p>\n\n\n\n<p>Em sua defesa, a ex-prefeita argumentou que a motiva\u00e7\u00e3o da demanda era pol\u00edtica, j\u00e1 que o conv\u00eanio foi devidamente cumprido e as contas, prestadas. Ela alegou, ainda, que, como os recursos vieram do Estado de Minas Gerais, n\u00e3o caberia a ela, como ex-prefeita, devolv\u00ea-los.<\/p>\n\n\n\n<p>Segundo a gestora, a inclus\u00e3o do Munic\u00edpio no Siafi deveu-se a atos praticados na gest\u00e3o anterior. Por fim, ela sustentou que compete ao Tribunal de Contas do Estado de Minas Gerais emitir parecer t\u00e9cnico sobre as presta\u00e7\u00f5es de contas das Prefeituras, que devem ser julgadas pelas C\u00e2maras Municipais, o que ainda n\u00e3o ocorreu.<\/p>\n\n\n\n<p>O juiz Rafael Continentino, na senten\u00e7a, pontuou que os atos de improbidade atentam contra o sistema de gest\u00e3o p\u00fablica e contra bens materiais e imateriais de natureza p\u00fablica, representando \u201cuma pr\u00e1tica extremamente perniciosa\u201d, que deve ser combatida pelos \u00f3rg\u00e3os estatais de controle.<\/p>\n\n\n\n<p>O magistrado se baseou na lei de improbidade para aplicar as penalidades \u00e0 r\u00e9. Segundo ele, a conduta da ex-prefeita demonstrou neglig\u00eancia e falta de zelo com o patrim\u00f4nio p\u00fablico, causando preju\u00edzo \u00e0 coletividade e fazendo o munic\u00edpio incorrer em irregularidades que comprometiam suas chances de recebimento futuro de ajuda financeira.<\/p>\n\n\n\n<p>Para o juiz, ela deveria garantir a fiel execu\u00e7\u00e3o do conv\u00eanio, com a aplica\u00e7\u00e3o dos valores disponibilizados na efetiva realiza\u00e7\u00e3o das obras de melhoramento das vias p\u00fablicas, principalmente porque respondia por um munic\u00edpio pequeno, dependente de recursos externos.<\/p>\n\n\n\n<p>Acesse a\u00a0<a rel=\"noreferrer noopener\" target=\"_blank\" href=\"https:\/\/www4.tjmg.jus.br\/juridico\/sf\/proc_peca_movimentacao.jsp?id=81394509&amp;hash=b717045775addd5a533fff43df235a10\">senten\u00e7a<\/a>\u00a0e acompanhe o\u00a0<a rel=\"noreferrer noopener\" target=\"_blank\" href=\"https:\/\/www4.tjmg.jus.br\/juridico\/sf\/proc_resultado.jsp?tipoPesquisa=1&amp;txtProcesso=0582090131837&amp;comrCodigo=582&amp;nomePessoa=&amp;tipoPessoa=X&amp;naturezaProcesso=0&amp;situacaoParte=X&amp;codigoOAB=&amp;tipoOAB=N&amp;ufOAB=MG&amp;numero=1&amp;select=1&amp;tipoConsulta=1&amp;natureza=0&amp;ativoBaixado=X&amp;listaProcessos=09013183\">caso<\/a>.<\/p>\n\n\n\n<p class=\"has-text-color has-background has-very-light-gray-color has-very-dark-gray-background-color\">Quer saber as not\u00edcias do <strong>Aconteceu no Vale<\/strong> em primeira m\u00e3o? Siga-nos no Facebook <a rel=\"noreferrer noopener\" href=\"http:\/\/facebook.com\/aconteceunovale\" target=\"_blank\">@aconteceunovale<\/a>, Twitter <a rel=\"noreferrer noopener\" href=\"https:\/\/twitter.com\/noticiadosvales\" target=\"_blank\">@noticiadosvales<\/a> e Instagram <a rel=\"noreferrer noopener\" href=\"https:\/\/www.instagram.com\/aconteceunovale\" target=\"_blank\">@aconteceunovale<\/a>.<\/p>\n","protected":false},"excerpt":{"rendered":"<p>O juiz Rafael Arrieiro Continentino, da comarca de Santa Maria do Sua\u00e7u\u00ed (Vale do Rio Doce), condenou a ex-prefeita de S\u00e3o Sebasti\u00e3o do Maranh\u00e3o, Markelyne Soares Damasceno Reis, a ressarcir aos cofres p\u00fablicos R$ 77.883,50 e pagar multa civil de mesmo valor por improbidade administrativa. Al\u00e9m disso, a gestora teve seus direitos pol\u00edticos suspensos por [&hellip;]<\/p>\n","protected":false},"author":1,"featured_media":153854,"comment_status":"open","ping_status":"closed","sticky":false,"template":"","format":"standard","meta":{"amp_status":"","footnotes":""},"categories":[121,40240],"tags":[217591,1018,217593,217594,217592,217595,217597,217596,217590,186924,240,324],"class_list":["post-159540","post","type-post","status-publish","format-standard","has-post-thumbnail","hentry","category-leste","category-politica-2","tag-condenacao-de-ex-prefeita-de-sao-sebastiao-do-maranhao","tag-destaque","tag-ex-prefeita-de-sao-sebastiao-do-maranhao","tag-ex-prefeita-de-sao-sebastiao-do-maranhao-tera-que-devolver-dinheiro","tag-juiz-rafael-arrieiro-continentino","tag-markelyne-sao-sebastiao-do-maranhao","tag-markelyne-soares-damasceno-reis","tag-markelyne-soares-reis","tag-processo-contra-ex-prefeita-de-sao-sebastiao-do-maranhao","tag-rafael-arrieiro-continentino","tag-santa-maria-do-suacui","tag-sao-sebastiao-do-maranhao"],"_links":{"self":[{"href":"https:\/\/aconteceunovale.com.br\/portal\/index.php?rest_route=\/wp\/v2\/posts\/159540","targetHints":{"allow":["GET"]}}],"collection":[{"href":"https:\/\/aconteceunovale.com.br\/portal\/index.php?rest_route=\/wp\/v2\/posts"}],"about":[{"href":"https:\/\/aconteceunovale.com.br\/portal\/index.php?rest_route=\/wp\/v2\/types\/post"}],"author":[{"embeddable":true,"href":"https:\/\/aconteceunovale.com.br\/portal\/index.php?rest_route=\/wp\/v2\/users\/1"}],"replies":[{"embeddable":true,"href":"https:\/\/aconteceunovale.com.br\/portal\/index.php?rest_route=%2Fwp%2Fv2%2Fcomments&post=159540"}],"version-history":[{"count":1,"href":"https:\/\/aconteceunovale.com.br\/portal\/index.php?rest_route=\/wp\/v2\/posts\/159540\/revisions"}],"predecessor-version":[{"id":159541,"href":"https:\/\/aconteceunovale.com.br\/portal\/index.php?rest_route=\/wp\/v2\/posts\/159540\/revisions\/159541"}],"wp:featuredmedia":[{"embeddable":true,"href":"https:\/\/aconteceunovale.com.br\/portal\/index.php?rest_route=\/wp\/v2\/media\/153854"}],"wp:attachment":[{"href":"https:\/\/aconteceunovale.com.br\/portal\/index.php?rest_route=%2Fwp%2Fv2%2Fmedia&parent=159540"}],"wp:term":[{"taxonomy":"category","embeddable":true,"href":"https:\/\/aconteceunovale.com.br\/portal\/index.php?rest_route=%2Fwp%2Fv2%2Fcategories&post=159540"},{"taxonomy":"post_tag","embeddable":true,"href":"https:\/\/aconteceunovale.com.br\/portal\/index.php?rest_route=%2Fwp%2Fv2%2Ftags&post=159540"}],"curies":[{"name":"wp","href":"https:\/\/api.w.org\/{rel}","templated":true}]}}