{"id":159537,"date":"2020-03-09T19:35:47","date_gmt":"2020-03-09T22:35:47","guid":{"rendered":"http:\/\/aconteceunovale.com.br\/portal\/?p=159537"},"modified":"2020-03-09T19:38:52","modified_gmt":"2020-03-09T22:38:52","slug":"ministerio-publico-propoe-acao-contra-ex-diretor-do-saae-e-agentes-publicos-em-conselheiro-pena","status":"publish","type":"post","link":"https:\/\/aconteceunovale.com.br\/portal\/?p=159537","title":{"rendered":"Minist\u00e9rio P\u00fablico prop\u00f5e a\u00e7\u00e3o contra ex-diretor do SAAE e agentes p\u00fablicos em Conselheiro Pena"},"content":{"rendered":"\n<p>O Minist\u00e9rio P\u00fablico de Minas Gerais (MPMG), por meio da Promotoria de Justi\u00e7a de Defesa do Patrim\u00f4nio P\u00fablico de Conselheiro Pena, no Vale do Rio Doce, prop\u00f4s A\u00e7\u00e3o Civil P\u00fablica (ACP) por Improbidade Administrativa contra o ex-diretor do Servi\u00e7o Aut\u00f4nomo de \u00c1gua e Esgoto (SAAE) e contra um secret\u00e1rio municipal e um ex-secret\u00e1rio municipal, um deles marido da atual prefeita. Mesmo sem pagar as taxas de \u00e1gua eles continuavam contando com o abastecimento realizado pela autarquia, um tratamento privilegiado garantido pelo pr\u00f3prio ex-diretor do SAAE, entre 2017 e 2019.<\/p>\n\n\n\n<p>Conforme apurado no Inqu\u00e9rito Civil, o ex-diretor do SAAE autorizava tamb\u00e9m, para um deles, que o pagamento das contas atrasadas fosse parcelado de forma ilegal e que, para outro, o abastecimento fosse religado, se preciso, independentemente do pagamento, contrariando o regulamento da autarquia. <\/p>\n\n\n\n<p>O promotor de Justi\u00e7a Samoel Ribeiro de Faria Junior, que prop\u00f4s a ACP, requer que seja julgado procedente o pedido para condenar os envolvidos nas san\u00e7\u00f5es do art. 12, inciso III da Lei n\u00ba 8.429\/92.<\/p>\n\n\n\n<p>O MPMG argumenta que o ex-diretor do SAAE \u201cpraticou atos proibidos e deixou de praticar, indevidamente, atos de of\u00edcio\u201d. Argumenta, ainda, que, \u201cao conferir tratamento privilegiado a si pr\u00f3prio e aos demais, ambos participantes do alto escal\u00e3o da Administra\u00e7\u00e3o P\u00fablica Municipal, o ex-diretor da autarquia feriu gravemente os princ\u00edpios da legalidade, da impessoalidade e da moralidade\u201d.<\/p>\n\n\n\n<p>Consta ainda na ACP que a investiga\u00e7\u00e3o teve in\u00edcio a partir de informa\u00e7\u00e3o sigilosa recebida pela Promotoria de Justi\u00e7a de que havia uma determina\u00e7\u00e3o no SAAE de n\u00e3o interromper o fornecimento de \u00e1gua para determinados usu\u00e1rios, mesmo que as respectivas taxas de \u00e1gua e esgoto n\u00e3o fossem pagas no tempo devido. <\/p>\n\n\n\n<p class=\"has-text-color has-background has-very-light-gray-color has-very-dark-gray-background-color\">Quer saber as not\u00edcias do <strong>Aconteceu no Vale<\/strong> em primeira m\u00e3o? Siga-nos no Facebook <a rel=\"noreferrer noopener\" href=\"http:\/\/facebook.com\/aconteceunovale\" target=\"_blank\">@aconteceunovale<\/a>, Twitter <a rel=\"noreferrer noopener\" href=\"https:\/\/twitter.com\/noticiadosvales\" target=\"_blank\">@noticiadosvales<\/a> e Instagram <a rel=\"noreferrer noopener\" href=\"https:\/\/www.instagram.com\/aconteceunovale\" target=\"_blank\">@aconteceunovale<\/a>.<\/p>\n","protected":false},"excerpt":{"rendered":"<p>O Minist\u00e9rio P\u00fablico de Minas Gerais (MPMG), por meio da Promotoria de Justi\u00e7a de Defesa do Patrim\u00f4nio P\u00fablico de Conselheiro Pena, no Vale do Rio Doce, prop\u00f4s A\u00e7\u00e3o Civil P\u00fablica (ACP) por Improbidade Administrativa contra o ex-diretor do Servi\u00e7o Aut\u00f4nomo de \u00c1gua e Esgoto (SAAE) e contra um secret\u00e1rio municipal e um ex-secret\u00e1rio municipal, um [&hellip;]<\/p>\n","protected":false},"author":1,"featured_media":157510,"comment_status":"open","ping_status":"closed","sticky":false,"template":"","format":"standard","meta":{"amp_status":"","footnotes":""},"categories":[121],"tags":[282,19674,217589,19675,217588,217587,217586,217585],"class_list":["post-159537","post","type-post","status-publish","format-standard","has-post-thumbnail","hentry","category-leste","tag-conselheiro-pena","tag-ministerio-publico-de-minas-gerais","tag-ministerio-publico-propoe-acao-contra-ex-diretor-do-saae-e-agentes-publicos-em-conselheiro-pena","tag-mpmg","tag-promotor-samoel-ribeiro-de-faria-junior","tag-promotoria-de-conselheiro-pena","tag-saae-de-conselheiro-pena","tag-samoel-ribeiro-de-faria-junior"],"_links":{"self":[{"href":"https:\/\/aconteceunovale.com.br\/portal\/index.php?rest_route=\/wp\/v2\/posts\/159537","targetHints":{"allow":["GET"]}}],"collection":[{"href":"https:\/\/aconteceunovale.com.br\/portal\/index.php?rest_route=\/wp\/v2\/posts"}],"about":[{"href":"https:\/\/aconteceunovale.com.br\/portal\/index.php?rest_route=\/wp\/v2\/types\/post"}],"author":[{"embeddable":true,"href":"https:\/\/aconteceunovale.com.br\/portal\/index.php?rest_route=\/wp\/v2\/users\/1"}],"replies":[{"embeddable":true,"href":"https:\/\/aconteceunovale.com.br\/portal\/index.php?rest_route=%2Fwp%2Fv2%2Fcomments&post=159537"}],"version-history":[{"count":2,"href":"https:\/\/aconteceunovale.com.br\/portal\/index.php?rest_route=\/wp\/v2\/posts\/159537\/revisions"}],"predecessor-version":[{"id":159539,"href":"https:\/\/aconteceunovale.com.br\/portal\/index.php?rest_route=\/wp\/v2\/posts\/159537\/revisions\/159539"}],"wp:featuredmedia":[{"embeddable":true,"href":"https:\/\/aconteceunovale.com.br\/portal\/index.php?rest_route=\/wp\/v2\/media\/157510"}],"wp:attachment":[{"href":"https:\/\/aconteceunovale.com.br\/portal\/index.php?rest_route=%2Fwp%2Fv2%2Fmedia&parent=159537"}],"wp:term":[{"taxonomy":"category","embeddable":true,"href":"https:\/\/aconteceunovale.com.br\/portal\/index.php?rest_route=%2Fwp%2Fv2%2Fcategories&post=159537"},{"taxonomy":"post_tag","embeddable":true,"href":"https:\/\/aconteceunovale.com.br\/portal\/index.php?rest_route=%2Fwp%2Fv2%2Ftags&post=159537"}],"curies":[{"name":"wp","href":"https:\/\/api.w.org\/{rel}","templated":true}]}}