{"id":159523,"date":"2020-03-09T17:12:38","date_gmt":"2020-03-09T20:12:38","guid":{"rendered":"http:\/\/aconteceunovale.com.br\/portal\/?p=159523"},"modified":"2020-03-09T17:18:38","modified_gmt":"2020-03-09T20:18:38","slug":"varios-municipios-de-minas-gerais-podem-ser-atingidos-por-tempestade-severa","status":"publish","type":"post","link":"https:\/\/aconteceunovale.com.br\/portal\/?p=159523","title":{"rendered":"V\u00e1rios munic\u00edpios de Minas Gerais podem ser atingidos por \u201ctempestade severa\u201d"},"content":{"rendered":"\n<p>Tempo inst\u00e1vel em boa parte de Minas Gerais nesta segunda-feira (9\/3\/2020). De acordo com o boletim de previs\u00e3o divulgado pelo Instituto Mineiro de Gest\u00e3o das \u00c1guas (IGAM) e pelo Sistema de Meteorologia e Recursos H\u00eddricos de Minas Gerais (SIMGE), existe possibilidade de tempestades, granizo e vendaval em v\u00e1rios munic\u00edpios mineiros, entre eles Una\u00ed, Paracatu, Concei\u00e7\u00e3o do Mato Dentro, Pirapora, Janu\u00e1ria, Montes Claros, Curvelo, Tr\u00eas Marias, Sete Lagoas, Diamantina, Belo Horizonte e Itabira.<\/p>\n\n\n\n<h2 class=\"wp-block-heading\"><strong>PREVIS\u00c3O DO SIMGE<\/strong><\/h2>\n\n\n\n<p class=\"has-background has-very-light-gray-background-color\"><strong><em>Segunda, 09 de Mar\u00e7o<\/em><\/strong><br><br><em>Tempo inst\u00e1vel em boa parte do estado mineiro, com previs\u00e3o de tempestades severas ocorrendo entre o centro\/noroeste a Serra da Mantiqueira, no Sul de Minas. As tempestades nessa faixa de Minas poder\u00e3o vir acompanhadas de granizo e algum vendaval, principalmente, no setor sudeste, devido a atua\u00e7\u00e3o de um cavado de onda curta nos m\u00e9dios n\u00edveis da atmosfera. Entre o extremo Norte e extremo leste, c\u00e9u com muitas nuvens e pancadas de chuva ao longo do per\u00edodo. Oeste do Tri\u00e2ngulo, Sul de Minas, Central, Oeste e Campo das Vertentes, possibilidade de tempestades isoladas no per\u00edodo da tarde. Tempo est\u00e1vel, com predom\u00ednio de Sol no oeste do Tri\u00e2ngulo Mineiro e varia\u00e7\u00e3o da nebulosidade no oeste do Sul de Minas. Belo Horizonte e RMBH, previs\u00e3o de tempo inst\u00e1vel com tempestades isoladas, que poder\u00e3o vir acompanhadas de granizo, \u00e0 tarde\/noite.&nbsp; M\u00e1ximas de 29\u00b0C.&nbsp;<\/em><br><br><img loading=\"lazy\" decoding=\"async\" width=\"498\" height=\"450\" class=\"wp-image-159524\" style=\"width: 498px;\" src=\"http:\/\/aconteceunovale.com.br\/portal\/wp-content\/uploads\/2020\/03\/previsao_mg_1.png\" alt=\"\" srcset=\"https:\/\/aconteceunovale.com.br\/portal\/wp-content\/uploads\/2020\/03\/previsao_mg_1.png 498w, https:\/\/aconteceunovale.com.br\/portal\/wp-content\/uploads\/2020\/03\/previsao_mg_1-300x271.png 300w, https:\/\/aconteceunovale.com.br\/portal\/wp-content\/uploads\/2020\/03\/previsao_mg_1-465x420.png 465w\" sizes=\"auto, (max-width: 498px) 100vw, 498px\" \/><\/p>\n\n\n\n<p class=\"has-background has-very-light-gray-background-color\"><em><strong>Previs\u00e3o de Tempo Severo &#8211; v\u00e1lido at\u00e9 \u00e0s 10 horas de 10\/03<\/strong><br><\/em><br><em>Abaixo, segue o mapa de N\u00edveis de Severidade. O mapa abaixo indica as probabilidades e onde haver\u00e1 maior potencial para ocorr\u00eancia de tempestades severas no decorrer do dia de hoje. As tempestades Severas, por defini\u00e7\u00e3o, s\u00e3o temporais com capacidade de provocar granizo, vendavais, tornados, raios e chuva torrencial. Os n\u00edveis de Severidade s\u00e3o quatro: sendo o n\u00edvel 1, o mais fraco, e o n\u00edvel 4 o mais severo.<br><br>Foi identificada possibilidade de Tempo Severo para o per\u00edodo de vig\u00eancia desse boletim de previs\u00e3o, as microrregi\u00f5es que poder\u00e3o ser atingidas, s\u00e3o: <br><br>&#8211; Una\u00ed<br>&#8211; Paracatu<br>&#8211; Concei\u00e7\u00e3o do Mato Dentro<br>&#8211; Pirapora<br>&#8211; Janu\u00e1ria<br>&#8211; Montes Claros<br>&#8211; Bocai\u00fava<br>&#8211; Curvelo<br>&#8211; Tr\u00eas Marias<br>&#8211; Sete Lagoas<br>&#8211; Diamantina<br>&#8211; Belo Horizonte e RMBH<br>&#8211; Itaguara<br>&#8211; Itabira<br>&#8211; Ouro Preto<br>&#8211; Conselheiro Lafaiete<br>&#8211; S\u00e3o Jo\u00e3o del Rei<br>&#8211; Barbacena<br>&#8211; Ub\u00e1<br>&#8211; Juiz de Foras<br>&#8211; Andrel\u00e2ndia<\/em><br>&#8211; <em>Lavras<br>&#8211; S\u00e3o Louren\u00e7o<br>&#8211; Itajub\u00e1<br>&#8211; Pouso Alegre<br>&#8211; Varginha<br>&#8211; Vi\u00e7osa<\/em><br><br><img loading=\"lazy\" decoding=\"async\" width=\"498\" height=\"219\" class=\"wp-image-159525\" style=\"width: 498px;\" src=\"http:\/\/aconteceunovale.com.br\/portal\/wp-content\/uploads\/2020\/03\/previsao_mg_2.png\" alt=\"\" srcset=\"https:\/\/aconteceunovale.com.br\/portal\/wp-content\/uploads\/2020\/03\/previsao_mg_2.png 678w, https:\/\/aconteceunovale.com.br\/portal\/wp-content\/uploads\/2020\/03\/previsao_mg_2-300x132.png 300w\" sizes=\"auto, (max-width: 498px) 100vw, 498px\" \/><br><br><em><strong>OBS:<\/strong>\u00a0Defini\u00e7\u00e3o de Tempo severo: \u00e9 definido com uma Tempestades produz granizo, vendaval, tornado em solo.<br><\/em><br><em><strong>OBS1:<\/strong>\u00a0As probabilidades no mapa s\u00e3o interpretadas da seguinte forma. \u00c9 a probabilidade que uma pessoa, em um determinado ponto, tem para observar um evento de Tempo Severo (granizo, vendaval, tornado e chuva intensa) em um raio de 40 km de dist\u00e2ncia dela.<\/em><\/p>\n\n\n\n<p class=\"has-background has-very-light-gray-background-color\"><em><strong>Previs\u00e3o de Chuva &#8211; v\u00e1lido at\u00e9 \u00e0s 10 horas de 10\/03<\/strong><br><\/em><br><em>Os acumulados significativos de precipita\u00e7\u00e3o estar\u00e3o concentrados no centro\/norte\/leste\/sudeste do estado. As microrregi\u00f5es de Janu\u00e1ria, Una\u00ed, Pirapora, Paracatu, Bocai\u00fava, Montes Claros, Gr\u00e3o Mogol, Capelinha, Jana\u00faba, Salinas, Ara\u00e7ua\u00ed, Pedra Azul, Almenara, Nanuque, Te\u00f3filo Otoni, Tr\u00eas Marias, Curvelo, Diamantina, Sete Lagoas, Concei\u00e7\u00e3o do Mato Dentro, Guanh\u00e3es, Pe\u00e7anha, Governador Valadares, Mantena, Belo Horizonte e RMBH, Itaguara, Itabira, Ouro Preto, Conselheiro Lafaiete, S\u00e3o Jo\u00e3o del Rei, Barbacena, Ub\u00e1, Juiz de Fora, Andrel\u00e2ndia, Lavras, S\u00e3o Louren\u00e7o, Itajub\u00e1, Pouso Alegre, Varginha, Vi\u00e7osa, Muria\u00e9, Ponte Nova, Manhua\u00e7u, Caratinga, Ipatinga e Aimor\u00e9s, com acumulados previstos entre &nbsp;20 e 40 mm em 24 horas, podendo alcan\u00e7ar valores de 70 mm em algumas localidades.<\/em><br><br><img loading=\"lazy\" decoding=\"async\" width=\"498\" height=\"450\" class=\"wp-image-159526\" style=\"width: 498px;\" src=\"http:\/\/aconteceunovale.com.br\/portal\/wp-content\/uploads\/2020\/03\/previsao_mg_3.png\" alt=\"\" srcset=\"https:\/\/aconteceunovale.com.br\/portal\/wp-content\/uploads\/2020\/03\/previsao_mg_3.png 498w, https:\/\/aconteceunovale.com.br\/portal\/wp-content\/uploads\/2020\/03\/previsao_mg_3-300x271.png 300w, https:\/\/aconteceunovale.com.br\/portal\/wp-content\/uploads\/2020\/03\/previsao_mg_3-465x420.png 465w\" sizes=\"auto, (max-width: 498px) 100vw, 498px\" \/><br><br><em><strong>OBS:<\/strong> O mapa de chuva somente \u00e9 elaborado, quando ocorrer\u00e1 acumulados de chuva significativos, ou seja, acumulados de chuva que poder\u00e3o causar danos em determinada regi\u00e3o. Danos como: Enxurradas, deslizamentos de encostas, enchentes, alagamentos e subida de rios e c\u00f3rregos.<\/em><\/p>\n\n\n\n<p class=\"has-text-color has-background has-very-light-gray-color has-very-dark-gray-background-color\">Quer saber as not\u00edcias do <strong>Aconteceu no Vale<\/strong> em primeira m\u00e3o? Siga-nos no Facebook <a rel=\"noreferrer noopener\" href=\"http:\/\/facebook.com\/aconteceunovale\" target=\"_blank\">@aconteceunovale<\/a>, Twitter <a rel=\"noreferrer noopener\" href=\"https:\/\/twitter.com\/noticiadosvales\" target=\"_blank\">@noticiadosvales<\/a> e Instagram <a rel=\"noreferrer noopener\" href=\"https:\/\/www.instagram.com\/aconteceunovale\" target=\"_blank\">@aconteceunovale<\/a>.<\/p>\n","protected":false},"excerpt":{"rendered":"<p>Tempo inst\u00e1vel em boa parte de Minas Gerais nesta segunda-feira (9\/3\/2020). De acordo com o boletim de previs\u00e3o divulgado pelo Instituto Mineiro de Gest\u00e3o das \u00c1guas (IGAM) e pelo Sistema de Meteorologia e Recursos H\u00eddricos de Minas Gerais (SIMGE), existe possibilidade de tempestades, granizo e vendaval em v\u00e1rios munic\u00edpios mineiros, entre eles Una\u00ed, Paracatu, Concei\u00e7\u00e3o [&hellip;]<\/p>\n","protected":false},"author":1,"featured_media":159525,"comment_status":"open","ping_status":"closed","sticky":false,"template":"","format":"standard","meta":{"amp_status":"","footnotes":""},"categories":[123,1236,120,122],"tags":[273,142,1531,186,193,194,645,132,237,628,1528,197,1018,198,247,1153,155,36840,36839,201,202,6983,1544,204,205,206,217571,207,209,1516,210,1502,252,211,212,306,455,254,217,216,217573,28266,18655,190,218,1540,1532,129070,129069,217572,164,1533,219,222,223,217574,18771],"class_list":["post-159523","post","type-post","status-publish","format-standard","has-post-thumbnail","hentry","category-gerais","category-norte_de_minas","category-jequi","category-mucuri","tag-aimores","tag-almenara","tag-andrelandia","tag-aracuai","tag-barbacena","tag-belo-horizonte","tag-bocaiuva","tag-capelinha","tag-caratinga","tag-conceicao-do-mato-dentro","tag-conselheiro-lafaiete","tag-curvelo","tag-destaque","tag-diamantina","tag-governador-valadares","tag-grao-mogol","tag-guanhaes","tag-igam","tag-instituto-mineiro-de-gestao-das-aguas","tag-ipatinga","tag-itabira","tag-itaguara","tag-itajuba","tag-janauba","tag-januaria","tag-juiz-de-fora","tag-juiz-de-foras","tag-lavras","tag-manhuacu","tag-mantena","tag-montes-claros","tag-muriae","tag-nanuque","tag-ouro-preto","tag-paracatu","tag-pecanha","tag-pedra-azul","tag-pirapora","tag-ponte-nova","tag-pouso-alegre","tag-previsao-de-chuva-forte-em-minas-gerais","tag-previsao-do-tempo-em-minas-gerais","tag-rmbh","tag-salinas","tag-sao-joao-del-rei","tag-sao-lourenco","tag-sete-lagoas","tag-simge","tag-sistema-de-meteorologia-e-recursos-hidricos-de-minas-gerais","tag-tempestades-severas-em-minas-gerais","tag-teofilo-otoni","tag-tres-marias","tag-uba","tag-unai","tag-varginha","tag-varios-municipios-de-minas-gerais-podem-ser-atingidos-por-tempestade-severa","tag-vicosa"],"_links":{"self":[{"href":"https:\/\/aconteceunovale.com.br\/portal\/index.php?rest_route=\/wp\/v2\/posts\/159523","targetHints":{"allow":["GET"]}}],"collection":[{"href":"https:\/\/aconteceunovale.com.br\/portal\/index.php?rest_route=\/wp\/v2\/posts"}],"about":[{"href":"https:\/\/aconteceunovale.com.br\/portal\/index.php?rest_route=\/wp\/v2\/types\/post"}],"author":[{"embeddable":true,"href":"https:\/\/aconteceunovale.com.br\/portal\/index.php?rest_route=\/wp\/v2\/users\/1"}],"replies":[{"embeddable":true,"href":"https:\/\/aconteceunovale.com.br\/portal\/index.php?rest_route=%2Fwp%2Fv2%2Fcomments&post=159523"}],"version-history":[{"count":3,"href":"https:\/\/aconteceunovale.com.br\/portal\/index.php?rest_route=\/wp\/v2\/posts\/159523\/revisions"}],"predecessor-version":[{"id":159529,"href":"https:\/\/aconteceunovale.com.br\/portal\/index.php?rest_route=\/wp\/v2\/posts\/159523\/revisions\/159529"}],"wp:featuredmedia":[{"embeddable":true,"href":"https:\/\/aconteceunovale.com.br\/portal\/index.php?rest_route=\/wp\/v2\/media\/159525"}],"wp:attachment":[{"href":"https:\/\/aconteceunovale.com.br\/portal\/index.php?rest_route=%2Fwp%2Fv2%2Fmedia&parent=159523"}],"wp:term":[{"taxonomy":"category","embeddable":true,"href":"https:\/\/aconteceunovale.com.br\/portal\/index.php?rest_route=%2Fwp%2Fv2%2Fcategories&post=159523"},{"taxonomy":"post_tag","embeddable":true,"href":"https:\/\/aconteceunovale.com.br\/portal\/index.php?rest_route=%2Fwp%2Fv2%2Ftags&post=159523"}],"curies":[{"name":"wp","href":"https:\/\/api.w.org\/{rel}","templated":true}]}}