{"id":159510,"date":"2020-03-09T07:46:18","date_gmt":"2020-03-09T10:46:18","guid":{"rendered":"http:\/\/aconteceunovale.com.br\/portal\/?p=159510"},"modified":"2020-03-09T07:46:42","modified_gmt":"2020-03-09T10:46:42","slug":"bombeiro-e-assassinado-em-governador-valadares","status":"publish","type":"post","link":"https:\/\/aconteceunovale.com.br\/portal\/?p=159510","title":{"rendered":"Bombeiro \u00e9 assassinado em Governador Valadares"},"content":{"rendered":"\n<p>Um bombeiro militar de 33 anos foi assassinado em Governador Valadares, no Leste de Minas, na noite deste s\u00e1bado (7\/3\/2020). Segundo informa\u00e7\u00f5es da Pol\u00edcia Militar (PM), Kirmair Borges Pinheiro foi baleado na nuca quando aguardava em frente \u00e0 casa do suspeito, um jovem de 25 anos, que foi preso e confessou que matou a v\u00edtima devido a uma d\u00edvida de R$ 20 mil.<\/p>\n\n\n\n<p>Ainda de acordo com a PM, o SAMU (Servi\u00e7o de Atendimento\nM\u00f3vel de Urg\u00eancia) chegou a ser acionado, mas o bombeiro n\u00e3o resistiu e morreu\nno local. O corpo foi encaminhado para o Instituto M\u00e9dico Legal (IML) da\ncidade.<\/p>\n\n\n\n<p>Inicialmente, a pol\u00edcia conversou com a m\u00e3e do jovem e pediu\npara ver as imagens do circuito de seguran\u00e7a da casa apenas porque teriam\nflagrado o crime. A mulher disse que o filho n\u00e3o estava, mas ele chegou pouco\ndepois descal\u00e7o e deu entrada para os militares.<\/p>\n\n\n\n<p>As imagens das c\u00e2meras mostravam a v\u00edtima chegando ao im\u00f3vel\nna rua Caio Martins, tocando o interfone e mexendo no celular, como se tivesse\nmarcado um encontro no local. Em seguida, o autor com o rosto coberto por um\ncapacete vai em dire\u00e7\u00e3o ao bombeiro e atira contra ele, fugindo em seguida de\nmoto. A PM identificou que o autor estava do outro lado da rua o tempo todo,\nescondido ao lado de um container.<\/p>\n\n\n\n<p>O dono da casa confirmou que conhecia a v\u00edtima e teria\nmarcado encontro com ele para quitar uma d\u00edvida de R$ 9 mil, mas o rapaz n\u00e3o\nsoube explicar aos militares porque teria sa\u00eddo de casa, uma vez que havia\nmarcado encontro com Kirmair no local.<\/p>\n\n\n\n<p>A Pol\u00edcia Civil identificou outras c\u00e2meras de seguran\u00e7a na\nrua, que mostraram que o jovem saiu de casa a p\u00e9 com uma sacola de lixo, fingiu\njog\u00e1-la no container, mas saiu com ela e trocou de roupa na mesma rua, embaixo\nde uma \u00e1rvore. Em seguida, ele subiu em uma moto que estava em uma rua pr\u00f3xima\ne estacionou em frente a pr\u00f3pria casa, onde aguardou o bombeiro chegar e o\nmatou.<\/p>\n\n\n\n<p>Diante das imagens, o jovem de 25 anos confessou o crime.\nEle disse que o bombeiro emprestava dinheiro a juros e que devia a ele R$ 20\nmil, tendo decidido matar Kirmair por medo ser morto devido \u00e0 d\u00edvida. O jovem\ndisse ainda que pegou a arma e a moto emprestadas de um traficante do bairro\nSanta Teresinha.<\/p>\n\n\n\n<p>Os policiais fizeram buscas pelo c\u00famplice apontado pelo\njovem, que tamb\u00e9m foi preso. A arma e a moto estavam na casa do traficante e\nforam apreendidas.<\/p>\n\n\n\n<p>Os presos e os materiais apreendidos foram encaminhados para a Delegacia Civil. O caso \u00e9 investigado.<\/p>\n\n\n\n<figure class=\"wp-block-gallery columns-1 is-cropped wp-block-gallery-1 is-layout-flex wp-block-gallery-is-layout-flex\"><ul class=\"blocks-gallery-grid\"><li class=\"blocks-gallery-item\"><figure><img loading=\"lazy\" decoding=\"async\" width=\"660\" height=\"450\" src=\"http:\/\/aconteceunovale.com.br\/portal\/wp-content\/uploads\/2020\/03\/bombeiro_morte_gv_1.jpg\" alt=\"\" data-id=\"159513\" data-full-url=\"http:\/\/aconteceunovale.com.br\/portal\/wp-content\/uploads\/2020\/03\/bombeiro_morte_gv_1.jpg\" data-link=\"http:\/\/aconteceunovale.com.br\/portal\/?attachment_id=159513\" class=\"wp-image-159513\" srcset=\"https:\/\/aconteceunovale.com.br\/portal\/wp-content\/uploads\/2020\/03\/bombeiro_morte_gv_1.jpg 660w, https:\/\/aconteceunovale.com.br\/portal\/wp-content\/uploads\/2020\/03\/bombeiro_morte_gv_1-300x205.jpg 300w, https:\/\/aconteceunovale.com.br\/portal\/wp-content\/uploads\/2020\/03\/bombeiro_morte_gv_1-218x150.jpg 218w, https:\/\/aconteceunovale.com.br\/portal\/wp-content\/uploads\/2020\/03\/bombeiro_morte_gv_1-616x420.jpg 616w\" sizes=\"auto, (max-width: 660px) 100vw, 660px\" \/><figcaption class=\"blocks-gallery-item__caption\"><em>Foto: Reprodu\u00e7\u00e3o \/ WhasApp<\/em><\/figcaption><\/figure><\/li><li class=\"blocks-gallery-item\"><figure><img loading=\"lazy\" decoding=\"async\" width=\"678\" height=\"381\" src=\"http:\/\/aconteceunovale.com.br\/portal\/wp-content\/uploads\/2020\/03\/bombeiro_morte_gv_2.jpg\" alt=\"\" data-id=\"159512\" data-full-url=\"http:\/\/aconteceunovale.com.br\/portal\/wp-content\/uploads\/2020\/03\/bombeiro_morte_gv_2.jpg\" data-link=\"http:\/\/aconteceunovale.com.br\/portal\/?attachment_id=159512\" class=\"wp-image-159512\" srcset=\"https:\/\/aconteceunovale.com.br\/portal\/wp-content\/uploads\/2020\/03\/bombeiro_morte_gv_2.jpg 678w, https:\/\/aconteceunovale.com.br\/portal\/wp-content\/uploads\/2020\/03\/bombeiro_morte_gv_2-300x169.jpg 300w\" sizes=\"auto, (max-width: 678px) 100vw, 678px\" \/><figcaption class=\"blocks-gallery-item__caption\"> <em>Foto: Reprodu\u00e7\u00e3o \/ Comando Geral<\/em><\/figcaption><\/figure><\/li><li class=\"blocks-gallery-item\"><figure><img loading=\"lazy\" decoding=\"async\" width=\"678\" height=\"381\" src=\"http:\/\/aconteceunovale.com.br\/portal\/wp-content\/uploads\/2020\/03\/bombeiro_morte_gv_3.jpg\" alt=\"\" data-id=\"159511\" data-full-url=\"http:\/\/aconteceunovale.com.br\/portal\/wp-content\/uploads\/2020\/03\/bombeiro_morte_gv_3.jpg\" data-link=\"http:\/\/aconteceunovale.com.br\/portal\/?attachment_id=159511\" class=\"wp-image-159511\" srcset=\"https:\/\/aconteceunovale.com.br\/portal\/wp-content\/uploads\/2020\/03\/bombeiro_morte_gv_3.jpg 678w, https:\/\/aconteceunovale.com.br\/portal\/wp-content\/uploads\/2020\/03\/bombeiro_morte_gv_3-300x169.jpg 300w\" sizes=\"auto, (max-width: 678px) 100vw, 678px\" \/><figcaption class=\"blocks-gallery-item__caption\">  <em>Foto: Reprodu\u00e7\u00e3o \/ Comando Geral<\/em> <\/figcaption><\/figure><\/li><\/ul><\/figure>\n\n\n\n<p class=\"has-text-color has-background has-very-light-gray-color has-very-dark-gray-background-color\">Quer saber as not\u00edcias do <strong>Aconteceu no Vale<\/strong> em primeira m\u00e3o? Siga-nos no Facebook <a rel=\"noreferrer noopener\" href=\"http:\/\/facebook.com\/aconteceunovale\" target=\"_blank\">@aconteceunovale<\/a>, Twitter <a rel=\"noreferrer noopener\" href=\"https:\/\/twitter.com\/noticiadosvales\" target=\"_blank\">@noticiadosvales<\/a> e Instagram <a rel=\"noreferrer noopener\" href=\"https:\/\/www.instagram.com\/aconteceunovale\" target=\"_blank\">@aconteceunovale<\/a>.<\/p>\n","protected":false},"excerpt":{"rendered":"<p>Um bombeiro militar de 33 anos foi assassinado em Governador Valadares, no Leste de Minas, na noite deste s\u00e1bado (7\/3\/2020). Segundo informa\u00e7\u00f5es da Pol\u00edcia Militar (PM), Kirmair Borges Pinheiro foi baleado na nuca quando aguardava em frente \u00e0 casa do suspeito, um jovem de 25 anos, que foi preso e confessou que matou a v\u00edtima [&hellip;]<\/p>\n","protected":false},"author":1,"featured_media":159513,"comment_status":"open","ping_status":"closed","sticky":false,"template":"","format":"standard","meta":{"amp_status":"","footnotes":""},"categories":[121],"tags":[217561,44655,217562,217558,217557,1018,247,8180,217564,217563,217560,217559],"class_list":["post-159510","post","type-post","status-publish","format-standard","has-post-thumbnail","hentry","category-leste","tag-agiota-morto-em-governador-valadares","tag-assassinado-em-governador-valadares","tag-assassinato-de-bombeiro-em-governador-valadares","tag-bombeiro-e-assassinado-em-governador-valadares","tag-bombeiro-morto-em-governador-valadares","tag-destaque","tag-governador-valadares","tag-homicidio-em-governador-valadares","tag-kirmair-borges","tag-kirmair-borges-pinheiro","tag-morte-de-agiota-em-governador-valadares","tag-morte-de-bombeiro-em-governador-valadares"],"_links":{"self":[{"href":"https:\/\/aconteceunovale.com.br\/portal\/index.php?rest_route=\/wp\/v2\/posts\/159510","targetHints":{"allow":["GET"]}}],"collection":[{"href":"https:\/\/aconteceunovale.com.br\/portal\/index.php?rest_route=\/wp\/v2\/posts"}],"about":[{"href":"https:\/\/aconteceunovale.com.br\/portal\/index.php?rest_route=\/wp\/v2\/types\/post"}],"author":[{"embeddable":true,"href":"https:\/\/aconteceunovale.com.br\/portal\/index.php?rest_route=\/wp\/v2\/users\/1"}],"replies":[{"embeddable":true,"href":"https:\/\/aconteceunovale.com.br\/portal\/index.php?rest_route=%2Fwp%2Fv2%2Fcomments&post=159510"}],"version-history":[{"count":1,"href":"https:\/\/aconteceunovale.com.br\/portal\/index.php?rest_route=\/wp\/v2\/posts\/159510\/revisions"}],"predecessor-version":[{"id":159514,"href":"https:\/\/aconteceunovale.com.br\/portal\/index.php?rest_route=\/wp\/v2\/posts\/159510\/revisions\/159514"}],"wp:featuredmedia":[{"embeddable":true,"href":"https:\/\/aconteceunovale.com.br\/portal\/index.php?rest_route=\/wp\/v2\/media\/159513"}],"wp:attachment":[{"href":"https:\/\/aconteceunovale.com.br\/portal\/index.php?rest_route=%2Fwp%2Fv2%2Fmedia&parent=159510"}],"wp:term":[{"taxonomy":"category","embeddable":true,"href":"https:\/\/aconteceunovale.com.br\/portal\/index.php?rest_route=%2Fwp%2Fv2%2Fcategories&post=159510"},{"taxonomy":"post_tag","embeddable":true,"href":"https:\/\/aconteceunovale.com.br\/portal\/index.php?rest_route=%2Fwp%2Fv2%2Ftags&post=159510"}],"curies":[{"name":"wp","href":"https:\/\/api.w.org\/{rel}","templated":true}]}}