{"id":159504,"date":"2020-03-09T07:02:15","date_gmt":"2020-03-09T10:02:15","guid":{"rendered":"http:\/\/aconteceunovale.com.br\/portal\/?p=159504"},"modified":"2020-03-09T07:04:42","modified_gmt":"2020-03-09T10:04:42","slug":"ministerio-da-saude-confirma-casos-de-coronavirus-em-alagoas-minas-gerais-sao-paulo-e-rio-de-janeiro","status":"publish","type":"post","link":"https:\/\/aconteceunovale.com.br\/portal\/?p=159504","title":{"rendered":"Minist\u00e9rio da Sa\u00fade confirma casos de coronav\u00edrus em Alagoas, Minas Gerais, S\u00e3o Paulo e Rio de Janeiro"},"content":{"rendered":"\n<p>O Minist\u00e9rio da Sa\u00fade confirmou ontem (8) mais seis novos casos de coronav\u00edrus no pa\u00eds, totalizando 25 casos at\u00e9 o momento. Dos novos registros, tr\u00eas est\u00e3o em&nbsp;S\u00e3o Paulo, um em Alagoas, um no&nbsp;Rio de Janeiro&nbsp;e um em Minas Gerais.<\/p>\n\n\n\n<p>Cinco desses casos foram de pessoas que se contaminaram fora do pa\u00eds. O outro caso, um dos tr\u00eas de S\u00e3o Paulo, \u00e9 de uma contamina\u00e7\u00e3o local, ou seja, quando \u00e9 poss\u00edvel identificar a fonte do cont\u00e1gio. Segundo a Secretaria de Sa\u00fade do estado, os tr\u00eas novos casos do estado est\u00e3o est\u00e1veis e em isolamento domiciliar.<\/p>\n\n\n\n<p>No caso do paciente do Rio de Janeiro, trata-se de uma mulher de 42 anos, moradora no munic\u00edpio do Rio, que acompanhou em viagem \u00e0 It\u00e1lia uma pessoa j\u00e1 confirmada como positiva para o coronav\u00edrus. Ela retornou do exterior na \u00faltima quarta-feira (4). Os primeiros sinais apareceram no dia seguinte \u00e0 sua chegada ao Brasil. Essa mulher tamb\u00e9m est\u00e1 em isolamento domiciliar.<\/p>\n\n\n\n<p>Atualmente, 664 casos s\u00e3o considerados suspeitos e outras 632 pessoas j\u00e1 foram descartadas como portadoras do Covid-19. O minist\u00e9rio recebe as notifica\u00e7\u00f5es de suspeitas das secretarias estaduais de sa\u00fade. Da mesma forma, s\u00e3o as secretarias que confirmam os casos, sendo que a contraprova deve ser realizada por laborat\u00f3rios atestados pelo governo federal.<\/p>\n\n\n\n<p>Para combater a doen\u00e7a, as dicas s\u00e3o cobrir a boca e o nariz ao tossir e espirrar; utilizar len\u00e7o descart\u00e1vel para higiene nasal; evitar tocar as mucosas de olhos, nariz e boca; limpar regularmente o ambiente e mant\u00ea-lo ventilado; lavar as m\u00e3os por pelo menos 20 segundos com \u00e1gua e sab\u00e3o ou usar \u00e1lcool gel.<\/p>\n\n\n\n<p class=\"has-text-color has-background has-very-light-gray-color has-very-dark-gray-background-color\">Quer saber as not\u00edcias do <strong>Aconteceu no Vale<\/strong> em primeira m\u00e3o? Siga-nos no Facebook <a rel=\"noreferrer noopener\" href=\"http:\/\/facebook.com\/aconteceunovale\" target=\"_blank\">@aconteceunovale<\/a>, Twitter <a rel=\"noreferrer noopener\" href=\"https:\/\/twitter.com\/noticiadosvales\" target=\"_blank\">@noticiadosvales<\/a> e Instagram <a rel=\"noreferrer noopener\" href=\"https:\/\/www.instagram.com\/aconteceunovale\" target=\"_blank\">@aconteceunovale<\/a>.<\/p>\n","protected":false},"excerpt":{"rendered":"<p>O Minist\u00e9rio da Sa\u00fade confirmou ontem (8) mais seis novos casos de coronav\u00edrus no pa\u00eds, totalizando 25 casos at\u00e9 o momento. Dos novos registros, tr\u00eas est\u00e3o em&nbsp;S\u00e3o Paulo, um em Alagoas, um no&nbsp;Rio de Janeiro&nbsp;e um em Minas Gerais. Cinco desses casos foram de pessoas que se contaminaram fora do pa\u00eds. O outro caso, um [&hellip;]<\/p>\n","protected":false},"author":1,"featured_media":159378,"comment_status":"open","ping_status":"closed","sticky":false,"template":"","format":"standard","meta":{"amp_status":"","footnotes":""},"categories":[6,123,40242],"tags":[217297,752,217285,24358,194,1017,217036,217370,215670,217369,215651,215649,217543,217229,217493,217300,30594,216496,34856,217301,217299,214884,217035,214886,215396,215652,217542,217228,217033,216497,216984,215716,215394,216498,217298,1018,216985,204275,23046,214882,217360,217302,185976,34858,217034,215650,215648,34259,210,217227,215654,215653,214885,217032,23476,215791,217289,217296,27380,217224,217368,215655,217226,217225,217223,214883,214887,185806],"class_list":["post-159504","post","type-post","status-publish","format-standard","has-post-thumbnail","hentry","category-br","category-gerais","category-saude-2","tag-alcool-gel-e-eficaz-na-prevencao-ao-coronavirus","tag-almg","tag-arquidioceses-e-dioceses-recomendam-evitar-contato-em-missas-para-prevenir-coronavirus","tag-assembleia-legislativa-de-minas-gerais","tag-belo-horizonte","tag-bh","tag-brasil-confirma-primeiro-caso-de-coronavirus","tag-brasil-confirma-segundo-caso-de-coronavirus","tag-brasil-tem-nove-casos-suspeitos-de-coronavirus","tag-caso-confirmado-de-coronavirus-no-brasil","tag-caso-de-coronavirus-em-belo-horizonte","tag-caso-de-coronavirus-em-bh","tag-caso-de-coronavirus-em-minas-gerais","tag-caso-de-coronavirus-em-montes-claros","tag-casos-confirmados-do-novo-coronavirus-sobem-para-19-no-brasil","tag-cfq","tag-china","tag-china-tem-1-770-mortes-por-coronavirus","tag-codigo-de-defesa-do-consumidor","tag-combate-fake-news-coronavirus","tag-conselho-federal-de-quimica","tag-coronavirus","tag-coronavirus-balanca-economia-mundial","tag-coronavirus-china","tag-coronavirus-em-belo-horizonte","tag-coronavirus-em-bh","tag-coronavirus-em-minas-gerais","tag-coronavirus-em-montes-claros","tag-coronavirus-hospital-israelita-albert-einstein","tag-coronavirus-ja-matou-1-770-pessoas-na-china","tag-coronavirus-ja-matou-mais-de-2-600-pessoas-na-china","tag-coronavirus-ja-matou-mais-de-200-pessoas-na-china","tag-coronavirus-no-brasil","tag-covid-19","tag-desmentindo-fake-news-coronavirus","tag-destaque","tag-diamond-princess","tag-henrique-mandetta","tag-hospital-israelita-albert-einstein","tag-infectados-com-novo-virus-na-china","tag-ipatinga-monitora-dois-casos-suspeitos-de-coronavirus","tag-jose-de-ribamar-oliveira-filho","tag-luiz-henrique-mandetta","tag-marcelo-barbosa","tag-ministerio-da-saude-monitora-caso-suspeito-de-coronavirus","tag-ministerio-da-saude-monitora-caso-suspeito-de-coronavirus-em-belo-horizonte","tag-ministerio-da-saude-monitora-caso-suspeito-de-coronavirus-em-bh","tag-ministro-da-saude","tag-montes-claros","tag-montes-claros-monitora-caso-suspeito-do-novo-coronavirus","tag-ncov-2019","tag-novo-coronavirus","tag-novo-virus-na-china","tag-numero-de-mortes-causadas-pelo-coronavirus-chega-a-2-715-na-china","tag-oms","tag-organizacao-mundial-da-saude-confirma-11-953-casos-de-coronavirus","tag-organizacao-mundial-da-saude-eleva-grau-de-risco-de-disseminacao-do-coronavirus-para-muito-alto","tag-prevencao-ao-coronavirus","tag-procon-da-almg","tag-procon-da-almg-coronavirus","tag-segundo-caso-de-coronavirus-no-brasil","tag-sintomas-do-coronavirus","tag-viagem-cancelada-coronavirus","tag-viagem-cancelada-por-causa-do-coronavirus","tag-viagem-cancelada-por-causa-do-coronavirus-nao-pode-ter-multa","tag-virus-da-china","tag-virus-de-origem-chinesa-pode-ter-infectado-mais-de-mil-de-pessoas","tag-wuhan"],"_links":{"self":[{"href":"https:\/\/aconteceunovale.com.br\/portal\/index.php?rest_route=\/wp\/v2\/posts\/159504","targetHints":{"allow":["GET"]}}],"collection":[{"href":"https:\/\/aconteceunovale.com.br\/portal\/index.php?rest_route=\/wp\/v2\/posts"}],"about":[{"href":"https:\/\/aconteceunovale.com.br\/portal\/index.php?rest_route=\/wp\/v2\/types\/post"}],"author":[{"embeddable":true,"href":"https:\/\/aconteceunovale.com.br\/portal\/index.php?rest_route=\/wp\/v2\/users\/1"}],"replies":[{"embeddable":true,"href":"https:\/\/aconteceunovale.com.br\/portal\/index.php?rest_route=%2Fwp%2Fv2%2Fcomments&post=159504"}],"version-history":[{"count":2,"href":"https:\/\/aconteceunovale.com.br\/portal\/index.php?rest_route=\/wp\/v2\/posts\/159504\/revisions"}],"predecessor-version":[{"id":159506,"href":"https:\/\/aconteceunovale.com.br\/portal\/index.php?rest_route=\/wp\/v2\/posts\/159504\/revisions\/159506"}],"wp:featuredmedia":[{"embeddable":true,"href":"https:\/\/aconteceunovale.com.br\/portal\/index.php?rest_route=\/wp\/v2\/media\/159378"}],"wp:attachment":[{"href":"https:\/\/aconteceunovale.com.br\/portal\/index.php?rest_route=%2Fwp%2Fv2%2Fmedia&parent=159504"}],"wp:term":[{"taxonomy":"category","embeddable":true,"href":"https:\/\/aconteceunovale.com.br\/portal\/index.php?rest_route=%2Fwp%2Fv2%2Fcategories&post=159504"},{"taxonomy":"post_tag","embeddable":true,"href":"https:\/\/aconteceunovale.com.br\/portal\/index.php?rest_route=%2Fwp%2Fv2%2Ftags&post=159504"}],"curies":[{"name":"wp","href":"https:\/\/api.w.org\/{rel}","templated":true}]}}