{"id":159495,"date":"2020-03-08T21:02:25","date_gmt":"2020-03-09T00:02:25","guid":{"rendered":"http:\/\/aconteceunovale.com.br\/portal\/?p=159495"},"modified":"2020-03-08T21:03:22","modified_gmt":"2020-03-09T00:03:22","slug":"ifnmg-campus-aracuai-ganha-predio-pedagogico-laboratorio-e-biblioteca","status":"publish","type":"post","link":"https:\/\/aconteceunovale.com.br\/portal\/?p=159495","title":{"rendered":"IFNMG-Campus Ara\u00e7ua\u00ed ganha pr\u00e9dio pedag\u00f3gico, laborat\u00f3rio e biblioteca"},"content":{"rendered":"\n<p>Solenidade realizada no Instituto Federal do Norte de Minas Gerais (IFNMG)-Campus Ara\u00e7ua\u00ed na sexta-feira, 06\/03\/2020, fechou a primeira semana de inaugura\u00e7\u00f5es de obras nos campi do Instituto neste m\u00eas de mar\u00e7o. O reitor, professor Jos\u00e9 Ricardo Martins da Silva, dirigentes, servidores e alunos do IFNMG, parlamentares, prefeitos e representantes de institui\u00e7\u00f5es parceiras e da comunidade estiveram presentes no gin\u00e1sio do Campus para inaugurar o Pr\u00e9dio Pedag\u00f3gico, o Laborat\u00f3rio de Minera\u00e7\u00e3o e Tratamento de Min\u00e9rios e a nova Biblioteca, al\u00e9m da moderniza\u00e7\u00e3o dos laborat\u00f3rios de inform\u00e1tica e montagem da sala de m\u00fasica.\u00a0<\/p>\n\n\n\n<p>Assim como nas demais inaugura\u00e7\u00f5es dessa semana, o que permitiu a efetiva\u00e7\u00e3o das obras foram as parcerias. A constru\u00e7\u00e3o do pr\u00e9dio pedag\u00f3gico e a reforma do laborat\u00f3rio foram fruto de uma coopera\u00e7\u00e3o firmada com a Companhia de Desenvolvimento de Minas Gerais (Codemge), que aportou R$ 2,7 milh\u00f5es para as duas obras e a aquisi\u00e7\u00e3o de equipamentos, ficando a sob sua responsabilidade a licita\u00e7\u00e3o, a fiscaliza\u00e7\u00e3o e o recebimento definitivo das obras. Al\u00e9m desse recurso, tamb\u00e9m foram investidos R$ 232 mil provenientes de emenda parlamentar do deputado federal Reginaldo Lopes e de recursos do pr\u00f3prio IFNMG.<\/p>\n\n\n\n<p>O reitor Jos\u00e9 Ricardo destacou o papel fundamental desempenhado pelos servidores p\u00fablicos e pelas institui\u00e7\u00f5es parceiras para que, mesmo em momentos de crise financeira, o Instituto siga sendo capaz de fazer investimentos para potencializar a transforma\u00e7\u00e3o social por meio da educa\u00e7\u00e3o p\u00fablica. \u201cN\u00f3s servidores n\u00e3o somos os culpados pelos problemas econ\u00f4micos do pa\u00eds. Somos na verdade os guardi\u00f5es do Estado para que nada tire dos nossos alunos essas possibilidades de terem suas vidas transformadas\u201d, disse o reitor, que destacou que o zelo com que o IFNMG vem trabalhando faz com que n\u00e3o haja nenhuma obra parada e nenhuma pend\u00eancia junto aos \u00f3rg\u00e3os de controle.<\/p>\n\n\n\n<p>Para o diretor de Minera\u00e7\u00e3o, Energia e Infraestrutura da Codemge, Renato de Souza Costa, essas obras exemplificam a atua\u00e7\u00e3o da Companhia em potencializar a educa\u00e7\u00e3o como um vetor fundamental para o desenvolvimento socioecon\u00f4mico brasileiro e em estar alinhado a demandas regionais, como \u00e9 o caso da minera\u00e7\u00e3o no Vale do Jequitinhonha. \u201c\u00c9 com entusiasmo que a Codemge celebra essa conquista significativa para a comunidade de Ara\u00e7ua\u00ed, para o Vale do Jequitinhonha e para Minas Gerais. A Codemge trabalha para elevar a qualidadede vida dos mineiros e alavancar o progresso do nosso estado, gerando novas oportunidades de investimento, aumentando a competitividade de Minas e proporcionando bons neg\u00f3cios para o setor produtivo\u201d, disse Renato.<\/p>\n\n\n\n<p>O diretor-geral do Campus Ara\u00e7ua\u00ed, professor A\u00e9cio Oliveira de Miranda, fez quest\u00e3o de agradecer aos parceiros envolvidos na concretiza\u00e7\u00e3o desse sonho de conseguir atender aos estudantes e \u00e0 comunidade com instala\u00e7\u00f5es adequadas \u00e0 crescente demanda e inclusive entregou homenagens aos principais envolvidos. \u201cAo longo dos \u00faltimos cinco anos, o Campus Ara\u00e7ua\u00ed implantou v\u00e1rios novos cursos e passou de 400 matr\u00edculas para mais de 1100. Mas com a gradual diminui\u00e7\u00e3o do investimento, n\u00e3o conseguir\u00edamos por conta pr\u00f3pria construir novas salas de aula e laborat\u00f3rios. Foi gra\u00e7as \u00e0 parceria com a Codemge e o apoio do deputado Reginaldo Lopes podemos entregar \u00e0 comunidade de Ara\u00e7ua\u00ed obras novas, modernas e com instala\u00e7\u00f5es adequadas \u00e0 pr\u00e1tica educativa e melhorias significativas em outros espa\u00e7os j\u00e1 existentes\u201d, disse A\u00e9cio.<\/p>\n\n\n\n<p>O deputado federal Reginaldo Lopes, que destinou as emendas parlamentares para a maior parte dos investimentos recentes do Campus Ara\u00e7ua\u00ed, refor\u00e7ou que os Institutos Federais s\u00e3o as melhores institui\u00e7\u00f5es para enfrentar as desigualdades sociais. \u201c\u00c9 fundamental fazer uma expans\u00e3o radical por dentro dos institutos existentes. Os pilares para resolver os problemas do Brasil e da educa\u00e7\u00e3o brasileira est\u00e3o aqui e a entrega desses novos equipamentos fortalece uma das institui\u00e7\u00f5es que faz parte da melhor educa\u00e7\u00e3o do mundo\u201d, disse Reginaldo, referindo-se a dados que posicionam o desempenho da Rede Federal de Educa\u00e7\u00e3o Profissional, Cient\u00edfica e Tecnol\u00f3gica como a quarta melhor educa\u00e7\u00e3o do mundo.<\/p>\n\n\n\n<p>O deputado estadual Dr. Jean Freire e o prefeito municipal de Ara\u00e7ua\u00ed, Armando Jardim Paix\u00e3o, destacaram que o Instituto Federal representa para os jovens da cidade e da regi\u00e3o a principal oportunidade para estudo e transforma\u00e7\u00e3o de vida e que por isso precisa continuar sendo fortalecido com o m\u00e1ximo poss\u00edvel de investimentos e apoios.<\/p>\n\n\n\n<p><strong>Os espa\u00e7os<\/strong><\/p>\n\n\n\n<p>O Pr\u00e9dio Pedag\u00f3gico, constru\u00eddo para abrigar atividades de ensino da Institui\u00e7\u00e3o, \u00e9 compat\u00edvel com as normas de acessibilidade e conta com 12 salas de aula amplas, instala\u00e7\u00f5es sanit\u00e1rias e bebedouros. Equipado com a estrutura necess\u00e1ria ao desenvolvimento das atividades pedag\u00f3gicas, conta com recursos modernos, como quadros de vidro e projetores multim\u00eddia.<\/p>\n\n\n\n<p>J\u00e1 o Laborat\u00f3rio de Mineralogia e Tratamento de Min\u00e9rios teve seu layout reconfigurado e os novos equipamentos de alto padr\u00e3o tecnol\u00f3gico que foram adquiridos fizeram dele uma estrutura moderna e apta a dar suporte ao desenvolvimento de atividades de ensino, pesquisa e extens\u00e3o em um ambiente prop\u00edcio \u00e0 inova\u00e7\u00e3o tecnol\u00f3gica.<\/p>\n\n\n\n<p><strong>T\u00e9cnico em Minera\u00e7\u00e3o<\/strong><\/p>\n\n\n\n<p>Reformado e equipado, o Laborat\u00f3rio de Mineralogia e Tratamento de Min\u00e9rios atender\u00e1, especialmente, o curso t\u00e9cnico em Minera\u00e7\u00e3o, que est\u00e1 em processo de constru\u00e7\u00e3o pelo IFNMG-Campus Ara\u00e7ua\u00ed, com oferta de vagas prevista para 2020 ou 2021. Fruto do termo de coopera\u00e7\u00e3o firmado com a Codemge, o novo curso vai ao encontro da demanda regional, j\u00e1 que o M\u00e9dio Jequitinhonha \u00e9 reconhecido pelo potencial de explora\u00e7\u00e3o de min\u00e9rio. O objetivo ser\u00e1 oportunizar forma\u00e7\u00e3o de pessoal t\u00e9cnico para atuar em empreendimentos de pequeno, m\u00e9dio e grande porte.<\/p>\n\n\n\n<p>Enquanto o curso t\u00e9cnico em Minera\u00e7\u00e3o n\u00e3o for ofertado, o Laborat\u00f3rio pode ser utilizado por alunos e professores de outros cursos.<\/p>\n\n\n\n<p><strong>Biblioteca<\/strong><\/p>\n\n\n\n<p>Outra obra oficialmente inaugurada na solenidade desta sexta-feira foi a Biblioteca do Campus Ara\u00e7ua\u00ed. Conclu\u00edda e j\u00e1 em utiliza\u00e7\u00e3o desde julho de 2017, a nova Biblioteca conta com um acervo de mais mais de oito mil livros de v\u00e1rias \u00e1reas do conhecimento, cinco salas de estudos climatizadas, computadores com acesso \u00e0 internet, mesas de estudo, escaninhos para guardar material, banheiros e bebedouros.<\/p>\n\n\n\n<p>Ambiente ideal para os alunos lerem, estudarem, realizarem pesquisas e trabalhos em grupo, com todo o conforto necess\u00e1rio, o espa\u00e7o tamb\u00e9m \u00e9 usado para a realiza\u00e7\u00e3o de interven\u00e7\u00f5es art\u00edsticas e atividades culturais. Al\u00e9m disso, no mezanino do pr\u00e9dio funcionam alguns dos setores administrativos do IFNMG-Campus Ara\u00e7ua\u00ed.<\/p>\n\n\n\n<p>O custo da obra foi de R$ 1,7 milh\u00e3o; em mobili\u00e1rio e equipamentos foram investidos quase R$ 300 mil.<\/p>\n\n\n\n<p><strong>Outros investimentos recentes<\/strong><\/p>\n\n\n\n<p>A solenidade tamb\u00e9m apresentou os demais investimentos que foram realizados nos \u00faltimos anos pelo IFNMG \u2013 Campus Ara\u00e7ua\u00ed, com recursos pr\u00f3prios e com emendas do deputado Reginaldo Lopes, como aquisi\u00e7\u00e3o de 82 computadores, bancadas e m\u00f3dulos para laborat\u00f3rios, implementos agr\u00edcolas, instrumentos musicais, usina fotovoltaica, material bibliogr\u00e1fico e aparelhos de ar condicionado para climatiza\u00e7\u00e3o de todas as salas de aula.<\/p>\n\n\n\n<p>Ao final da solenidade, os presentes puderam conhecer as novas instala\u00e7\u00f5es do pr\u00e9dio pedag\u00f3gico, da biblioteca e do Laborat\u00f3rio de Minera\u00e7\u00e3o e Tratamento de Min\u00e9rios.<\/p>\n\n\n\n<p>Confira algumas fotos da solenidade:<\/p>\n\n\n\n<figure class=\"wp-block-gallery columns-1 is-cropped wp-block-gallery-1 is-layout-flex wp-block-gallery-is-layout-flex\"><ul class=\"blocks-gallery-grid\"><li class=\"blocks-gallery-item\"><figure><img loading=\"lazy\" decoding=\"async\" width=\"675\" height=\"450\" src=\"http:\/\/aconteceunovale.com.br\/portal\/wp-content\/uploads\/2020\/03\/inauguracao_aracuai_1.jpg\" alt=\"\" data-id=\"159501\" data-full-url=\"http:\/\/aconteceunovale.com.br\/portal\/wp-content\/uploads\/2020\/03\/inauguracao_aracuai_1.jpg\" data-link=\"http:\/\/aconteceunovale.com.br\/portal\/?attachment_id=159501\" class=\"wp-image-159501\" srcset=\"https:\/\/aconteceunovale.com.br\/portal\/wp-content\/uploads\/2020\/03\/inauguracao_aracuai_1.jpg 675w, https:\/\/aconteceunovale.com.br\/portal\/wp-content\/uploads\/2020\/03\/inauguracao_aracuai_1-300x200.jpg 300w, https:\/\/aconteceunovale.com.br\/portal\/wp-content\/uploads\/2020\/03\/inauguracao_aracuai_1-630x420.jpg 630w\" sizes=\"auto, (max-width: 675px) 100vw, 675px\" \/><figcaption class=\"blocks-gallery-item__caption\"> <em>Foto: Divulga\u00e7\u00e3o\/IFNMG<\/em> <\/figcaption><\/figure><\/li><li class=\"blocks-gallery-item\"><figure><img loading=\"lazy\" decoding=\"async\" width=\"675\" height=\"450\" src=\"http:\/\/aconteceunovale.com.br\/portal\/wp-content\/uploads\/2020\/03\/inauguracao_aracuai_2.jpg\" alt=\"\" data-id=\"159500\" data-full-url=\"http:\/\/aconteceunovale.com.br\/portal\/wp-content\/uploads\/2020\/03\/inauguracao_aracuai_2.jpg\" data-link=\"http:\/\/aconteceunovale.com.br\/portal\/?attachment_id=159500\" class=\"wp-image-159500\" srcset=\"https:\/\/aconteceunovale.com.br\/portal\/wp-content\/uploads\/2020\/03\/inauguracao_aracuai_2.jpg 675w, https:\/\/aconteceunovale.com.br\/portal\/wp-content\/uploads\/2020\/03\/inauguracao_aracuai_2-300x200.jpg 300w, https:\/\/aconteceunovale.com.br\/portal\/wp-content\/uploads\/2020\/03\/inauguracao_aracuai_2-630x420.jpg 630w\" sizes=\"auto, (max-width: 675px) 100vw, 675px\" \/><figcaption class=\"blocks-gallery-item__caption\"> <em>Foto: Divulga\u00e7\u00e3o\/IFNMG<\/em> <\/figcaption><\/figure><\/li><li class=\"blocks-gallery-item\"><figure><img loading=\"lazy\" decoding=\"async\" width=\"675\" height=\"450\" src=\"http:\/\/aconteceunovale.com.br\/portal\/wp-content\/uploads\/2020\/03\/inauguracao_aracuai_3.jpg\" alt=\"\" data-id=\"159499\" data-full-url=\"http:\/\/aconteceunovale.com.br\/portal\/wp-content\/uploads\/2020\/03\/inauguracao_aracuai_3.jpg\" data-link=\"http:\/\/aconteceunovale.com.br\/portal\/?attachment_id=159499\" class=\"wp-image-159499\" srcset=\"https:\/\/aconteceunovale.com.br\/portal\/wp-content\/uploads\/2020\/03\/inauguracao_aracuai_3.jpg 675w, https:\/\/aconteceunovale.com.br\/portal\/wp-content\/uploads\/2020\/03\/inauguracao_aracuai_3-300x200.jpg 300w, https:\/\/aconteceunovale.com.br\/portal\/wp-content\/uploads\/2020\/03\/inauguracao_aracuai_3-630x420.jpg 630w\" sizes=\"auto, (max-width: 675px) 100vw, 675px\" \/><figcaption class=\"blocks-gallery-item__caption\"> <em>Foto: Divulga\u00e7\u00e3o\/IFNMG<\/em> <\/figcaption><\/figure><\/li><li class=\"blocks-gallery-item\"><figure><img loading=\"lazy\" decoding=\"async\" width=\"675\" height=\"450\" src=\"http:\/\/aconteceunovale.com.br\/portal\/wp-content\/uploads\/2020\/03\/inauguracao_aracuai_4.jpg\" alt=\"\" data-id=\"159498\" data-full-url=\"http:\/\/aconteceunovale.com.br\/portal\/wp-content\/uploads\/2020\/03\/inauguracao_aracuai_4.jpg\" data-link=\"http:\/\/aconteceunovale.com.br\/portal\/?attachment_id=159498\" class=\"wp-image-159498\" srcset=\"https:\/\/aconteceunovale.com.br\/portal\/wp-content\/uploads\/2020\/03\/inauguracao_aracuai_4.jpg 675w, https:\/\/aconteceunovale.com.br\/portal\/wp-content\/uploads\/2020\/03\/inauguracao_aracuai_4-300x200.jpg 300w, https:\/\/aconteceunovale.com.br\/portal\/wp-content\/uploads\/2020\/03\/inauguracao_aracuai_4-630x420.jpg 630w\" sizes=\"auto, (max-width: 675px) 100vw, 675px\" \/><figcaption class=\"blocks-gallery-item__caption\"> <em>Foto: Divulga\u00e7\u00e3o\/IFNMG<\/em> <\/figcaption><\/figure><\/li><li class=\"blocks-gallery-item\"><figure><img loading=\"lazy\" decoding=\"async\" width=\"675\" height=\"450\" src=\"http:\/\/aconteceunovale.com.br\/portal\/wp-content\/uploads\/2020\/03\/inauguracao_aracuai_5.jpg\" alt=\"\" data-id=\"159497\" data-full-url=\"http:\/\/aconteceunovale.com.br\/portal\/wp-content\/uploads\/2020\/03\/inauguracao_aracuai_5.jpg\" data-link=\"http:\/\/aconteceunovale.com.br\/portal\/?attachment_id=159497\" class=\"wp-image-159497\" srcset=\"https:\/\/aconteceunovale.com.br\/portal\/wp-content\/uploads\/2020\/03\/inauguracao_aracuai_5.jpg 675w, https:\/\/aconteceunovale.com.br\/portal\/wp-content\/uploads\/2020\/03\/inauguracao_aracuai_5-300x200.jpg 300w, https:\/\/aconteceunovale.com.br\/portal\/wp-content\/uploads\/2020\/03\/inauguracao_aracuai_5-630x420.jpg 630w\" sizes=\"auto, (max-width: 675px) 100vw, 675px\" \/><figcaption class=\"blocks-gallery-item__caption\"> <em>Foto: Divulga\u00e7\u00e3o\/IFNMG<\/em> <\/figcaption><\/figure><\/li><li class=\"blocks-gallery-item\"><figure><img loading=\"lazy\" decoding=\"async\" width=\"675\" height=\"450\" src=\"http:\/\/aconteceunovale.com.br\/portal\/wp-content\/uploads\/2020\/03\/inauguracao_aracuai_6.jpg\" alt=\"\" data-id=\"159496\" data-full-url=\"http:\/\/aconteceunovale.com.br\/portal\/wp-content\/uploads\/2020\/03\/inauguracao_aracuai_6.jpg\" data-link=\"http:\/\/aconteceunovale.com.br\/portal\/?attachment_id=159496\" class=\"wp-image-159496\" srcset=\"https:\/\/aconteceunovale.com.br\/portal\/wp-content\/uploads\/2020\/03\/inauguracao_aracuai_6.jpg 675w, https:\/\/aconteceunovale.com.br\/portal\/wp-content\/uploads\/2020\/03\/inauguracao_aracuai_6-300x200.jpg 300w, https:\/\/aconteceunovale.com.br\/portal\/wp-content\/uploads\/2020\/03\/inauguracao_aracuai_6-630x420.jpg 630w\" sizes=\"auto, (max-width: 675px) 100vw, 675px\" \/><figcaption class=\"blocks-gallery-item__caption\"><em>Foto: Divulga\u00e7\u00e3o\/IFNMG<\/em><\/figcaption><\/figure><\/li><\/ul><\/figure>\n\n\n\n<p class=\"has-text-color has-background has-very-light-gray-color has-very-dark-gray-background-color\">Quer saber as not\u00edcias do <strong>Aconteceu no Vale<\/strong> em primeira m\u00e3o? Siga-nos no Facebook <a rel=\"noreferrer noopener\" href=\"http:\/\/facebook.com\/aconteceunovale\" target=\"_blank\">@aconteceunovale<\/a>, Twitter <a rel=\"noreferrer noopener\" href=\"https:\/\/twitter.com\/noticiadosvales\" target=\"_blank\">@noticiadosvales<\/a> e Instagram <a rel=\"noreferrer noopener\" href=\"https:\/\/www.instagram.com\/aconteceunovale\" target=\"_blank\">@aconteceunovale<\/a>.<\/p>\n","protected":false},"excerpt":{"rendered":"<p>Solenidade realizada no Instituto Federal do Norte de Minas Gerais (IFNMG)-Campus Ara\u00e7ua\u00ed na sexta-feira, 06\/03\/2020, fechou a primeira semana de inaugura\u00e7\u00f5es de obras nos campi do Instituto neste m\u00eas de mar\u00e7o. O reitor, professor Jos\u00e9 Ricardo Martins da Silva, dirigentes, servidores e alunos do IFNMG, parlamentares, prefeitos e representantes de institui\u00e7\u00f5es parceiras e da comunidade [&hellip;]<\/p>\n","protected":false},"author":1,"featured_media":156607,"comment_status":"open","ping_status":"closed","sticky":false,"template":"","format":"standard","meta":{"amp_status":"","footnotes":""},"categories":[40238,120],"tags":[88191,186,14801,203512,217537,217540,217538,1018,17463,255,208218,208217,217541,217535,28901,217534,213244,217536,42982,17351,217539],"class_list":["post-159495","post","type-post","status-publish","format-standard","has-post-thumbnail","hentry","category-educacao-2","category-jequi","tag-aecio-oliveira-de-miranda","tag-aracuai","tag-armando-jardim-paixao","tag-codemge","tag-companhia-de-desenvolvimento-de-minas-gerais","tag-deputado-dr-jean-freire","tag-deputado-reginaldo-lopes","tag-destaque","tag-dr-jean-freire","tag-ifnmg","tag-ifnmg-aracuai","tag-ifnmg-campus-aracuai-2","tag-ifnmg-campus-aracuai-ganha-predio-pedagogico-e-biblioteca","tag-inauguracao-campus-aracuai","tag-instituto-federal-do-norte-de-minas-gerais","tag-investimentos-no-ifnmg-aracuai","tag-jose-ricardo-martins-da-silva","tag-laboratorio-de-mineracao-e-tratamento-de-minerios-do-campus-aracuai","tag-prefeito-de-aracuai","tag-reginaldo-lopes","tag-renato-de-souza-costa"],"_links":{"self":[{"href":"https:\/\/aconteceunovale.com.br\/portal\/index.php?rest_route=\/wp\/v2\/posts\/159495","targetHints":{"allow":["GET"]}}],"collection":[{"href":"https:\/\/aconteceunovale.com.br\/portal\/index.php?rest_route=\/wp\/v2\/posts"}],"about":[{"href":"https:\/\/aconteceunovale.com.br\/portal\/index.php?rest_route=\/wp\/v2\/types\/post"}],"author":[{"embeddable":true,"href":"https:\/\/aconteceunovale.com.br\/portal\/index.php?rest_route=\/wp\/v2\/users\/1"}],"replies":[{"embeddable":true,"href":"https:\/\/aconteceunovale.com.br\/portal\/index.php?rest_route=%2Fwp%2Fv2%2Fcomments&post=159495"}],"version-history":[{"count":1,"href":"https:\/\/aconteceunovale.com.br\/portal\/index.php?rest_route=\/wp\/v2\/posts\/159495\/revisions"}],"predecessor-version":[{"id":159502,"href":"https:\/\/aconteceunovale.com.br\/portal\/index.php?rest_route=\/wp\/v2\/posts\/159495\/revisions\/159502"}],"wp:featuredmedia":[{"embeddable":true,"href":"https:\/\/aconteceunovale.com.br\/portal\/index.php?rest_route=\/wp\/v2\/media\/156607"}],"wp:attachment":[{"href":"https:\/\/aconteceunovale.com.br\/portal\/index.php?rest_route=%2Fwp%2Fv2%2Fmedia&parent=159495"}],"wp:term":[{"taxonomy":"category","embeddable":true,"href":"https:\/\/aconteceunovale.com.br\/portal\/index.php?rest_route=%2Fwp%2Fv2%2Fcategories&post=159495"},{"taxonomy":"post_tag","embeddable":true,"href":"https:\/\/aconteceunovale.com.br\/portal\/index.php?rest_route=%2Fwp%2Fv2%2Ftags&post=159495"}],"curies":[{"name":"wp","href":"https:\/\/api.w.org\/{rel}","templated":true}]}}