{"id":159488,"date":"2020-03-08T20:50:58","date_gmt":"2020-03-08T23:50:58","guid":{"rendered":"http:\/\/aconteceunovale.com.br\/portal\/?p=159488"},"modified":"2020-03-08T20:51:27","modified_gmt":"2020-03-08T23:51:27","slug":"hospital-veterinario-do-ifnmg-campus-salinas-e-inaugurado","status":"publish","type":"post","link":"https:\/\/aconteceunovale.com.br\/portal\/?p=159488","title":{"rendered":"Hospital Veterin\u00e1rio do IFNMG-Campus Salinas \u00e9 inaugurado"},"content":{"rendered":"\n<p>O Instituto Federal do Norte de Minas Gerais (IFNMG)-Campus Salinas realizou na manh\u00e3 de quarta-feira, 04\/03\/2020, a cerim\u00f4nia de inaugura\u00e7\u00e3o do Complexo de Atendimento Cl\u00ednico Veterin\u00e1rio (CACV), mais conhecido como Hospital Veterin\u00e1rio. O evento contou com a presen\u00e7a do reitor do Instituto, professor Jos\u00e9 Ricardo Martins da Silva, de gestores, servidores e alunos do IFNMG e do prefeito municipal de Salinas, Z\u00e9 Prates, entre outros membros da comunidade interna e externa.<\/p>\n\n\n\n<p>O IFNMG investiu cerca de R$ 6,4 milh\u00f5es na constru\u00e7\u00e3o da obra, conclu\u00edda em 2019, e mais R$ 600 mil para equipar a estrutura. A \u00e1rea total do Complexo \u00e9 de 17 mil m<sup>2<\/sup>, sendo 4 mil m<sup>2<\/sup>\u00a0de \u00e1rea constru\u00edda. A unidade \u00e9 organizada em 12 blocos, com estruturas destinadas, entre outros, \u00e0 parte cl\u00ednica, laborat\u00f3rios e salas de aula.<\/p>\n\n\n\n<p>O reitor Jos\u00e9 Ricardo, que inclusive \u00e9 m\u00e9dico veterin\u00e1rio, destacou a grandiosidade da obra, que faz com que o Instituto seja uma das poucas institui\u00e7\u00f5es de ensino no Brasil que possuem um hospital veterin\u00e1rio. &#8220;Essa \u00e9 uma das maiores obras que fizemos nos \u00faltimos anos. E mesmo com todas as dificuldades, a sua entrega definitiva \u00e9 uma confirma\u00e7\u00e3o de como os servidores e os parceiros desta institui\u00e7\u00e3o trabalham com zelo pela coisa p\u00fablica e pelos nossos queridos alunos&#8221;, disse o reitor.<\/p>\n\n\n\n<p>O diretor-geral do Campus Salinas, professor Wagner Patr\u00edcio de Sousa Junior, agradeceu e homenageou diversas pessoas que se empenharam em transformar esse dif\u00edcil sonho em realidade e contou um pouco da hist\u00f3ria do hospital, que come\u00e7ou em 2014. &#8220;Est\u00e1vamos com uma cl\u00ednica bem montada, mas precis\u00e1vamos evoluir, e a evolu\u00e7\u00e3o leva tempo. A obra, os equipamentos, os recursos, o atendimento, as aulas, tudo foi vindo aos poucos, mas hoje j\u00e1 estamos muito bem instalados e come\u00e7ando, enfim, a atender a comunidade&#8221;, disse Wagner, que tamb\u00e9m destacou os desafios diante das restri\u00e7\u00f5es or\u00e7ament\u00e1rias e das possiveis parcerias para iniciar projetos de pesquisa e extens\u00e3o.<\/p>\n\n\n\n<p>O prefeito Z\u00e9 Prates e a pr\u00f3-reitora de Extens\u00e3o e ex-diretora do Campus Salinas, professora Maria Araci Magalh\u00e3es, destacaram a import\u00e2ncia de sonhar e de colocar em pr\u00e1tica esses sonhos para que o Campus evolua continuamente e seja cada vez mais importante para o desenvolvimento local.<\/p>\n\n\n\n<p>Ap\u00f3s as falas e homenagens, os presentes conheceram as instala\u00e7\u00f5es do complexo, que foram apresentadas e explicadas por alunos e servidores do curso de Medicina Veterin\u00e1ria.<\/p>\n\n\n\n<p><strong>O Hospital<\/strong><\/p>\n\n\n\n<p>Entre as diretrizes que nortearam a concep\u00e7\u00e3o e constru\u00e7\u00e3o do Hospital, destacam-se o bem-estar animal, com todos os ambientes, tais como currais e baias, planejados com esse foco; a acessibilidade \u00e0 comunidade escolar, com cal\u00e7adas em piso podot\u00e1til e acesso em rampa, banheiros acess\u00edveis, mapas t\u00e1teis e identifica\u00e7\u00e3o de ambientes em Braille; e a sustentabilidade ambiental &#8211; a unidade disp\u00f5e de sistema de capta\u00e7\u00e3o de \u00e1gua da chuva, com tanque de armazenamento com capacidade de 500 m3, para utiliza\u00e7\u00e3o em limpeza e irriga\u00e7\u00e3o de jardins.<\/p>\n\n\n\n<p>Em funcionamento desde o \u00faltimo m\u00eas de setembro, o Complexo tem como foco inicial o atendimento cl\u00ednico e cir\u00fargico (pequenos procedimentos, inicialmente) de pequenos animais e atividades did\u00e1ticas, te\u00f3ricas e pr\u00e1ticas, do curso de Medicina Veterin\u00e1ria, at\u00e9 que se atendam as demandas de equipamentos, mobili\u00e1rio e pessoal indispens\u00e1veis para seu pleno funcionamento.<\/p>\n\n\n\n<p><strong>Atendimento \u00e0 comunidade<\/strong><\/p>\n\n\n\n<p>Juntamente com a inaugura\u00e7\u00e3o oficial, o Hospital Veterin\u00e1rio celebra, nesta semana, a abertura dos primeiros servi\u00e7os \u00e0 comunidade, como explica o coordenador e respons\u00e1vel t\u00e9cnico, professor Walter Octaviano Bernis Filho. O atendimento cl\u00ednico de pequenos animais acontece \u00e0s segundas-feiras, das 7h30 \u00e0s 9 horas, e a avalia\u00e7\u00e3o de pacientes que precisam de cirurgias simples ser\u00e1 \u00e0s quintas-feiras, das 13h30 \u00e0s 15h30.<\/p>\n\n\n\n<p>Os atendimentos s\u00e3o realizados por ordem de chegada e para que o animal seja atendido \u00e9 necess\u00e1rio que seja levado pelo dono\/tutor respons\u00e1vel, desde que maior de idade. O Hospital Veterin\u00e1rio fica no IFNMG-Campus Salinas, localizado na Fazenda Varginha, km 02 da Rodovia Salinas-Taiobeiras. D\u00favidas sobre os atendimentos podem ser esclarecidas via Whatsapp: (38) 99881-4591.<\/p>\n\n\n\n<p>Por enquanto, n\u00e3o haver\u00e1 servi\u00e7o de interna\u00e7\u00e3o de animais.<\/p>\n\n\n\n<p>Confira algumas fotos da cerim\u00f4nia:<\/p>\n\n\n\n<figure class=\"wp-block-gallery columns-1 is-cropped wp-block-gallery-1 is-layout-flex wp-block-gallery-is-layout-flex\"><ul class=\"blocks-gallery-grid\"><li class=\"blocks-gallery-item\"><figure><img loading=\"lazy\" decoding=\"async\" width=\"675\" height=\"450\" src=\"http:\/\/aconteceunovale.com.br\/portal\/wp-content\/uploads\/2020\/03\/hospital_veterinario_salinas_1.jpg\" alt=\"\" data-id=\"159493\" data-full-url=\"http:\/\/aconteceunovale.com.br\/portal\/wp-content\/uploads\/2020\/03\/hospital_veterinario_salinas_1.jpg\" data-link=\"http:\/\/aconteceunovale.com.br\/portal\/?attachment_id=159493\" class=\"wp-image-159493\" srcset=\"https:\/\/aconteceunovale.com.br\/portal\/wp-content\/uploads\/2020\/03\/hospital_veterinario_salinas_1.jpg 675w, https:\/\/aconteceunovale.com.br\/portal\/wp-content\/uploads\/2020\/03\/hospital_veterinario_salinas_1-300x200.jpg 300w, https:\/\/aconteceunovale.com.br\/portal\/wp-content\/uploads\/2020\/03\/hospital_veterinario_salinas_1-630x420.jpg 630w\" sizes=\"auto, (max-width: 675px) 100vw, 675px\" \/><figcaption class=\"blocks-gallery-item__caption\"><em>Foto: Divulga\u00e7\u00e3o\/IFNMG<\/em><\/figcaption><\/figure><\/li><li class=\"blocks-gallery-item\"><figure><img loading=\"lazy\" decoding=\"async\" width=\"675\" height=\"450\" src=\"http:\/\/aconteceunovale.com.br\/portal\/wp-content\/uploads\/2020\/03\/hospital_veterinario_salinas_2.jpg\" alt=\"\" data-id=\"159492\" data-full-url=\"http:\/\/aconteceunovale.com.br\/portal\/wp-content\/uploads\/2020\/03\/hospital_veterinario_salinas_2.jpg\" data-link=\"http:\/\/aconteceunovale.com.br\/portal\/?attachment_id=159492\" class=\"wp-image-159492\" srcset=\"https:\/\/aconteceunovale.com.br\/portal\/wp-content\/uploads\/2020\/03\/hospital_veterinario_salinas_2.jpg 675w, https:\/\/aconteceunovale.com.br\/portal\/wp-content\/uploads\/2020\/03\/hospital_veterinario_salinas_2-300x200.jpg 300w, https:\/\/aconteceunovale.com.br\/portal\/wp-content\/uploads\/2020\/03\/hospital_veterinario_salinas_2-630x420.jpg 630w\" sizes=\"auto, (max-width: 675px) 100vw, 675px\" \/><figcaption class=\"blocks-gallery-item__caption\"> <em>Foto: Divulga\u00e7\u00e3o\/IFNMG<\/em> <\/figcaption><\/figure><\/li><li class=\"blocks-gallery-item\"><figure><img loading=\"lazy\" decoding=\"async\" width=\"675\" height=\"450\" src=\"http:\/\/aconteceunovale.com.br\/portal\/wp-content\/uploads\/2020\/03\/hospital_veterinario_salinas_3.jpg\" alt=\"\" data-id=\"159491\" data-full-url=\"http:\/\/aconteceunovale.com.br\/portal\/wp-content\/uploads\/2020\/03\/hospital_veterinario_salinas_3.jpg\" data-link=\"http:\/\/aconteceunovale.com.br\/portal\/?attachment_id=159491\" class=\"wp-image-159491\" srcset=\"https:\/\/aconteceunovale.com.br\/portal\/wp-content\/uploads\/2020\/03\/hospital_veterinario_salinas_3.jpg 675w, https:\/\/aconteceunovale.com.br\/portal\/wp-content\/uploads\/2020\/03\/hospital_veterinario_salinas_3-300x200.jpg 300w, https:\/\/aconteceunovale.com.br\/portal\/wp-content\/uploads\/2020\/03\/hospital_veterinario_salinas_3-630x420.jpg 630w\" sizes=\"auto, (max-width: 675px) 100vw, 675px\" \/><figcaption class=\"blocks-gallery-item__caption\"> <em>Foto: Divulga\u00e7\u00e3o\/IFNMG<\/em> <\/figcaption><\/figure><\/li><li class=\"blocks-gallery-item\"><figure><img loading=\"lazy\" decoding=\"async\" width=\"675\" height=\"450\" src=\"http:\/\/aconteceunovale.com.br\/portal\/wp-content\/uploads\/2020\/03\/hospital_veterinario_salinas_4.jpg\" alt=\"\" data-id=\"159490\" data-full-url=\"http:\/\/aconteceunovale.com.br\/portal\/wp-content\/uploads\/2020\/03\/hospital_veterinario_salinas_4.jpg\" data-link=\"http:\/\/aconteceunovale.com.br\/portal\/?attachment_id=159490\" class=\"wp-image-159490\" srcset=\"https:\/\/aconteceunovale.com.br\/portal\/wp-content\/uploads\/2020\/03\/hospital_veterinario_salinas_4.jpg 675w, https:\/\/aconteceunovale.com.br\/portal\/wp-content\/uploads\/2020\/03\/hospital_veterinario_salinas_4-300x200.jpg 300w, https:\/\/aconteceunovale.com.br\/portal\/wp-content\/uploads\/2020\/03\/hospital_veterinario_salinas_4-630x420.jpg 630w\" sizes=\"auto, (max-width: 675px) 100vw, 675px\" \/><figcaption class=\"blocks-gallery-item__caption\"> <em>Foto: Divulga\u00e7\u00e3o\/IFNMG<\/em> <\/figcaption><\/figure><\/li><li class=\"blocks-gallery-item\"><figure><img loading=\"lazy\" decoding=\"async\" width=\"675\" height=\"450\" src=\"http:\/\/aconteceunovale.com.br\/portal\/wp-content\/uploads\/2020\/03\/hospital_veterinario_salinas_5.jpg\" alt=\"\" data-id=\"159489\" data-full-url=\"http:\/\/aconteceunovale.com.br\/portal\/wp-content\/uploads\/2020\/03\/hospital_veterinario_salinas_5.jpg\" data-link=\"http:\/\/aconteceunovale.com.br\/portal\/?attachment_id=159489\" class=\"wp-image-159489\" srcset=\"https:\/\/aconteceunovale.com.br\/portal\/wp-content\/uploads\/2020\/03\/hospital_veterinario_salinas_5.jpg 675w, https:\/\/aconteceunovale.com.br\/portal\/wp-content\/uploads\/2020\/03\/hospital_veterinario_salinas_5-300x200.jpg 300w, https:\/\/aconteceunovale.com.br\/portal\/wp-content\/uploads\/2020\/03\/hospital_veterinario_salinas_5-630x420.jpg 630w\" sizes=\"auto, (max-width: 675px) 100vw, 675px\" \/><figcaption class=\"blocks-gallery-item__caption\"> <em>Foto: Divulga\u00e7\u00e3o\/IFNMG<\/em> <\/figcaption><\/figure><\/li><\/ul><\/figure>\n\n\n\n<p class=\"has-text-color has-background has-very-light-gray-color has-very-dark-gray-background-color\">Quer saber as not\u00edcias do <strong>Aconteceu no Vale<\/strong> em primeira m\u00e3o? Siga-nos no Facebook <a rel=\"noreferrer noopener\" href=\"http:\/\/facebook.com\/aconteceunovale\" target=\"_blank\">@aconteceunovale<\/a>, Twitter <a rel=\"noreferrer noopener\" href=\"https:\/\/twitter.com\/noticiadosvales\" target=\"_blank\">@noticiadosvales<\/a> e Instagram <a rel=\"noreferrer noopener\" href=\"https:\/\/www.instagram.com\/aconteceunovale\" target=\"_blank\">@aconteceunovale<\/a>.<\/p>\n","protected":false},"excerpt":{"rendered":"<p>O Instituto Federal do Norte de Minas Gerais (IFNMG)-Campus Salinas realizou na manh\u00e3 de quarta-feira, 04\/03\/2020, a cerim\u00f4nia de inaugura\u00e7\u00e3o do Complexo de Atendimento Cl\u00ednico Veterin\u00e1rio (CACV), mais conhecido como Hospital Veterin\u00e1rio. O evento contou com a presen\u00e7a do reitor do Instituto, professor Jos\u00e9 Ricardo Martins da Silva, de gestores, servidores e alunos do IFNMG [&hellip;]<\/p>\n","protected":false},"author":1,"featured_media":159493,"comment_status":"open","ping_status":"closed","sticky":false,"template":"","format":"standard","meta":{"amp_status":"","footnotes":""},"categories":[1236,40242],"tags":[217529,217530,217533,137890,215738,28901,213244,6897,190,217532,217531],"class_list":["post-159488","post","type-post","status-publish","format-standard","has-post-thumbnail","hentry","category-norte_de_minas","category-saude-2","tag-hospital-veterinario-de-salinas","tag-hospital-veterinario-do-ifnmg-campus-salinas","tag-hospital-veterinario-do-ifnmg-campus-salinas-e-inaugurado","tag-ifnmg-salinas","tag-ifnmg-campus-salinas-2","tag-instituto-federal-do-norte-de-minas-gerais","tag-jose-ricardo-martins-da-silva","tag-prefeito-de-salinas","tag-salinas","tag-wagner-patricio-de-sousa-junior","tag-ze-prates"],"_links":{"self":[{"href":"https:\/\/aconteceunovale.com.br\/portal\/index.php?rest_route=\/wp\/v2\/posts\/159488","targetHints":{"allow":["GET"]}}],"collection":[{"href":"https:\/\/aconteceunovale.com.br\/portal\/index.php?rest_route=\/wp\/v2\/posts"}],"about":[{"href":"https:\/\/aconteceunovale.com.br\/portal\/index.php?rest_route=\/wp\/v2\/types\/post"}],"author":[{"embeddable":true,"href":"https:\/\/aconteceunovale.com.br\/portal\/index.php?rest_route=\/wp\/v2\/users\/1"}],"replies":[{"embeddable":true,"href":"https:\/\/aconteceunovale.com.br\/portal\/index.php?rest_route=%2Fwp%2Fv2%2Fcomments&post=159488"}],"version-history":[{"count":1,"href":"https:\/\/aconteceunovale.com.br\/portal\/index.php?rest_route=\/wp\/v2\/posts\/159488\/revisions"}],"predecessor-version":[{"id":159494,"href":"https:\/\/aconteceunovale.com.br\/portal\/index.php?rest_route=\/wp\/v2\/posts\/159488\/revisions\/159494"}],"wp:featuredmedia":[{"embeddable":true,"href":"https:\/\/aconteceunovale.com.br\/portal\/index.php?rest_route=\/wp\/v2\/media\/159493"}],"wp:attachment":[{"href":"https:\/\/aconteceunovale.com.br\/portal\/index.php?rest_route=%2Fwp%2Fv2%2Fmedia&parent=159488"}],"wp:term":[{"taxonomy":"category","embeddable":true,"href":"https:\/\/aconteceunovale.com.br\/portal\/index.php?rest_route=%2Fwp%2Fv2%2Fcategories&post=159488"},{"taxonomy":"post_tag","embeddable":true,"href":"https:\/\/aconteceunovale.com.br\/portal\/index.php?rest_route=%2Fwp%2Fv2%2Ftags&post=159488"}],"curies":[{"name":"wp","href":"https:\/\/api.w.org\/{rel}","templated":true}]}}