{"id":159484,"date":"2020-03-08T20:41:24","date_gmt":"2020-03-08T23:41:24","guid":{"rendered":"http:\/\/aconteceunovale.com.br\/portal\/?p=159484"},"modified":"2020-03-08T20:41:50","modified_gmt":"2020-03-08T23:41:50","slug":"assaltante-de-aracuai-e-preso-apos-roubo-em-leme-do-prado","status":"publish","type":"post","link":"https:\/\/aconteceunovale.com.br\/portal\/?p=159484","title":{"rendered":"Assaltante de Ara\u00e7ua\u00ed \u00e9 preso ap\u00f3s roubo em Leme do Prado"},"content":{"rendered":"\n<p>Um homem de 29 anos, morador de Ara\u00e7ua\u00ed, foi preso em flagrante ap\u00f3s\ncometer um roubo em uma loja de produtos rurais no Centro de Leme do Prado, no\nVale do Jequitinhonha, na tarde de sexta-feira (06\/03\/2020). No local, segundo\na Pol\u00edcia Militar (PM), funciona tamb\u00e9m um terminal de autoatendimento do\nBradesco.<\/p>\n\n\n\n<p>De acordo a PM,&nbsp;por volta das 14h10, o assaltante entrou no\nestabelecimento com uma espingarda artesanal calibre 12 e anunciou o roubo,\naterrorizando funcion\u00e1rios e clientes.<\/p>\n\n\n\n<p>O criminoso estava com capacete na cabe\u00e7a e&nbsp;tentou fugir em\numa motocicleta, pilotada por um comparsa, que o esperava na porta do\nestabelecimento. No entanto, os bandidos n\u00e3o contavam com a presen\u00e7a da Pol\u00edcia\nMilitar, que fazia rondas nas proximidades. Populares avisaram os policiais,\nque imediatamente se deslocaram para o local.<\/p>\n\n\n\n<p>O piloto da moto fugiu&nbsp;ao perceber a presen\u00e7a dos\npoliciais. O outro assaltante tentou sair do local a p\u00e9, mas foi encurralado e\npreso. Com ele a pol\u00edcia apreendeu o dinheiro roubado do caixa do posto\nbanc\u00e1rio, cerca de R$ 3.800,00, um celular e a arma usada no crime.<\/p>\n\n\n\n<p>O sargento Machado, comandante do destacamento local, disse que\no bandido preso amea\u00e7ou atirar contra a guarni\u00e7\u00e3o, mas o tiro falhou. Um dos\npoliciais reagiu, mas ningu\u00e9m ficou ferido.<\/p>\n\n\n\n<p>O assaltante preso confessou que o comparsa dele \u00e9 da cidade de\nCoronel Murta e que teria v\u00e1rias passagens pela pol\u00edcia. A moto que ele\nconduzia foi abandonada na comunidade de Olhos D\u2019\u00c1gua. Posteriormente, segundo\na ocorr\u00eancia, foi constatado que a moto&nbsp;havia sido furtada em Francisco\nBadar\u00f3.<\/p>\n\n\n\n<p>A pol\u00edcia apreendeu a motocicleta, que se encontra no p\u00e1tio do\nDetran de Turmalina. O assaltante preso foi conduzido \u00e0 Delegacia de Plant\u00e3o em\nCapelinha, onde a ocorr\u00eancia foi encerrada.<\/p>\n\n\n\n<p>A PM informou que faz dilig\u00eancias juntamente com a Pol\u00edcia Civil na tentativa de prender o foragido.<\/p>\n\n\n\n<figure class=\"wp-block-gallery columns-1 is-cropped wp-block-gallery-1 is-layout-flex wp-block-gallery-is-layout-flex\"><ul class=\"blocks-gallery-grid\"><li class=\"blocks-gallery-item\"><figure><img loading=\"lazy\" decoding=\"async\" width=\"650\" height=\"319\" src=\"http:\/\/aconteceunovale.com.br\/portal\/wp-content\/uploads\/2020\/03\/roubo_leme_do_prado_1.jpg\" alt=\"\" data-id=\"159486\" data-full-url=\"http:\/\/aconteceunovale.com.br\/portal\/wp-content\/uploads\/2020\/03\/roubo_leme_do_prado_1.jpg\" data-link=\"http:\/\/aconteceunovale.com.br\/portal\/?attachment_id=159486\" class=\"wp-image-159486\" srcset=\"https:\/\/aconteceunovale.com.br\/portal\/wp-content\/uploads\/2020\/03\/roubo_leme_do_prado_1.jpg 650w, https:\/\/aconteceunovale.com.br\/portal\/wp-content\/uploads\/2020\/03\/roubo_leme_do_prado_1-300x147.jpg 300w, https:\/\/aconteceunovale.com.br\/portal\/wp-content\/uploads\/2020\/03\/roubo_leme_do_prado_1-324x160.jpg 324w, https:\/\/aconteceunovale.com.br\/portal\/wp-content\/uploads\/2020\/03\/roubo_leme_do_prado_1-533x261.jpg 533w\" sizes=\"auto, (max-width: 650px) 100vw, 650px\" \/><figcaption class=\"blocks-gallery-item__caption\"><em>Foto: Divulga\u00e7\u00e3o<\/em><\/figcaption><\/figure><\/li><li class=\"blocks-gallery-item\"><figure><img loading=\"lazy\" decoding=\"async\" width=\"674\" height=\"406\" src=\"http:\/\/aconteceunovale.com.br\/portal\/wp-content\/uploads\/2020\/03\/roubo_leme_do_prado_2.jpg\" alt=\"\" data-id=\"159485\" data-full-url=\"http:\/\/aconteceunovale.com.br\/portal\/wp-content\/uploads\/2020\/03\/roubo_leme_do_prado_2.jpg\" data-link=\"http:\/\/aconteceunovale.com.br\/portal\/?attachment_id=159485\" class=\"wp-image-159485\" srcset=\"https:\/\/aconteceunovale.com.br\/portal\/wp-content\/uploads\/2020\/03\/roubo_leme_do_prado_2.jpg 674w, https:\/\/aconteceunovale.com.br\/portal\/wp-content\/uploads\/2020\/03\/roubo_leme_do_prado_2-300x181.jpg 300w\" sizes=\"auto, (max-width: 674px) 100vw, 674px\" \/><figcaption class=\"blocks-gallery-item__caption\"> <em>Foto: Divulga\u00e7\u00e3o<\/em> <\/figcaption><\/figure><\/li><\/ul><\/figure>\n\n\n\n<p class=\"has-text-color has-background has-very-light-gray-color has-very-dark-gray-background-color\">Quer saber as not\u00edcias do <strong>Aconteceu no Vale<\/strong> em primeira m\u00e3o? Siga-nos no Facebook <a rel=\"noreferrer noopener\" href=\"http:\/\/facebook.com\/aconteceunovale\" target=\"_blank\">@aconteceunovale<\/a>, Twitter <a rel=\"noreferrer noopener\" href=\"https:\/\/twitter.com\/noticiadosvales\" target=\"_blank\">@noticiadosvales<\/a> e Instagram <a rel=\"noreferrer noopener\" href=\"https:\/\/www.instagram.com\/aconteceunovale\" target=\"_blank\">@aconteceunovale<\/a>.<\/p>\n","protected":false},"excerpt":{"rendered":"<p>Um homem de 29 anos, morador de Ara\u00e7ua\u00ed, foi preso em flagrante ap\u00f3s cometer um roubo em uma loja de produtos rurais no Centro de Leme do Prado, no Vale do Jequitinhonha, na tarde de sexta-feira (06\/03\/2020). No local, segundo a Pol\u00edcia Militar (PM), funciona tamb\u00e9m um terminal de autoatendimento do Bradesco. De acordo a [&hellip;]<\/p>\n","protected":false},"author":1,"featured_media":159486,"comment_status":"open","ping_status":"closed","sticky":false,"template":"","format":"standard","meta":{"amp_status":"","footnotes":""},"categories":[120],"tags":[186,217528,174001,132,483,187,480,174000,178],"class_list":["post-159484","post","type-post","status-publish","format-standard","has-post-thumbnail","hentry","category-jequi","tag-aracuai","tag-assaltante-de-aracuai-e-preso-apos-roubo-em-leme-do-prado","tag-assalto-em-leme-do-prado","tag-capelinha","tag-coronel-murta","tag-francisco-badaro","tag-leme-do-prado","tag-roubo-em-leme-do-prado","tag-turmalina"],"_links":{"self":[{"href":"https:\/\/aconteceunovale.com.br\/portal\/index.php?rest_route=\/wp\/v2\/posts\/159484","targetHints":{"allow":["GET"]}}],"collection":[{"href":"https:\/\/aconteceunovale.com.br\/portal\/index.php?rest_route=\/wp\/v2\/posts"}],"about":[{"href":"https:\/\/aconteceunovale.com.br\/portal\/index.php?rest_route=\/wp\/v2\/types\/post"}],"author":[{"embeddable":true,"href":"https:\/\/aconteceunovale.com.br\/portal\/index.php?rest_route=\/wp\/v2\/users\/1"}],"replies":[{"embeddable":true,"href":"https:\/\/aconteceunovale.com.br\/portal\/index.php?rest_route=%2Fwp%2Fv2%2Fcomments&post=159484"}],"version-history":[{"count":1,"href":"https:\/\/aconteceunovale.com.br\/portal\/index.php?rest_route=\/wp\/v2\/posts\/159484\/revisions"}],"predecessor-version":[{"id":159487,"href":"https:\/\/aconteceunovale.com.br\/portal\/index.php?rest_route=\/wp\/v2\/posts\/159484\/revisions\/159487"}],"wp:featuredmedia":[{"embeddable":true,"href":"https:\/\/aconteceunovale.com.br\/portal\/index.php?rest_route=\/wp\/v2\/media\/159486"}],"wp:attachment":[{"href":"https:\/\/aconteceunovale.com.br\/portal\/index.php?rest_route=%2Fwp%2Fv2%2Fmedia&parent=159484"}],"wp:term":[{"taxonomy":"category","embeddable":true,"href":"https:\/\/aconteceunovale.com.br\/portal\/index.php?rest_route=%2Fwp%2Fv2%2Fcategories&post=159484"},{"taxonomy":"post_tag","embeddable":true,"href":"https:\/\/aconteceunovale.com.br\/portal\/index.php?rest_route=%2Fwp%2Fv2%2Ftags&post=159484"}],"curies":[{"name":"wp","href":"https:\/\/api.w.org\/{rel}","templated":true}]}}