{"id":159481,"date":"2020-03-08T20:09:10","date_gmt":"2020-03-08T23:09:10","guid":{"rendered":"http:\/\/aconteceunovale.com.br\/portal\/?p=159481"},"modified":"2020-03-08T20:09:56","modified_gmt":"2020-03-08T23:09:56","slug":"junior-de-denir-e-eleito-prefeito-de-jacinto","status":"publish","type":"post","link":"https:\/\/aconteceunovale.com.br\/portal\/?p=159481","title":{"rendered":"J\u00fanior de Denir \u00e9 eleito prefeito de Jacinto"},"content":{"rendered":"\n<p>Valdenir Pereira da Silva J\u00fanior (J\u00fanior de Denir \u2013 PSDB) e Jo\u00e3o\nAlves Berberino (PP), da Coliga\u00e7\u00e3o \u201cPor Jacinto a Luta Vale a Pena\n(PSDB\/PP\/MDB), s\u00e3o os novos prefeito e vice eleitos neste domingo (8) em\nelei\u00e7\u00e3o suplementar no munic\u00edpio de Jacinto (Vale do Jequitinhonha). Eles receberam\n3.012 votos (51,57%) e dever\u00e3o ser diplomados pela Justi\u00e7a Eleitoral at\u00e9 o dia\n26 de mar\u00e7o.&nbsp;<\/p>\n\n\n\n<p>Em segundo lugar ficaram\nAdailton Alves de Almeida (Dai da Sa\u00fade \u2013 PRTB) e seu vice Marcone Sousa\nCarvalho (CIDADANIA), pela Coliga\u00e7\u00e3o \u201cPelo Povo de Jacinto\u201d\n(PRTB\/PROS\/CIDADANIA), com 2.829 votos (48,43%).<\/p>\n\n\n\n<p>Voltaram \u00e0s urnas neste domingo 6.119 eleitores de Jacinto, o\nque representa 69,82% do eleitorado apto a votar nesta elei\u00e7\u00e3o suplementar (o\neleitorado referente a este pleito era de 8.764). O percentual de absten\u00e7\u00e3o\nficou em 30,18% (2.645 eleitores). Foram contabilizados 66 votos em branco\n(1,08%) e 212 votos nulos (3,46%).&nbsp;<\/p>\n\n\n\n<p>A vota\u00e7\u00e3o foi encerrada \u00e0s 17h, ap\u00f3s um dia de elei\u00e7\u00e3o\ntranquilo, sem necessidade de troca de nenhuma das 31 urnas eletr\u00f4nicas utilizadas.\nN\u00e3o houve registro de ocorr\u00eancia policial referente ao pleito. A totaliza\u00e7\u00e3o\ndos votos ocorreu \u00e0s 19h15.&nbsp;<\/p>\n\n\n\n<p>Os eleitores de Jacinto que n\u00e3o compareceram \u00e0s urnas neste domingo devem justificar a aus\u00eancia at\u00e9 dia 7 de maio de 2020 (60 dias ap\u00f3s a elei\u00e7\u00e3o). Saiba mais sobre\u00a0<a href=\"http:\/\/www.tre-mg.jus.br\/eleitor\/justificativa-eleitoral\/justificativa-eleitoral-1\" target=\"_blank\" rel=\"noreferrer noopener\" aria-label=\" (abre numa nova aba)\">justificativa<\/a>.<\/p>\n\n\n\n<p>A elei\u00e7\u00e3o suplementar ocorreu em raz\u00e3o de a chapa eleita em 2016 ter sido cassada pelo TRE-MG por abuso de poder econ\u00f4mico na campanha eleitoral.<\/p>\n\n\n\n<figure class=\"wp-block-gallery columns-1 is-cropped wp-block-gallery-1 is-layout-flex wp-block-gallery-is-layout-flex\"><ul class=\"blocks-gallery-grid\"><li class=\"blocks-gallery-item\"><figure><img loading=\"lazy\" decoding=\"async\" width=\"650\" height=\"428\" src=\"http:\/\/aconteceunovale.com.br\/portal\/wp-content\/uploads\/2020\/03\/junior_de_denir_joao_de_losa.jpg\" alt=\"\" data-id=\"159482\" class=\"wp-image-159482\" srcset=\"https:\/\/aconteceunovale.com.br\/portal\/wp-content\/uploads\/2020\/03\/junior_de_denir_joao_de_losa.jpg 650w, https:\/\/aconteceunovale.com.br\/portal\/wp-content\/uploads\/2020\/03\/junior_de_denir_joao_de_losa-300x198.jpg 300w, https:\/\/aconteceunovale.com.br\/portal\/wp-content\/uploads\/2020\/03\/junior_de_denir_joao_de_losa-638x420.jpg 638w\" sizes=\"auto, (max-width: 650px) 100vw, 650px\" \/><figcaption class=\"blocks-gallery-item__caption\"><em>J\u00fanior de Denir e Jo\u00e3o Berberino &#8211; Foto: Divulga\u00e7\u00e3o<\/em><\/figcaption><\/figure><\/li><\/ul><\/figure>\n\n\n\n<p class=\"has-text-color has-background has-very-light-gray-color has-very-dark-gray-background-color\">Quer saber as not\u00edcias do <strong>Aconteceu no Vale<\/strong> em primeira m\u00e3o? Siga-nos no Facebook <a rel=\"noreferrer noopener\" href=\"http:\/\/facebook.com\/aconteceunovale\" target=\"_blank\">@aconteceunovale<\/a>, Twitter <a rel=\"noreferrer noopener\" href=\"https:\/\/twitter.com\/noticiadosvales\" target=\"_blank\">@noticiadosvales<\/a> e Instagram <a rel=\"noreferrer noopener\" href=\"https:\/\/www.instagram.com\/aconteceunovale\" target=\"_blank\">@aconteceunovale<\/a>.<\/p>\n","protected":false},"excerpt":{"rendered":"<p>Valdenir Pereira da Silva J\u00fanior (J\u00fanior de Denir \u2013 PSDB) e Jo\u00e3o Alves Berberino (PP), da Coliga\u00e7\u00e3o \u201cPor Jacinto a Luta Vale a Pena (PSDB\/PP\/MDB), s\u00e3o os novos prefeito e vice eleitos neste domingo (8) em elei\u00e7\u00e3o suplementar no munic\u00edpio de Jacinto (Vale do Jequitinhonha). Eles receberam 3.012 votos (51,57%) e dever\u00e3o ser diplomados pela [&hellip;]<\/p>\n","protected":false},"author":1,"featured_media":159482,"comment_status":"open","ping_status":"closed","sticky":false,"template":"","format":"standard","meta":{"amp_status":"","footnotes":""},"categories":[40240,120],"tags":[159746,217467,159741,159747,159744,159743,217468,1018,161468,161467,217526,217469,217525,1704,408,151659,475,217473,217527,159740,151658,77985,217466,161886,161885,161466,159745,541,161469,217524,217470,217471,151655,118107,159742,121547,267,217472],"class_list":["post-159481","post","type-post","status-publish","format-standard","has-post-thumbnail","hentry","category-politica-2","category-jequi","tag-144a-zona-eleitoral","tag-adailton-alves-de-almeida","tag-afastamento-do-prefeito-de-jacinto","tag-andre-luiz-alves","tag-camara-de-jacinto","tag-camara-municipal-de-jacinto","tag-dai-da-saude","tag-destaque","tag-eleicao-em-jacinto","tag-eleicao-suplementar-em-jacinto","tag-eleito-novo-prefeito-em-jacinto","tag-eleitores-de-jacinto-voltam-as-urnas-no-domingo","tag-ganhador-da-eleicao-em-jacinto","tag-ibiracatu","tag-jacinto","tag-joao-alves-berberino","tag-jordania","tag-junior-de-denir","tag-junior-de-denir-e-eleito-prefeito-de-jacinto","tag-justica-eleitoral-afasta-prefeito-de-jacinto","tag-leonardo-augusto-de-souza","tag-luiz-fux","tag-marcone-sousa-carvalho","tag-ministro-do-tribunal-superior-eleitoral","tag-ministro-do-tse-concede-liminar-e-mantem-prefeito-de-jacinto-no-cargo","tag-municipio-de-jacinto-tambem-tera-eleicao-em-novembro","tag-nadson-lucio-carvalho","tag-no-vale-do-jequitinhonha","tag-nova-eleicao-em-jacinto","tag-novo-prefeito-de-jacinto","tag-pelo-povo-de-jacinto","tag-por-jacinto-a-luta-vale-a-pena","tag-prefeito-de-jacinto","tag-prefeito-eleito-em-jacinto","tag-processo-prefeito-de-jacinto","tag-santana-da-vargem","tag-tse","tag-valdenir-pereira-da-silva-junior"],"_links":{"self":[{"href":"https:\/\/aconteceunovale.com.br\/portal\/index.php?rest_route=\/wp\/v2\/posts\/159481","targetHints":{"allow":["GET"]}}],"collection":[{"href":"https:\/\/aconteceunovale.com.br\/portal\/index.php?rest_route=\/wp\/v2\/posts"}],"about":[{"href":"https:\/\/aconteceunovale.com.br\/portal\/index.php?rest_route=\/wp\/v2\/types\/post"}],"author":[{"embeddable":true,"href":"https:\/\/aconteceunovale.com.br\/portal\/index.php?rest_route=\/wp\/v2\/users\/1"}],"replies":[{"embeddable":true,"href":"https:\/\/aconteceunovale.com.br\/portal\/index.php?rest_route=%2Fwp%2Fv2%2Fcomments&post=159481"}],"version-history":[{"count":1,"href":"https:\/\/aconteceunovale.com.br\/portal\/index.php?rest_route=\/wp\/v2\/posts\/159481\/revisions"}],"predecessor-version":[{"id":159483,"href":"https:\/\/aconteceunovale.com.br\/portal\/index.php?rest_route=\/wp\/v2\/posts\/159481\/revisions\/159483"}],"wp:featuredmedia":[{"embeddable":true,"href":"https:\/\/aconteceunovale.com.br\/portal\/index.php?rest_route=\/wp\/v2\/media\/159482"}],"wp:attachment":[{"href":"https:\/\/aconteceunovale.com.br\/portal\/index.php?rest_route=%2Fwp%2Fv2%2Fmedia&parent=159481"}],"wp:term":[{"taxonomy":"category","embeddable":true,"href":"https:\/\/aconteceunovale.com.br\/portal\/index.php?rest_route=%2Fwp%2Fv2%2Fcategories&post=159481"},{"taxonomy":"post_tag","embeddable":true,"href":"https:\/\/aconteceunovale.com.br\/portal\/index.php?rest_route=%2Fwp%2Fv2%2Ftags&post=159481"}],"curies":[{"name":"wp","href":"https:\/\/api.w.org\/{rel}","templated":true}]}}