{"id":159471,"date":"2020-03-07T23:10:15","date_gmt":"2020-03-08T02:10:15","guid":{"rendered":"http:\/\/aconteceunovale.com.br\/portal\/?p=159471"},"modified":"2020-03-07T23:10:43","modified_gmt":"2020-03-08T02:10:43","slug":"casos-confirmados-do-novo-coronavirus-sobem-para-19-no-brasil","status":"publish","type":"post","link":"https:\/\/aconteceunovale.com.br\/portal\/?p=159471","title":{"rendered":"Casos confirmados do novo coronav\u00edrus sobem para 19 no Brasil"},"content":{"rendered":"\n<p>O n\u00famero de casos confirmados do novo coronav\u00edrus (Covid-19) chegou a 19, segundo atualiza\u00e7\u00e3o divulgada hoje (7\/3\/2020) pelo Minist\u00e9rio da Sa\u00fade. S\u00e3o seis pacientes infectados a mais em compara\u00e7\u00e3o com o balan\u00e7o apresentado ontem (6) pelo \u00f3rg\u00e3o.<\/p>\n\n\n\n<p>O maior crescimento foi em S\u00e3o Paulo. O estado, que tinha 10 casos confirmados, informou mais tr\u00eas na atualiza\u00e7\u00e3o de hoje. O quarto foi um\u00a0novo paciente no Rio de Janeiro, que chega a dois casos positivos. Um novo caso tamb\u00e9m foi confirmado na Bahia, que tamb\u00e9m chega a dois infectados\u00a0e houve a confirma\u00e7\u00e3o de um caso no Distrito Federal. Al\u00e9m dessas unidades da Federa\u00e7\u00e3o, foi confirmada\u00a0uma pessoa infectada no Esp\u00edrito Santo.<\/p>\n\n\n\n<p>No Distrito Federal, uma mulher teve resultado positivo para o v\u00edrus. O teste foi feito em uma unidade de sa\u00fade particular e foi feita uma contraprova para validar o resultado que deu positivo para o Covid-19 neste domingo.<\/p>\n\n\n\n<p>J\u00e1 os casos suspeitos ca\u00edram entre ontem e hoje, de 768 para 674. Mais 601 casos foram descartados pelas autoridades de sa\u00fade. S\u00e3o Paulo segue liderando tamb\u00e9m a quantidade de suspeitas, com 184. Em seguida v\u00eam Minas Gerais (123), Rio de Janeiro (111), Rio Grande do Sul (88) e Santa Catarina (44).<\/p>\n\n\n\n<p>Em cinco estados n\u00e3o foram registrados at\u00e9 agora casos suspeitos: Maranh\u00e3o, Amap\u00e1, Roraima, Acre e Tocantins.<\/p>\n\n\n\n<p>Ontem, o ministro da Sa\u00fade, Luiz Henrique Mandetta, anunciou que o governo passar\u00e1 a observar com cuidado pessoas de voos internacionais de toda a Am\u00e9rica do Norte, Europa e \u00c1sia, em vez de pa\u00edses espec\u00edficos.<\/p>\n\n\n\n<p>Al\u00e9m disso, o titular da pasta informou que\u00a0prepara medidas\u00a0como a regulamenta\u00e7\u00e3o do isolamento domiciliar, a aquisi\u00e7\u00e3o de mais m\u00e1scaras e a facilita\u00e7\u00e3o da habilita\u00e7\u00e3o de leitos como forma de viabilizar estrutura de atendimento.<\/p>\n\n\n\n<p class=\"has-text-color has-background has-very-light-gray-color has-very-dark-gray-background-color\">Quer saber as not\u00edcias do <strong>Aconteceu no Vale<\/strong> em primeira m\u00e3o? Siga-nos no Facebook <a rel=\"noreferrer noopener\" href=\"http:\/\/facebook.com\/aconteceunovale\" target=\"_blank\">@aconteceunovale<\/a>, Twitter <a rel=\"noreferrer noopener\" href=\"https:\/\/twitter.com\/noticiadosvales\" target=\"_blank\">@noticiadosvales<\/a> e Instagram <a rel=\"noreferrer noopener\" href=\"https:\/\/www.instagram.com\/aconteceunovale\" target=\"_blank\">@aconteceunovale<\/a>.<\/p>\n","protected":false},"excerpt":{"rendered":"<p>O n\u00famero de casos confirmados do novo coronav\u00edrus (Covid-19) chegou a 19, segundo atualiza\u00e7\u00e3o divulgada hoje (7\/3\/2020) pelo Minist\u00e9rio da Sa\u00fade. S\u00e3o seis pacientes infectados a mais em compara\u00e7\u00e3o com o balan\u00e7o apresentado ontem (6) pelo \u00f3rg\u00e3o. O maior crescimento foi em S\u00e3o Paulo. O estado, que tinha 10 casos confirmados, informou mais tr\u00eas na [&hellip;]<\/p>\n","protected":false},"author":1,"featured_media":159472,"comment_status":"open","ping_status":"closed","sticky":false,"template":"","format":"standard","meta":{"amp_status":"","footnotes":""},"categories":[6,40242],"tags":[217297,752,217285,24358,194,1017,217036,217370,215670,217369,215651,215649,217229,217493,217300,30594,216496,34856,217301,217299,214884,217035,214886,215396,215652,217228,217033,216497,216984,215716,215394,216498,217298,1018,216985,204275,23046,214882,217360,217302,185976,34858,217034,215650,215648,34259,210,217227,215654,215653,214885,217032,23476,215791,217289,217296,27380,217224,217368,215655,217226,217225,217223,214883,214887,185806],"class_list":["post-159471","post","type-post","status-publish","format-standard","has-post-thumbnail","hentry","category-br","category-saude-2","tag-alcool-gel-e-eficaz-na-prevencao-ao-coronavirus","tag-almg","tag-arquidioceses-e-dioceses-recomendam-evitar-contato-em-missas-para-prevenir-coronavirus","tag-assembleia-legislativa-de-minas-gerais","tag-belo-horizonte","tag-bh","tag-brasil-confirma-primeiro-caso-de-coronavirus","tag-brasil-confirma-segundo-caso-de-coronavirus","tag-brasil-tem-nove-casos-suspeitos-de-coronavirus","tag-caso-confirmado-de-coronavirus-no-brasil","tag-caso-de-coronavirus-em-belo-horizonte","tag-caso-de-coronavirus-em-bh","tag-caso-de-coronavirus-em-montes-claros","tag-casos-confirmados-do-novo-coronavirus-sobem-para-19-no-brasil","tag-cfq","tag-china","tag-china-tem-1-770-mortes-por-coronavirus","tag-codigo-de-defesa-do-consumidor","tag-combate-fake-news-coronavirus","tag-conselho-federal-de-quimica","tag-coronavirus","tag-coronavirus-balanca-economia-mundial","tag-coronavirus-china","tag-coronavirus-em-belo-horizonte","tag-coronavirus-em-bh","tag-coronavirus-em-montes-claros","tag-coronavirus-hospital-israelita-albert-einstein","tag-coronavirus-ja-matou-1-770-pessoas-na-china","tag-coronavirus-ja-matou-mais-de-2-600-pessoas-na-china","tag-coronavirus-ja-matou-mais-de-200-pessoas-na-china","tag-coronavirus-no-brasil","tag-covid-19","tag-desmentindo-fake-news-coronavirus","tag-destaque","tag-diamond-princess","tag-henrique-mandetta","tag-hospital-israelita-albert-einstein","tag-infectados-com-novo-virus-na-china","tag-ipatinga-monitora-dois-casos-suspeitos-de-coronavirus","tag-jose-de-ribamar-oliveira-filho","tag-luiz-henrique-mandetta","tag-marcelo-barbosa","tag-ministerio-da-saude-monitora-caso-suspeito-de-coronavirus","tag-ministerio-da-saude-monitora-caso-suspeito-de-coronavirus-em-belo-horizonte","tag-ministerio-da-saude-monitora-caso-suspeito-de-coronavirus-em-bh","tag-ministro-da-saude","tag-montes-claros","tag-montes-claros-monitora-caso-suspeito-do-novo-coronavirus","tag-ncov-2019","tag-novo-coronavirus","tag-novo-virus-na-china","tag-numero-de-mortes-causadas-pelo-coronavirus-chega-a-2-715-na-china","tag-oms","tag-organizacao-mundial-da-saude-confirma-11-953-casos-de-coronavirus","tag-organizacao-mundial-da-saude-eleva-grau-de-risco-de-disseminacao-do-coronavirus-para-muito-alto","tag-prevencao-ao-coronavirus","tag-procon-da-almg","tag-procon-da-almg-coronavirus","tag-segundo-caso-de-coronavirus-no-brasil","tag-sintomas-do-coronavirus","tag-viagem-cancelada-coronavirus","tag-viagem-cancelada-por-causa-do-coronavirus","tag-viagem-cancelada-por-causa-do-coronavirus-nao-pode-ter-multa","tag-virus-da-china","tag-virus-de-origem-chinesa-pode-ter-infectado-mais-de-mil-de-pessoas","tag-wuhan"],"_links":{"self":[{"href":"https:\/\/aconteceunovale.com.br\/portal\/index.php?rest_route=\/wp\/v2\/posts\/159471","targetHints":{"allow":["GET"]}}],"collection":[{"href":"https:\/\/aconteceunovale.com.br\/portal\/index.php?rest_route=\/wp\/v2\/posts"}],"about":[{"href":"https:\/\/aconteceunovale.com.br\/portal\/index.php?rest_route=\/wp\/v2\/types\/post"}],"author":[{"embeddable":true,"href":"https:\/\/aconteceunovale.com.br\/portal\/index.php?rest_route=\/wp\/v2\/users\/1"}],"replies":[{"embeddable":true,"href":"https:\/\/aconteceunovale.com.br\/portal\/index.php?rest_route=%2Fwp%2Fv2%2Fcomments&post=159471"}],"version-history":[{"count":1,"href":"https:\/\/aconteceunovale.com.br\/portal\/index.php?rest_route=\/wp\/v2\/posts\/159471\/revisions"}],"predecessor-version":[{"id":159473,"href":"https:\/\/aconteceunovale.com.br\/portal\/index.php?rest_route=\/wp\/v2\/posts\/159471\/revisions\/159473"}],"wp:featuredmedia":[{"embeddable":true,"href":"https:\/\/aconteceunovale.com.br\/portal\/index.php?rest_route=\/wp\/v2\/media\/159472"}],"wp:attachment":[{"href":"https:\/\/aconteceunovale.com.br\/portal\/index.php?rest_route=%2Fwp%2Fv2%2Fmedia&parent=159471"}],"wp:term":[{"taxonomy":"category","embeddable":true,"href":"https:\/\/aconteceunovale.com.br\/portal\/index.php?rest_route=%2Fwp%2Fv2%2Fcategories&post=159471"},{"taxonomy":"post_tag","embeddable":true,"href":"https:\/\/aconteceunovale.com.br\/portal\/index.php?rest_route=%2Fwp%2Fv2%2Ftags&post=159471"}],"curies":[{"name":"wp","href":"https:\/\/api.w.org\/{rel}","templated":true}]}}