{"id":159466,"date":"2020-03-07T20:23:17","date_gmt":"2020-03-07T23:23:17","guid":{"rendered":"http:\/\/aconteceunovale.com.br\/portal\/?p=159466"},"modified":"2020-03-07T22:40:24","modified_gmt":"2020-03-08T01:40:24","slug":"prazo-para-tirar-ou-regularizar-o-titulo-de-eleitor-vai-ate-o-dia-06-de-maio","status":"publish","type":"post","link":"https:\/\/aconteceunovale.com.br\/portal\/?p=159466","title":{"rendered":"Prazo para tirar ou regularizar o t\u00edtulo de eleitor vai at\u00e9 o dia 06 de maio"},"content":{"rendered":"\n<p>Terminou na sexta-feira (06\/03) o prazo para eleitores de 62 munic\u00edpios mineiros fazerem o recadastramento biom\u00e9trico. Os dados dos atendimentos dos \u00faltimos dias est\u00e3o sendo processados pelos TSE e, por isso, ainda n\u00e3o h\u00e1 um n\u00famero de quantos eleitores n\u00e3o compareceram \u00e0s revis\u00f5es eleitorais.<\/p>\n\n\n\n<p>Quem n\u00e3o cadastrou os dados biom\u00e9tricos dentro do prazo ter\u00e1 o t\u00edtulo cancelado e n\u00e3o poder\u00e1 votar em elei\u00e7\u00f5es oficiais at\u00e9 que regularize a situa\u00e7\u00e3o junto \u00e0 Justi\u00e7a Eleitoral. Para poder votar nas Elei\u00e7\u00f5es 2020, a regulariza\u00e7\u00e3o deve ser feita at\u00e9 o dia 06 de maio, quando fecha o cadastro eleitoral (151 dias antes do pleito). Esse tamb\u00e9m \u00e9 o prazo para o cidad\u00e3o procurar um cart\u00f3rio eleitoral para tirar o primeiro t\u00edtulo, atualizar endere\u00e7o ou dados pessoais e pedir transfer\u00eancia de domic\u00edlio eleitoral, inclusive para uma se\u00e7\u00e3o de f\u00e1cil acesso.<\/p>\n\n\n\n<p>A partir do dia 07 de maio at\u00e9 o final da elei\u00e7\u00e3o, o Cadastro Eleitoral ficar\u00e1 fechado. Durante esse per\u00edodo, nenhuma altera\u00e7\u00e3o poder\u00e1 ser efetuada no registro do eleitor. Esse prazo \u00e9 importante para que a Justi\u00e7a Eleitoral tenha um retrato fiel do eleitorado que participar\u00e1 do pleito.<strong><br><br>Consequ\u00eancias para quem tiver o t\u00edtulo cancelado<\/strong><\/p>\n\n\n\n<p>O t\u00edtulo de eleitor precisa estar regular para que o cidad\u00e3o com voto obrigat\u00f3rio esteja em dia com outros documentos, tais como o passaporte e o CPF. A regularidade do t\u00edtulo tamb\u00e9m \u00e9 exigida para a obten\u00e7\u00e3o de empr\u00e9stimos em qualquer estabelecimento de cr\u00e9dito mantido pelo governo; inscri\u00e7\u00e3o em concurso p\u00fablico, investidura e posse em cargo ou fun\u00e7\u00e3o p\u00fablica; renova\u00e7\u00e3o de matr\u00edcula em estabelecimento de ensino oficial ou fiscalizado pelo governo; e pr\u00e1tica de qualquer ato para o qual se exija quita\u00e7\u00e3o do servi\u00e7o militar ou Imposto de Renda, entre outros.<\/p>\n\n\n\n<p>A quita\u00e7\u00e3o eleitoral s\u00f3 pode ser exigida dos eleitores cujo voto \u00e9 obrigat\u00f3rio: aqueles que t\u00eam entre 18 e 69 anos. Para os eleitores que t\u00eam voto facultativo, a \u00fanica consequ\u00eancia do cancelamento do t\u00edtulo \u00e9 o impedimento de votar em elei\u00e7\u00f5es oficiais. Enquadram-se nesse grupo os jovens com 16 e 17 anos, eleitores a partir dos 70 anos e os analfabetos.<strong><br><br>Consulte a sua situa\u00e7\u00e3o<\/strong><\/p>\n\n\n\n<p>\u00c9 poss\u00edvel verificar a regularidade do t\u00edtulo no site do TRE-MG. Basta acessar o menu \u2018Eleitor e elei\u00e7\u00f5es\u2019, na parte superior da p\u00e1gina, e clicar a op\u00e7\u00e3o\u00a0<a href=\"http:\/\/www.tre-mg.jus.br\/eleitor\/situacao-eleitoral\/situacao-eleitoral\" target=\"_blank\" rel=\"noreferrer noopener\" aria-label=\" (abre numa nova aba)\">\u2018Situa\u00e7\u00e3o eleitoral\u2019<\/a>. A consulta pode ser feita pelo nome do cidad\u00e3o ou pelo n\u00famero do t\u00edtulo de eleitor. \u00c9 necess\u00e1rio informar tamb\u00e9m a data de nascimento.<\/p>\n\n\n\n<p>Em 2019, a Justi\u00e7a Eleitoral cancelou mais de 2,4 milh\u00f5es de t\u00edtulos de eleitores em situa\u00e7\u00e3o irregular em todo o Brasil. Al\u00e9m da aus\u00eancia \u00e0 revis\u00e3o biom\u00e9trica, o t\u00edtulo pode ser cancelado tamb\u00e9m quando o eleitor deixa de votar e de justificar a aus\u00eancia \u00e0s urnas por tr\u00eas elei\u00e7\u00f5es consecutivas. \u00c9 importante lembrar que cada turno de um pleito \u00e9 considerado uma elei\u00e7\u00e3o diferente. <\/p>\n\n\n\n<p class=\"has-text-color has-background has-very-light-gray-color has-very-dark-gray-background-color\">Quer saber as not\u00edcias do <strong>Aconteceu no Vale<\/strong> em primeira m\u00e3o? Siga-nos no Facebook <a rel=\"noreferrer noopener\" href=\"http:\/\/facebook.com\/aconteceunovale\" target=\"_blank\">@aconteceunovale<\/a>, Twitter <a rel=\"noreferrer noopener\" href=\"https:\/\/twitter.com\/noticiadosvales\" target=\"_blank\">@noticiadosvales<\/a> e Instagram <a rel=\"noreferrer noopener\" href=\"https:\/\/www.instagram.com\/aconteceunovale\" target=\"_blank\">@aconteceunovale<\/a>.<\/p>\n","protected":false},"excerpt":{"rendered":"<p>Terminou na sexta-feira (06\/03) o prazo para eleitores de 62 munic\u00edpios mineiros fazerem o recadastramento biom\u00e9trico. Os dados dos atendimentos dos \u00faltimos dias est\u00e3o sendo processados pelos TSE e, por isso, ainda n\u00e3o h\u00e1 um n\u00famero de quantos eleitores n\u00e3o compareceram \u00e0s revis\u00f5es eleitorais. Quem n\u00e3o cadastrou os dados biom\u00e9tricos dentro do prazo ter\u00e1 o [&hellip;]<\/p>\n","protected":false},"author":1,"featured_media":131634,"comment_status":"open","ping_status":"closed","sticky":false,"template":"","format":"standard","meta":{"amp_status":"","footnotes":""},"categories":[6,215642,123,40240],"tags":[146166,1018,205329,205330,215207,215208,247,1494,215205,206,17165,210,1496,215742,215206,217484,51800,3674,1779,1498,1532,217474,1778],"class_list":["post-159466","post","type-post","status-publish","format-standard","has-post-thumbnail","hentry","category-br","category-eleicoes-2020","category-gerais","category-politica-2","tag-biometria-em-minas-gerais","tag-destaque","tag-eleicoes-2020","tag-eleicoes-municipais-de-2020","tag-falta-um-mes-para-o-fim-da-revisao-biometrica-em-governador-valadares","tag-falta-um-mes-para-o-fim-da-revisao-biometrica-em-montes-claros","tag-governador-valadares","tag-ibirite","tag-informacoes-sobre-recadastramento-biometrico","tag-juiz-de-fora","tag-justica-eleitoral","tag-montes-claros","tag-nova-lima","tag-prazo-da-revisao-biometrica-e-prorrogado-para-06-de-marco","tag-prazo-para-recadastramento-biometrico","tag-prazo-para-tirar-ou-regularizar-o-titulo-de-eleitor-vai-ate-o-dia-06-de-maio","tag-recadastramento-biometrico","tag-ribeirao-das-neves","tag-sabara","tag-santa-luzia","tag-sete-lagoas","tag-tre-esclarece-sobre-o-fim-do-prazo-da-revisao-biometrica","tag-vespasiano"],"_links":{"self":[{"href":"https:\/\/aconteceunovale.com.br\/portal\/index.php?rest_route=\/wp\/v2\/posts\/159466","targetHints":{"allow":["GET"]}}],"collection":[{"href":"https:\/\/aconteceunovale.com.br\/portal\/index.php?rest_route=\/wp\/v2\/posts"}],"about":[{"href":"https:\/\/aconteceunovale.com.br\/portal\/index.php?rest_route=\/wp\/v2\/types\/post"}],"author":[{"embeddable":true,"href":"https:\/\/aconteceunovale.com.br\/portal\/index.php?rest_route=\/wp\/v2\/users\/1"}],"replies":[{"embeddable":true,"href":"https:\/\/aconteceunovale.com.br\/portal\/index.php?rest_route=%2Fwp%2Fv2%2Fcomments&post=159466"}],"version-history":[{"count":1,"href":"https:\/\/aconteceunovale.com.br\/portal\/index.php?rest_route=\/wp\/v2\/posts\/159466\/revisions"}],"predecessor-version":[{"id":159467,"href":"https:\/\/aconteceunovale.com.br\/portal\/index.php?rest_route=\/wp\/v2\/posts\/159466\/revisions\/159467"}],"wp:featuredmedia":[{"embeddable":true,"href":"https:\/\/aconteceunovale.com.br\/portal\/index.php?rest_route=\/wp\/v2\/media\/131634"}],"wp:attachment":[{"href":"https:\/\/aconteceunovale.com.br\/portal\/index.php?rest_route=%2Fwp%2Fv2%2Fmedia&parent=159466"}],"wp:term":[{"taxonomy":"category","embeddable":true,"href":"https:\/\/aconteceunovale.com.br\/portal\/index.php?rest_route=%2Fwp%2Fv2%2Fcategories&post=159466"},{"taxonomy":"post_tag","embeddable":true,"href":"https:\/\/aconteceunovale.com.br\/portal\/index.php?rest_route=%2Fwp%2Fv2%2Ftags&post=159466"}],"curies":[{"name":"wp","href":"https:\/\/api.w.org\/{rel}","templated":true}]}}